{"id":17740,"date":"2023-05-22T08:10:29","date_gmt":"2023-05-22T06:10:29","guid":{"rendered":"https:\/\/serveiseducatius.xtec.cat\/riberadebre\/?p=17740"},"modified":"2023-06-12T10:38:12","modified_gmt":"2023-06-12T08:38:12","slug":"conferencia-acompanyar-a-qui-ocupa-el-rol-dagressor-en-situacions-de-bullying-estrategies-per-a-la-transicio-emocional","status":"publish","type":"post","link":"https:\/\/serveiseducatius.xtec.cat\/riberadebre\/general\/conferencia-acompanyar-a-qui-ocupa-el-rol-dagressor-en-situacions-de-bullying-estrategies-per-a-la-transicio-emocional\/","title":{"rendered":"CONFER\u00c8NCIA. &#8220;Acompanyar a qui ocupa el rol d&#8217;agressor\/a en situacions de bullying. Estrat\u00e8gies per a la transici\u00f3 emocional&#8221;"},"content":{"rendered":"<p><span class=\"css-901oao css-16my406 r-poiln3 r-bcqeeo r-qvutc0\">24 de maig, 17h. Confer\u00e8ncia en l\u00ednia en la que s&#8217;ofereixen estrat\u00e8gies emocionals per acompanyar infants i adolescents que assetgen companys\/es d&#8217;escola, a c\u00e0rrec de Ramiro A. Orteg\u00f3n de l&#8217;Equip <a href=\"https:\/\/salutieducacioemocional.com\/\" target=\"_blank\" rel=\"noopener\">SEER i <\/a>de <a href=\"https:\/\/pdabullying.com\/\" target=\"_blank\" rel=\"noopener\">PDA Bullying<\/a>. Organitzada per <a href=\"https:\/\/dixit.gencat.cat\/ca\/inici\/\" target=\"_blank\" rel=\"noopener\">DIXIT<\/a>, centre de documentaci\u00f3 de serveis socials de la Generalitat de Catalunya.\u00a0<\/span><\/p>\n<p>Teniu tota la informaci\u00f3 i l&#8217;acc\u00e9s a la inscripci\u00f3&#8230;<a href=\"https:\/\/dixit.gencat.cat\/ca\/detalls\/Noticies\/conf_acopanyar_rol_agressor_transicio_emocional.html\" target=\"_blank\" rel=\"noopener\">clicant aqu\u00ed<\/a><\/p>\n<div class=\"css-1dbjc4n r-xoduu5\"><em>&#8220;En aquesta segona sessi\u00f3, que ser\u00e0 virtual i dur\u00e0 per t\u00edtol <strong>&#8220;Acompanyar a qui ocupa el rol d\u2019agressor\/a en situacions de bullying. Estrat\u00e8gies per a la transici\u00f3 emocional&#8221;<\/strong>, es proporcionaran eines espec\u00edfiques del model d\u2019Acompanyament al Desenvolupament Socioemocional (ADS) per acompanyar a transitar el moment de complexitat emocional que provoca que l&#8217;implicat utilitzi la viol\u00e8ncia com a forma de relaci\u00f3.&#8221;<\/em><\/div>\n<div><\/div>\n<p>Podeu accedir a la 1a confer\u00e8ncia i als recursos facilitats <strong><em>&#8220;Acompanyar a qui ocupa el rol d&#8217;agressor\/a en situacions de bullying. Eines per l&#8217;acompanyament a les fam\u00edlies&#8221;<\/em><\/strong> &#8230;<a href=\"https:\/\/dixit.gencat.cat\/ca\/detalls\/Article\/20230417_conf_acompanyar_agressor_bullying.html\" target=\"_blank\" rel=\"noopener\">clicant aqu\u00ed.<\/a><\/p>\n<p><a href=\"https:\/\/serveiseducatius.xtec.cat\/riberadebre\/wp-content\/uploads\/usu1126\/2023\/05\/Fwa3FTYaAAAHino.jpg\"><img loading=\"lazy\" decoding=\"async\" class=\"alignnone wp-image-17741\" src=\"https:\/\/serveiseducatius.xtec.cat\/riberadebre\/wp-content\/uploads\/usu1126\/2023\/05\/Fwa3FTYaAAAHino.jpg\" alt=\"\" width=\"399\" height=\"209\" srcset=\"https:\/\/serveiseducatius.xtec.cat\/riberadebre\/wp-content\/uploads\/usu1126\/2023\/05\/Fwa3FTYaAAAHino.jpg 680w, https:\/\/serveiseducatius.xtec.cat\/riberadebre\/wp-content\/uploads\/usu1126\/2023\/05\/Fwa3FTYaAAAHino-300x157.jpg 300w\" sizes=\"auto, (max-width: 399px) 100vw, 399px\" \/><\/a><\/p>\n<p>&nbsp;<\/p>\n","protected":false},"excerpt":{"rendered":"<p>24 de maig, 17h. Confer\u00e8ncia en l\u00ednia en la que s&#8217;ofereixen estrat\u00e8gies emocionals per acompanyar infants i adolescents que assetgen companys\/es d&#8217;escola, a c\u00e0rrec de Ramiro A. Orteg\u00f3n de l&#8217;Equip SEER i de PDA Bullying. Organitzada per DIXIT, centre de documentaci\u00f3 de serveis socials de la Generalitat de Catalunya.\u00a0 Teniu tota la informaci\u00f3 i l&#8217;acc\u00e9s [&hellip;]<\/p>\n","protected":false},"author":9,"featured_media":17741,"comment_status":"open","ping_status":"closed","sticky":false,"template":"","format":"standard","meta":{"_bbp_topic_count":0,"_bbp_reply_count":0,"_bbp_total_topic_count":0,"_bbp_total_reply_count":0,"_bbp_voice_count":0,"_bbp_anonymous_reply_count":0,"_bbp_topic_count_hidden":0,"_bbp_reply_count_hidden":0,"_bbp_forum_subforum_count":0,"site-sidebar-layout":"default","site-content-layout":"","ast-site-content-layout":"","site-content-style":"default","site-sidebar-style":"default","ast-global-header-display":"","ast-banner-title-visibility":"","ast-main-header-display":"","ast-hfb-above-header-display":"","ast-hfb-below-header-display":"","ast-hfb-mobile-header-display":"","site-post-title":"","ast-breadcrumbs-content":"","ast-featured-img":"","footer-sml-layout":"","theme-transparent-header-meta":"","adv-header-id-meta":"","stick-header-meta":"","header-above-stick-meta":"","header-main-stick-meta":"","header-below-stick-meta":"","astra-migrate-meta-layouts":"default","ast-page-background-enabled":"default","ast-page-background-meta":{"desktop":{"background-color":"var(--ast-global-color-4)","background-image":"","background-repeat":"repeat","background-position":"center center","background-size":"auto","background-attachment":"scroll","background-type":"","background-media":"","overlay-type":"","overlay-color":"","overlay-opacity":"","overlay-gradient":""},"tablet":{"background-color":"","background-image":"","background-repeat":"repeat","background-position":"center center","background-size":"auto","background-attachment":"scroll","background-type":"","background-media":"","overlay-type":"","overlay-color":"","overlay-opacity":"","overlay-gradient":""},"mobile":{"background-color":"","background-image":"","background-repeat":"repeat","background-position":"center center","background-size":"auto","background-attachment":"scroll","background-type":"","background-media":"","overlay-type":"","overlay-color":"","overlay-opacity":"","overlay-gradient":""}},"ast-content-background-meta":{"desktop":{"background-color":"var(--ast-global-color-5)","background-image":"","background-repeat":"repeat","background-position":"center center","background-size":"auto","background-attachment":"scroll","background-type":"","background-media":"","overlay-type":"","overlay-color":"","overlay-opacity":"","overlay-gradient":""},"tablet":{"background-color":"var(--ast-global-color-5)","background-image":"","background-repeat":"repeat","background-position":"center center","background-size":"auto","background-attachment":"scroll","background-type":"","background-media":"","overlay-type":"","overlay-color":"","overlay-opacity":"","overlay-gradient":""},"mobile":{"background-color":"var(--ast-global-color-5)","background-image":"","background-repeat":"repeat","background-position":"center center","background-size":"auto","background-attachment":"scroll","background-type":"","background-media":"","overlay-type":"","overlay-color":"","overlay-opacity":"","overlay-gradient":""}},"footnotes":""},"categories":[1182,651,1429,317,892,65,667,1183,308,296,1,310,1480,235,29,1168,76,621],"tags":[426,316,1493,1388,425],"class_list":["post-17740","post","type-post","status-publish","format-standard","has-post-thumbnail","hentry","category-facilitembenestar","category-acompanyament","category-benestar-emocional","category-bullying","category-convivencia","category-crp","category-educacio-emocional","category-emocions","category-escoles","category-full-novetats-crp","category-general","category-institut","category-novetats-juny-2023","category-formacio_ins","category-portada","category-prevencio-violencies","category-recursos","category-recursos-en-linia-families","tag-assetjament-escolar","tag-bullying","tag-conferencia","tag-curs-22-23","tag-prevencio-assetjament"],"post_mailing_queue_ids":[],"_links":{"self":[{"href":"https:\/\/serveiseducatius.xtec.cat\/riberadebre\/wp-json\/wp\/v2\/posts\/17740","targetHints":{"allow":["GET"]}}],"collection":[{"href":"https:\/\/serveiseducatius.xtec.cat\/riberadebre\/wp-json\/wp\/v2\/posts"}],"about":[{"href":"https:\/\/serveiseducatius.xtec.cat\/riberadebre\/wp-json\/wp\/v2\/types\/post"}],"author":[{"embeddable":true,"href":"https:\/\/serveiseducatius.xtec.cat\/riberadebre\/wp-json\/wp\/v2\/users\/9"}],"replies":[{"embeddable":true,"href":"https:\/\/serveiseducatius.xtec.cat\/riberadebre\/wp-json\/wp\/v2\/comments?post=17740"}],"version-history":[{"count":3,"href":"https:\/\/serveiseducatius.xtec.cat\/riberadebre\/wp-json\/wp\/v2\/posts\/17740\/revisions"}],"predecessor-version":[{"id":17995,"href":"https:\/\/serveiseducatius.xtec.cat\/riberadebre\/wp-json\/wp\/v2\/posts\/17740\/revisions\/17995"}],"wp:featuredmedia":[{"embeddable":true,"href":"https:\/\/serveiseducatius.xtec.cat\/riberadebre\/wp-json\/wp\/v2\/media\/17741"}],"wp:attachment":[{"href":"https:\/\/serveiseducatius.xtec.cat\/riberadebre\/wp-json\/wp\/v2\/media?parent=17740"}],"wp:term":[{"taxonomy":"category","embeddable":true,"href":"https:\/\/serveiseducatius.xtec.cat\/riberadebre\/wp-json\/wp\/v2\/categories?post=17740"},{"taxonomy":"post_tag","embeddable":true,"href":"https:\/\/serveiseducatius.xtec.cat\/riberadebre\/wp-json\/wp\/v2\/tags?post=17740"}],"curies":[{"name":"wp","href":"https:\/\/api.w.org\/{rel}","templated":true}]}}