{"id":17679,"date":"2023-05-11T08:25:44","date_gmt":"2023-05-11T06:25:44","guid":{"rendered":"https:\/\/serveiseducatius.xtec.cat\/riberadebre\/?p=17679"},"modified":"2023-05-10T14:25:44","modified_gmt":"2023-05-10T12:25:44","slug":"web-digital-informacio-segons-perfils-novetat","status":"publish","type":"post","link":"https:\/\/serveiseducatius.xtec.cat\/riberadebre\/general\/web-digital-informacio-segons-perfils-novetat\/","title":{"rendered":"WEB DIGITAL. Informaci\u00f3 segons perfils. Novetat!"},"content":{"rendered":"<p>Novetat a la web <a href=\"https:\/\/projectes.xtec.cat\/digital\/\" target=\"_blank\" rel=\"noopener\"><strong>Nodes<\/strong> <strong>Digital<\/strong><\/a>, espai de refer\u00e8ncia que concentra tota la informaci\u00f3 relacionada amb la digitalitzaci\u00f3 dels centres educatius impulsada pel Departament d\u2019Educaci\u00f3 de Catalunya.<\/p>\n<p>Podeu accedir a la informaci\u00f3 segons quin sigui el vostre perfil docent (<em>cliqueu els enlla\u00e7os<\/em>):<\/p>\n<ul>\n<li><a href=\"https:\/\/projectes.xtec.cat\/digital\/perfils\/comissio-digital\/\" target=\"_blank\" rel=\"noopener\"><strong>Comissi\u00f3 Digital<\/strong><\/a><\/li>\n<li><strong><a href=\"https:\/\/projectes.xtec.cat\/digital\/perfils\/coordinacio-digital\/\" target=\"_blank\" rel=\"noopener\">Coordinaci\u00f3 Digital<\/a>\u00a0<\/strong><\/li>\n<li><strong><a href=\"https:\/\/projectes.xtec.cat\/digital\/perfils\/equip-directiu\/\" target=\"_blank\" rel=\"noopener\">Equip Directiu<\/a>\u00a0<\/strong><\/li>\n<li><strong><a href=\"https:\/\/projectes.xtec.cat\/digital\/perfils\/docents\/\" target=\"_blank\" rel=\"noopener\">Docents<\/a>\u00a0<\/strong><\/li>\n<\/ul>\n<p><a href=\"https:\/\/serveiseducatius.xtec.cat\/riberadebre\/wp-content\/uploads\/usu1126\/2022\/09\/XTCD.jpg\"><img loading=\"lazy\" decoding=\"async\" class=\"alignnone size-full wp-image-16344\" src=\"https:\/\/serveiseducatius.xtec.cat\/riberadebre\/wp-content\/uploads\/usu1126\/2022\/09\/XTCD.jpg\" alt=\"\" width=\"395\" height=\"127\" srcset=\"https:\/\/serveiseducatius.xtec.cat\/riberadebre\/wp-content\/uploads\/usu1126\/2022\/09\/XTCD.jpg 395w, https:\/\/serveiseducatius.xtec.cat\/riberadebre\/wp-content\/uploads\/usu1126\/2022\/09\/XTCD-300x96.jpg 300w\" sizes=\"auto, (max-width: 395px) 100vw, 395px\" \/><\/a><\/p>\n","protected":false},"excerpt":{"rendered":"<p>Novetat a la web Nodes Digital, espai de refer\u00e8ncia que concentra tota la informaci\u00f3 relacionada amb la digitalitzaci\u00f3 dels centres educatius impulsada pel Departament d\u2019Educaci\u00f3 de Catalunya. Podeu accedir a la informaci\u00f3 segons quin sigui el vostre perfil docent (cliqueu els enlla\u00e7os): Comissi\u00f3 Digital Coordinaci\u00f3 Digital\u00a0 Equip Directiu\u00a0 Docents\u00a0<\/p>\n","protected":false},"author":9,"featured_media":16344,"comment_status":"open","ping_status":"closed","sticky":false,"template":"","format":"standard","meta":{"_bbp_topic_count":0,"_bbp_reply_count":0,"_bbp_total_topic_count":0,"_bbp_total_reply_count":0,"_bbp_voice_count":0,"_bbp_anonymous_reply_count":0,"_bbp_topic_count_hidden":0,"_bbp_reply_count_hidden":0,"_bbp_forum_subforum_count":0,"site-sidebar-layout":"default","site-content-layout":"","ast-site-content-layout":"","site-content-style":"default","site-sidebar-style":"default","ast-global-header-display":"","ast-banner-title-visibility":"","ast-main-header-display":"","ast-hfb-above-header-display":"","ast-hfb-below-header-display":"","ast-hfb-mobile-header-display":"","site-post-title":"","ast-breadcrumbs-content":"","ast-featured-img":"","footer-sml-layout":"","theme-transparent-header-meta":"","adv-header-id-meta":"","stick-header-meta":"","header-above-stick-meta":"","header-main-stick-meta":"","header-below-stick-meta":"","astra-migrate-meta-layouts":"default","ast-page-background-enabled":"default","ast-page-background-meta":{"desktop":{"background-color":"var(--ast-global-color-4)","background-image":"","background-repeat":"repeat","background-position":"center center","background-size":"auto","background-attachment":"scroll","background-type":"","background-media":"","overlay-type":"","overlay-color":"","overlay-opacity":"","overlay-gradient":""},"tablet":{"background-color":"","background-image":"","background-repeat":"repeat","background-position":"center center","background-size":"auto","background-attachment":"scroll","background-type":"","background-media":"","overlay-type":"","overlay-color":"","overlay-opacity":"","overlay-gradient":""},"mobile":{"background-color":"","background-image":"","background-repeat":"repeat","background-position":"center center","background-size":"auto","background-attachment":"scroll","background-type":"","background-media":"","overlay-type":"","overlay-color":"","overlay-opacity":"","overlay-gradient":""}},"ast-content-background-meta":{"desktop":{"background-color":"var(--ast-global-color-5)","background-image":"","background-repeat":"repeat","background-position":"center center","background-size":"auto","background-attachment":"scroll","background-type":"","background-media":"","overlay-type":"","overlay-color":"","overlay-opacity":"","overlay-gradient":""},"tablet":{"background-color":"var(--ast-global-color-5)","background-image":"","background-repeat":"repeat","background-position":"center center","background-size":"auto","background-attachment":"scroll","background-type":"","background-media":"","overlay-type":"","overlay-color":"","overlay-opacity":"","overlay-gradient":""},"mobile":{"background-color":"var(--ast-global-color-5)","background-image":"","background-repeat":"repeat","background-position":"center center","background-size":"auto","background-attachment":"scroll","background-type":"","background-media":"","overlay-type":"","overlay-color":"","overlay-opacity":"","overlay-gradient":""}},"footnotes":""},"categories":[624,1030,1033,65,308,986,296,1,310,1480,29,76],"tags":[1388,1481],"class_list":["post-17679","post","type-post","status-publish","format-standard","has-post-thumbnail","hentry","category-app","category-competencia-digital-docent","category-coordinacio-digital-centre","category-crp","category-escoles","category-edc","category-full-novetats-crp","category-general","category-institut","category-novetats-juny-2023","category-portada","category-recursos","tag-curs-22-23","tag-web-digital"],"post_mailing_queue_ids":[],"_links":{"self":[{"href":"https:\/\/serveiseducatius.xtec.cat\/riberadebre\/wp-json\/wp\/v2\/posts\/17679","targetHints":{"allow":["GET"]}}],"collection":[{"href":"https:\/\/serveiseducatius.xtec.cat\/riberadebre\/wp-json\/wp\/v2\/posts"}],"about":[{"href":"https:\/\/serveiseducatius.xtec.cat\/riberadebre\/wp-json\/wp\/v2\/types\/post"}],"author":[{"embeddable":true,"href":"https:\/\/serveiseducatius.xtec.cat\/riberadebre\/wp-json\/wp\/v2\/users\/9"}],"replies":[{"embeddable":true,"href":"https:\/\/serveiseducatius.xtec.cat\/riberadebre\/wp-json\/wp\/v2\/comments?post=17679"}],"version-history":[{"count":2,"href":"https:\/\/serveiseducatius.xtec.cat\/riberadebre\/wp-json\/wp\/v2\/posts\/17679\/revisions"}],"predecessor-version":[{"id":17681,"href":"https:\/\/serveiseducatius.xtec.cat\/riberadebre\/wp-json\/wp\/v2\/posts\/17679\/revisions\/17681"}],"wp:featuredmedia":[{"embeddable":true,"href":"https:\/\/serveiseducatius.xtec.cat\/riberadebre\/wp-json\/wp\/v2\/media\/16344"}],"wp:attachment":[{"href":"https:\/\/serveiseducatius.xtec.cat\/riberadebre\/wp-json\/wp\/v2\/media?parent=17679"}],"wp:term":[{"taxonomy":"category","embeddable":true,"href":"https:\/\/serveiseducatius.xtec.cat\/riberadebre\/wp-json\/wp\/v2\/categories?post=17679"},{"taxonomy":"post_tag","embeddable":true,"href":"https:\/\/serveiseducatius.xtec.cat\/riberadebre\/wp-json\/wp\/v2\/tags?post=17679"}],"curies":[{"name":"wp","href":"https:\/\/api.w.org\/{rel}","templated":true}]}}