{"id":17664,"date":"2023-04-28T08:55:23","date_gmt":"2023-04-28T06:55:23","guid":{"rendered":"https:\/\/serveiseducatius.xtec.cat\/riberadebre\/?p=17664"},"modified":"2023-05-04T13:28:04","modified_gmt":"2023-05-04T11:28:04","slug":"cicle-xerrades-servei-comunitari-2023","status":"publish","type":"post","link":"https:\/\/serveiseducatius.xtec.cat\/riberadebre\/portada\/cicle-xerrades-servei-comunitari-2023\/","title":{"rendered":"CICLE XERRADES SERVEI COMUNITARI 2023"},"content":{"rendered":"<p>Direcci\u00f3 General d\u2019Atenci\u00f3 a la Fam\u00edlia i Comunitat Educativa ha obert un cicle de 4 p\u00edndoles formatives en format de confer\u00e8ncies en l\u00ednia dins l\u2019\u00e0mbit del <a href=\"https:\/\/projectes.xtec.cat\/pee\/\" target=\"_blank\" rel=\"noopener\"><strong>Servei Comunitari<\/strong><\/a>.<br \/>\nLes confer\u00e8ncies seran\u00a0els\u00a0<strong>dimarts 2, 16, 23, 30 del mes de maig a les\u00a015 h.<\/strong><\/p>\n<ul>\n<li>2 de maig. <em><strong>Presentaci\u00f3 de la r\u00fabrica per l&#8217;autoavaluaci\u00f3 i la millora dels projectes ApS en el nou curriculum.<\/strong><\/em> Xus Mart\u00edn, Anna Maria Escofet i Margarita Vi\u00f1olas.<\/li>\n<li>16 de maig. <em><strong>L&#8217;element singular: el servei a la comunitat.<\/strong><\/em> Roser Batlle.<\/li>\n<li>23 maig. <em><strong>Qu\u00e8 en saps de l&#8217;alcohol? Una proposta de servei comunitari transferible sobre prevenci\u00f3 del consum d&#8217;alcohol.<\/strong><\/em> Joan Colom i Eul\u00e0lia Sot.<\/li>\n<li>30 maig. <em><strong>El SC ambiental: la millora de l&#8217;entorn proper com a servei a la comunitat.<\/strong><\/em> Anna Guti\u00e9rrez, Societat Catalana d&#8217;Herpetologia i INS Baix Empord\u00e0.<\/li>\n<\/ul>\n<p>Per certificar cal inscriure\u2019s en aquest <a href=\"https:\/\/aplicacions.gestioeducativa.gencat.cat\/pls\/soloas\/pk_for_mod_ins.p_for_detall_activitat?p_codi=9000230541&amp;p_curs=2022-2023&amp;p_es_inscr=S\" target=\"_blank\" rel=\"noopener\" data-saferedirecturl=\"https:\/\/www.google.com\/url?q=https:\/\/aplicacions.gestioeducativa.gencat.cat\/pls\/soloas\/pk_for_mod_ins.p_for_detall_activitat?p_codi%3D9000230541%26p_curs%3D2022-2023%26p_es_inscr%3DS&amp;source=gmail&amp;ust=1682766884074000&amp;usg=AOvVaw1XaEgE8Dym4RmO5nmBtMAY\"><b>enlla\u00e7 <\/b><\/a><b>i haver assistit a totes les sessions. <\/b><a href=\"https:\/\/aplicacions.gestioeducativa.gencat.cat\/pls\/soloas\/pk_for_mod_ins.p_for_detall_activitat?p_codi=9000230541&amp;p_curs=2022-2023&amp;p_es_inscr=S\" target=\"_blank\" rel=\"noopener\" data-saferedirecturl=\"https:\/\/www.google.com\/url?q=https:\/\/aplicacions.gestioeducativa.gencat.cat\/pls\/soloas\/pk_for_mod_ins.p_for_detall_activitat?p_codi%3D9000230541%26p_curs%3D2022-2023%26p_es_inscr%3DS&amp;source=gmail&amp;ust=1682766884074000&amp;usg=AOvVaw1XaEgE8Dym4RmO5nmBtMAY\"><b>Per assistir no \u00e9s requisit imprescindible inscriure&#8217;s.\u00a0<\/b><\/a><\/p>\n<p>Les sessions es realitzen a trav\u00e9s de Zoom (<a href=\"https:\/\/gencat.zoom.us\/j\/96031075001#success\" target=\"_blank\" rel=\"noopener\">cliqueu aquest enlla\u00e7<\/a>). \u00c9s el mateix enlla\u00e7 per totes les sessions.<\/p>\n<p><a href=\"https:\/\/serveiseducatius.xtec.cat\/riberadebre\/wp-content\/uploads\/usu1126\/2023\/05\/Formacio-Servei-Comunitari_2023-10-1-1_page-0001.jpg\"><img loading=\"lazy\" decoding=\"async\" class=\"alignnone wp-image-17665\" src=\"https:\/\/serveiseducatius.xtec.cat\/riberadebre\/wp-content\/uploads\/usu1126\/2023\/05\/Formacio-Servei-Comunitari_2023-10-1-1_page-0001-683x1024.jpg\" alt=\"\" width=\"384\" height=\"576\" srcset=\"https:\/\/serveiseducatius.xtec.cat\/riberadebre\/wp-content\/uploads\/usu1126\/2023\/05\/Formacio-Servei-Comunitari_2023-10-1-1_page-0001-683x1024.jpg 683w, https:\/\/serveiseducatius.xtec.cat\/riberadebre\/wp-content\/uploads\/usu1126\/2023\/05\/Formacio-Servei-Comunitari_2023-10-1-1_page-0001-200x300.jpg 200w, https:\/\/serveiseducatius.xtec.cat\/riberadebre\/wp-content\/uploads\/usu1126\/2023\/05\/Formacio-Servei-Comunitari_2023-10-1-1_page-0001-768x1152.jpg 768w, https:\/\/serveiseducatius.xtec.cat\/riberadebre\/wp-content\/uploads\/usu1126\/2023\/05\/Formacio-Servei-Comunitari_2023-10-1-1_page-0001-1024x1536.jpg 1024w, https:\/\/serveiseducatius.xtec.cat\/riberadebre\/wp-content\/uploads\/usu1126\/2023\/05\/Formacio-Servei-Comunitari_2023-10-1-1_page-0001.jpg 1063w\" sizes=\"auto, (max-width: 384px) 100vw, 384px\" \/><\/a><\/p>\n","protected":false},"excerpt":{"rendered":"<p>Direcci\u00f3 General d\u2019Atenci\u00f3 a la Fam\u00edlia i Comunitat Educativa ha obert un cicle de 4 p\u00edndoles formatives en format de confer\u00e8ncies en l\u00ednia dins l\u2019\u00e0mbit del Servei Comunitari. Les confer\u00e8ncies seran\u00a0els\u00a0dimarts 2, 16, 23, 30 del mes de maig a les\u00a015 h. 2 de maig. Presentaci\u00f3 de la r\u00fabrica per l&#8217;autoavaluaci\u00f3 i la millora dels [&hellip;]<\/p>\n","protected":false},"author":9,"featured_media":17665,"comment_status":"open","ping_status":"closed","sticky":false,"template":"","format":"standard","meta":{"_bbp_topic_count":0,"_bbp_reply_count":0,"_bbp_total_topic_count":0,"_bbp_total_reply_count":0,"_bbp_voice_count":0,"_bbp_anonymous_reply_count":0,"_bbp_topic_count_hidden":0,"_bbp_reply_count_hidden":0,"_bbp_forum_subforum_count":0,"site-sidebar-layout":"default","site-content-layout":"","ast-site-content-layout":"","site-content-style":"default","site-sidebar-style":"default","ast-global-header-display":"","ast-banner-title-visibility":"","ast-main-header-display":"","ast-hfb-above-header-display":"","ast-hfb-below-header-display":"","ast-hfb-mobile-header-display":"","site-post-title":"","ast-breadcrumbs-content":"","ast-featured-img":"","footer-sml-layout":"","theme-transparent-header-meta":"","adv-header-id-meta":"","stick-header-meta":"","header-above-stick-meta":"","header-main-stick-meta":"","header-below-stick-meta":"","astra-migrate-meta-layouts":"default","ast-page-background-enabled":"default","ast-page-background-meta":{"desktop":{"background-color":"var(--ast-global-color-4)","background-image":"","background-repeat":"repeat","background-position":"center center","background-size":"auto","background-attachment":"scroll","background-type":"","background-media":"","overlay-type":"","overlay-color":"","overlay-opacity":"","overlay-gradient":""},"tablet":{"background-color":"","background-image":"","background-repeat":"repeat","background-position":"center center","background-size":"auto","background-attachment":"scroll","background-type":"","background-media":"","overlay-type":"","overlay-color":"","overlay-opacity":"","overlay-gradient":""},"mobile":{"background-color":"","background-image":"","background-repeat":"repeat","background-position":"center center","background-size":"auto","background-attachment":"scroll","background-type":"","background-media":"","overlay-type":"","overlay-color":"","overlay-opacity":"","overlay-gradient":""}},"ast-content-background-meta":{"desktop":{"background-color":"var(--ast-global-color-5)","background-image":"","background-repeat":"repeat","background-position":"center center","background-size":"auto","background-attachment":"scroll","background-type":"","background-media":"","overlay-type":"","overlay-color":"","overlay-opacity":"","overlay-gradient":""},"tablet":{"background-color":"var(--ast-global-color-5)","background-image":"","background-repeat":"repeat","background-position":"center center","background-size":"auto","background-attachment":"scroll","background-type":"","background-media":"","overlay-type":"","overlay-color":"","overlay-opacity":"","overlay-gradient":""},"mobile":{"background-color":"var(--ast-global-color-5)","background-image":"","background-repeat":"repeat","background-position":"center center","background-size":"auto","background-attachment":"scroll","background-type":"","background-media":"","overlay-type":"","overlay-color":"","overlay-opacity":"","overlay-gradient":""}},"footnotes":""},"categories":[232,154,504,156,29,76,77],"tags":[1388,111,1395],"class_list":["post-17664","post","type-post","status-publish","format-standard","has-post-thumbnail","hentry","category-asc","category-formacio","category-jornades","category-materials-de-formacio","category-portada","category-recursos","category-servei-comunitari","tag-curs-22-23","tag-servei-comunitari","tag-servei-comunitari-22-23"],"post_mailing_queue_ids":[],"_links":{"self":[{"href":"https:\/\/serveiseducatius.xtec.cat\/riberadebre\/wp-json\/wp\/v2\/posts\/17664","targetHints":{"allow":["GET"]}}],"collection":[{"href":"https:\/\/serveiseducatius.xtec.cat\/riberadebre\/wp-json\/wp\/v2\/posts"}],"about":[{"href":"https:\/\/serveiseducatius.xtec.cat\/riberadebre\/wp-json\/wp\/v2\/types\/post"}],"author":[{"embeddable":true,"href":"https:\/\/serveiseducatius.xtec.cat\/riberadebre\/wp-json\/wp\/v2\/users\/9"}],"replies":[{"embeddable":true,"href":"https:\/\/serveiseducatius.xtec.cat\/riberadebre\/wp-json\/wp\/v2\/comments?post=17664"}],"version-history":[{"count":1,"href":"https:\/\/serveiseducatius.xtec.cat\/riberadebre\/wp-json\/wp\/v2\/posts\/17664\/revisions"}],"predecessor-version":[{"id":17666,"href":"https:\/\/serveiseducatius.xtec.cat\/riberadebre\/wp-json\/wp\/v2\/posts\/17664\/revisions\/17666"}],"wp:featuredmedia":[{"embeddable":true,"href":"https:\/\/serveiseducatius.xtec.cat\/riberadebre\/wp-json\/wp\/v2\/media\/17665"}],"wp:attachment":[{"href":"https:\/\/serveiseducatius.xtec.cat\/riberadebre\/wp-json\/wp\/v2\/media?parent=17664"}],"wp:term":[{"taxonomy":"category","embeddable":true,"href":"https:\/\/serveiseducatius.xtec.cat\/riberadebre\/wp-json\/wp\/v2\/categories?post=17664"},{"taxonomy":"post_tag","embeddable":true,"href":"https:\/\/serveiseducatius.xtec.cat\/riberadebre\/wp-json\/wp\/v2\/tags?post=17664"}],"curies":[{"name":"wp","href":"https:\/\/api.w.org\/{rel}","templated":true}]}}