{"id":17545,"date":"2023-04-17T08:30:30","date_gmt":"2023-04-17T06:30:30","guid":{"rendered":"https:\/\/serveiseducatius.xtec.cat\/riberadebre\/?p=17545"},"modified":"2023-04-17T10:07:39","modified_gmt":"2023-04-17T08:07:39","slug":"aprendre-en-xarxa-a-les-jornades-de-crp","status":"publish","type":"post","link":"https:\/\/serveiseducatius.xtec.cat\/riberadebre\/portada\/aprendre-en-xarxa-a-les-jornades-de-crp\/","title":{"rendered":"APRENDRE EN XARXA  Jornades de CRP"},"content":{"rendered":"<p>Dins el <a href=\"https:\/\/projectes.xtec.cat\/secrp\/general\/programa-de-les-jornades\/\" target=\"_blank\" rel=\"noopener\">Programa de les Jornades de CRP<\/a> el divendres 14 d&#8217;abril compartim la conversa dels companys i companyes referent a l&#8217;APRENENTATGE EN XARXA.<\/p>\n<p>Despr\u00e9s d&#8217;una primera jornada amb la <a href=\"https:\/\/govern.cat\/salapremsa\/notes-premsa\/498822\/conseller-deducacio-inaugura-jornades-dels-centres-recursos-pedagogics-2023\" target=\"_blank\" rel=\"noopener\">benvinguda institucional del Conseller d&#8217;Educaci\u00f3,<\/a>\u00a0 la confer\u00e8ncia inaugural\u00a0 de Fernando Trujillo sobre <a href=\"https:\/\/theconversation.com\/que-es-el-optimismo-academico-y-como-lograrlo-192784\" target=\"_blank\" rel=\"noopener\">l&#8217;OPTIMISME PEDAG\u00d2GIC<\/a> que ens permet anotar noves eines per a promoure la innovaci\u00f3\u00a0 i una tarda molt intensa amb la fira d&#8217;entitats INSPIRA&#8217;T i l&#8217;espai COMPARTIM amb projectes singulars dels CRP, es genera aquest espai de reflexi\u00f3 al voltant de les xarxes educatives.<\/p>\n<p>Qu\u00e8 permet la xarxa educativa ? Aprenem en xarxa, en espais d&#8217;intercanvi i dins un ecosistema educatiu al territori amb un model pedag\u00f2gic col\u00b7laboratiu que permet avan\u00e7ar i millorar plegats.<\/p>\n<p>Les xarxes educatives, com la Xarxa de Compet\u00e8ncies\u00a0 i la Xarxa de Transformaci\u00f3 Educativa amb la participaci\u00f3 d&#8217;un gran nombre de centres del territori, permeten la transformaci\u00f3 cap a la millora del centre docent i dels equips docents amb l&#8217;acompanyament dels CRP dins una estructura cooperativa i d&#8217;aprenentatge entre iguals, de retroalimentaci\u00f3 cont\u00ednua entre centres.<\/p>\n<p>Aqu\u00ed us enllacem alguns documents de refer\u00e8ncia que cal tenir presents, com:<\/p>\n<ul>\n<li><a href=\"https:\/\/educacio.gencat.cat\/ca\/departament\/publicacions\/colleccions\/competencies-basiques\/primaria\/formar-transformar\/\" target=\"_blank\" rel=\"noopener\">FORMAR PER TRANSFORMAR<\/a> de la XdC com organitzaci\u00f3 que apr\u00e8n.<\/li>\n<\/ul>\n<ul>\n<li><a href=\"https:\/\/projectes.xtec.cat\/transformacioenxarxa\/autodiagnosi_xarxes\/\">EINA D&#8217;AVALUACI\u00d3 DE DIN\u00c0MICA DE XARXES, enlla\u00e7 Xarxa de Transformaci\u00f3 Educativa.<\/a><\/li>\n<\/ul>\n<p>Aquesta jornada amb el lema <strong><em>&#8220;M\u00e9s a prop per anar m\u00e9s lluny &#8220;<\/em><\/strong> ens ha perm\u00e8s compartir bones pr\u00e0ctiques de treball i con\u00e8ixer eines i\u00a0 recursos \u00fatils per a la tasca d\u2019acompanyament a centre que es realitza des del Centre de Recursos Pedag\u00f2gic.<\/p>\n<p>Anem construint xarxa !<\/p>\n<p>i<\/p>\n<p>Avancem plegats en xarxa !<\/p>\n<p><a href=\"https:\/\/serveiseducatius.xtec.cat\/riberadebre\/wp-content\/uploads\/usu1126\/2023\/04\/Jornades-CRP_Capcalera-mailchimp-1024x222-1-300x65-1.jpg\"><img loading=\"lazy\" decoding=\"async\" class=\"alignnone size-full wp-image-17554\" src=\"https:\/\/serveiseducatius.xtec.cat\/riberadebre\/wp-content\/uploads\/usu1126\/2023\/04\/Jornades-CRP_Capcalera-mailchimp-1024x222-1-300x65-1.jpg\" alt=\"\" width=\"300\" height=\"65\" \/><\/a><\/p>\n<p>&nbsp;<\/p>\n<p>&nbsp;<\/p>\n<p>&nbsp;<\/p>\n","protected":false},"excerpt":{"rendered":"<p>Dins el Programa de les Jornades de CRP el divendres 14 d&#8217;abril compartim la conversa dels companys i companyes referent a l&#8217;APRENENTATGE EN XARXA. Despr\u00e9s d&#8217;una primera jornada amb la benvinguda institucional del Conseller d&#8217;Educaci\u00f3,\u00a0 la confer\u00e8ncia inaugural\u00a0 de Fernando Trujillo sobre l&#8217;OPTIMISME PEDAG\u00d2GIC que ens permet anotar noves eines per a promoure la innovaci\u00f3\u00a0 [&hellip;]<\/p>\n","protected":false},"author":3,"featured_media":17568,"comment_status":"open","ping_status":"closed","sticky":false,"template":"","format":"standard","meta":{"_bbp_topic_count":0,"_bbp_reply_count":0,"_bbp_total_topic_count":0,"_bbp_total_reply_count":0,"_bbp_voice_count":0,"_bbp_anonymous_reply_count":0,"_bbp_topic_count_hidden":0,"_bbp_reply_count_hidden":0,"_bbp_forum_subforum_count":0,"site-sidebar-layout":"default","site-content-layout":"","ast-site-content-layout":"","site-content-style":"default","site-sidebar-style":"default","ast-global-header-display":"","ast-banner-title-visibility":"","ast-main-header-display":"","ast-hfb-above-header-display":"","ast-hfb-below-header-display":"","ast-hfb-mobile-header-display":"","site-post-title":"","ast-breadcrumbs-content":"","ast-featured-img":"","footer-sml-layout":"","theme-transparent-header-meta":"","adv-header-id-meta":"","stick-header-meta":"","header-above-stick-meta":"","header-main-stick-meta":"","header-below-stick-meta":"","astra-migrate-meta-layouts":"default","ast-page-background-enabled":"default","ast-page-background-meta":{"desktop":{"background-color":"var(--ast-global-color-4)","background-image":"","background-repeat":"repeat","background-position":"center center","background-size":"auto","background-attachment":"scroll","background-type":"","background-media":"","overlay-type":"","overlay-color":"","overlay-opacity":"","overlay-gradient":""},"tablet":{"background-color":"","background-image":"","background-repeat":"repeat","background-position":"center center","background-size":"auto","background-attachment":"scroll","background-type":"","background-media":"","overlay-type":"","overlay-color":"","overlay-opacity":"","overlay-gradient":""},"mobile":{"background-color":"","background-image":"","background-repeat":"repeat","background-position":"center center","background-size":"auto","background-attachment":"scroll","background-type":"","background-media":"","overlay-type":"","overlay-color":"","overlay-opacity":"","overlay-gradient":""}},"ast-content-background-meta":{"desktop":{"background-color":"var(--ast-global-color-5)","background-image":"","background-repeat":"repeat","background-position":"center center","background-size":"auto","background-attachment":"scroll","background-type":"","background-media":"","overlay-type":"","overlay-color":"","overlay-opacity":"","overlay-gradient":""},"tablet":{"background-color":"var(--ast-global-color-5)","background-image":"","background-repeat":"repeat","background-position":"center center","background-size":"auto","background-attachment":"scroll","background-type":"","background-media":"","overlay-type":"","overlay-color":"","overlay-opacity":"","overlay-gradient":""},"mobile":{"background-color":"var(--ast-global-color-5)","background-image":"","background-repeat":"repeat","background-position":"center center","background-size":"auto","background-attachment":"scroll","background-type":"","background-media":"","overlay-type":"","overlay-color":"","overlay-opacity":"","overlay-gradient":""}},"footnotes":""},"categories":[65,308,154,1166,310,1448,29,76,1340,325,687],"tags":[],"class_list":["post-17545","post","type-post","status-publish","format-standard","has-post-thumbnail","hentry","category-crp","category-escoles","category-formacio","category-innovacio","category-institut","category-novetats-abril-2023","category-portada","category-recursos","category-xarxa-competencies","category-xarxa-competencies-basiques","category-xarxa-de-transformacio-educativa"],"post_mailing_queue_ids":[],"_links":{"self":[{"href":"https:\/\/serveiseducatius.xtec.cat\/riberadebre\/wp-json\/wp\/v2\/posts\/17545","targetHints":{"allow":["GET"]}}],"collection":[{"href":"https:\/\/serveiseducatius.xtec.cat\/riberadebre\/wp-json\/wp\/v2\/posts"}],"about":[{"href":"https:\/\/serveiseducatius.xtec.cat\/riberadebre\/wp-json\/wp\/v2\/types\/post"}],"author":[{"embeddable":true,"href":"https:\/\/serveiseducatius.xtec.cat\/riberadebre\/wp-json\/wp\/v2\/users\/3"}],"replies":[{"embeddable":true,"href":"https:\/\/serveiseducatius.xtec.cat\/riberadebre\/wp-json\/wp\/v2\/comments?post=17545"}],"version-history":[{"count":3,"href":"https:\/\/serveiseducatius.xtec.cat\/riberadebre\/wp-json\/wp\/v2\/posts\/17545\/revisions"}],"predecessor-version":[{"id":17569,"href":"https:\/\/serveiseducatius.xtec.cat\/riberadebre\/wp-json\/wp\/v2\/posts\/17545\/revisions\/17569"}],"wp:featuredmedia":[{"embeddable":true,"href":"https:\/\/serveiseducatius.xtec.cat\/riberadebre\/wp-json\/wp\/v2\/media\/17568"}],"wp:attachment":[{"href":"https:\/\/serveiseducatius.xtec.cat\/riberadebre\/wp-json\/wp\/v2\/media?parent=17545"}],"wp:term":[{"taxonomy":"category","embeddable":true,"href":"https:\/\/serveiseducatius.xtec.cat\/riberadebre\/wp-json\/wp\/v2\/categories?post=17545"},{"taxonomy":"post_tag","embeddable":true,"href":"https:\/\/serveiseducatius.xtec.cat\/riberadebre\/wp-json\/wp\/v2\/tags?post=17545"}],"curies":[{"name":"wp","href":"https:\/\/api.w.org\/{rel}","templated":true}]}}