{"id":17497,"date":"2023-03-28T16:21:45","date_gmt":"2023-03-28T14:21:45","guid":{"rendered":"https:\/\/serveiseducatius.xtec.cat\/riberadebre\/?p=17497"},"modified":"2023-03-28T16:25:37","modified_gmt":"2023-03-28T14:25:37","slug":"formacio-oberta-mesures-i-suports-universals-internivells","status":"publish","type":"post","link":"https:\/\/serveiseducatius.xtec.cat\/riberadebre\/portada\/formacio-oberta-mesures-i-suports-universals-internivells\/","title":{"rendered":"Formaci\u00f3 oberta &#8220;Mesures i Suports Universals&#8221; Internivells"},"content":{"rendered":"<p style=\"font-weight: 400; text-align: center;\"><strong>Inscripci\u00f3 oberta<\/strong> al curs <strong>\u201cMesures i Suports Universals\u201d<\/strong>.<\/p>\n<p style=\"font-weight: 400;\">Activit<a href=\"https:\/\/serveiseducatius.xtec.cat\/riberadebre\/wp-content\/uploads\/usu1126\/2023\/03\/553x553-buscador_def.jp_.jpg\"><img loading=\"lazy\" decoding=\"async\" class=\"wp-image-17503 alignleft\" src=\"https:\/\/serveiseducatius.xtec.cat\/riberadebre\/wp-content\/uploads\/usu1126\/2023\/03\/553x553-buscador_def.jp_.jpg\" alt=\"\" width=\"117\" height=\"117\" srcset=\"https:\/\/serveiseducatius.xtec.cat\/riberadebre\/wp-content\/uploads\/usu1126\/2023\/03\/553x553-buscador_def.jp_.jpg 538w, https:\/\/serveiseducatius.xtec.cat\/riberadebre\/wp-content\/uploads\/usu1126\/2023\/03\/553x553-buscador_def.jp_-300x300.jpg 300w, https:\/\/serveiseducatius.xtec.cat\/riberadebre\/wp-content\/uploads\/usu1126\/2023\/03\/553x553-buscador_def.jp_-150x150.jpg 150w\" sizes=\"auto, (max-width: 117px) 100vw, 117px\" \/><\/a>at formativa dirigida al professorat dels centres educatius per millorar la compet\u00e8ncia professional dels i de les docents del centre i que t\u00e9 com a objectius dissenyar actuacions en la l\u00ednia del nou Decret d\u2019inclusi\u00f3, col\u00b7laborar\u00a0 en la implementaci\u00f3 de mesures i suports universals en el centre i impulsar que els centres avancin cap a cultures, pol\u00edtiques i pr\u00e0ctiques\u00a0 inclusives.<\/p>\n<p style=\"font-weight: 400;\">La formaci\u00f3 s\u2019iniciar\u00e0 el dia 3 de maig i \u00a0consta de 5 sessions, totes online. <span style=\"font-family: inherit; font-size: 1em;\">Podeu consultar les dates i l\u2019horari\u00a0<\/span><u style=\"font-family: inherit; font-size: 1em;\"><a href=\"https:\/\/aplicacions.gestioeducativa.gencat.cat\/pls\/soloas\/pk_for_mod_ins.p_for_detall_activitat?p_codi=8000790512&amp;p_curs=2022-2023&amp;p_es_inscr=S\" target=\"_blank\" rel=\"noopener\" data-saferedirecturl=\"https:\/\/www.google.com\/url?q=https:\/\/aplicacions.gestioeducativa.gencat.cat\/pls\/soloas\/pk_for_mod_ins.p_for_detall_activitat?p_codi%3D8000790512%26p_curs%3D2022-2023%26p_es_inscr%3DS&amp;source=gmail&amp;ust=1680097992127000&amp;usg=AOvVaw2TIjKVD5caBp_pASJLvqCP\">aqu\u00ed.<\/a><\/u><\/p>\n<p style=\"font-weight: 400;\">\n","protected":false},"excerpt":{"rendered":"<p>Inscripci\u00f3 oberta al curs \u201cMesures i Suports Universals\u201d. Activitat formativa dirigida al professorat dels centres educatius per millorar la compet\u00e8ncia professional dels i de les docents del centre i que t\u00e9 com a objectius dissenyar actuacions en la l\u00ednia del nou Decret d\u2019inclusi\u00f3, col\u00b7laborar\u00a0 en la implementaci\u00f3 de mesures i suports universals en el centre [&hellip;]<\/p>\n","protected":false},"author":40,"featured_media":17503,"comment_status":"open","ping_status":"closed","sticky":false,"template":"","format":"standard","meta":{"_bbp_topic_count":0,"_bbp_reply_count":0,"_bbp_total_topic_count":0,"_bbp_total_reply_count":0,"_bbp_voice_count":0,"_bbp_anonymous_reply_count":0,"_bbp_topic_count_hidden":0,"_bbp_reply_count_hidden":0,"_bbp_forum_subforum_count":0,"site-sidebar-layout":"default","site-content-layout":"","ast-site-content-layout":"","site-content-style":"default","site-sidebar-style":"default","ast-global-header-display":"","ast-banner-title-visibility":"","ast-main-header-display":"","ast-hfb-above-header-display":"","ast-hfb-below-header-display":"","ast-hfb-mobile-header-display":"","site-post-title":"","ast-breadcrumbs-content":"","ast-featured-img":"","footer-sml-layout":"","theme-transparent-header-meta":"","adv-header-id-meta":"","stick-header-meta":"","header-above-stick-meta":"","header-main-stick-meta":"","header-below-stick-meta":"","astra-migrate-meta-layouts":"default","ast-page-background-enabled":"default","ast-page-background-meta":{"desktop":{"background-color":"var(--ast-global-color-4)","background-image":"","background-repeat":"repeat","background-position":"center center","background-size":"auto","background-attachment":"scroll","background-type":"","background-media":"","overlay-type":"","overlay-color":"","overlay-opacity":"","overlay-gradient":""},"tablet":{"background-color":"","background-image":"","background-repeat":"repeat","background-position":"center center","background-size":"auto","background-attachment":"scroll","background-type":"","background-media":"","overlay-type":"","overlay-color":"","overlay-opacity":"","overlay-gradient":""},"mobile":{"background-color":"","background-image":"","background-repeat":"repeat","background-position":"center center","background-size":"auto","background-attachment":"scroll","background-type":"","background-media":"","overlay-type":"","overlay-color":"","overlay-opacity":"","overlay-gradient":""}},"ast-content-background-meta":{"desktop":{"background-color":"var(--ast-global-color-5)","background-image":"","background-repeat":"repeat","background-position":"center center","background-size":"auto","background-attachment":"scroll","background-type":"","background-media":"","overlay-type":"","overlay-color":"","overlay-opacity":"","overlay-gradient":""},"tablet":{"background-color":"var(--ast-global-color-5)","background-image":"","background-repeat":"repeat","background-position":"center center","background-size":"auto","background-attachment":"scroll","background-type":"","background-media":"","overlay-type":"","overlay-color":"","overlay-opacity":"","overlay-gradient":""},"mobile":{"background-color":"var(--ast-global-color-5)","background-image":"","background-repeat":"repeat","background-position":"center center","background-size":"auto","background-attachment":"scroll","background-type":"","background-media":"","overlay-type":"","overlay-color":"","overlay-opacity":"","overlay-gradient":""}},"footnotes":""},"categories":[65,67,669,668,983,333,308,154,310,29],"tags":[],"class_list":["post-17497","post","type-post","status-publish","format-standard","has-post-thumbnail","hentry","category-crp","category-eap","category-educacio-infantil","category-educacio-primaria","category-educacio-secundaria","category-escola-inclusiva","category-escoles","category-formacio","category-institut","category-portada"],"post_mailing_queue_ids":[],"_links":{"self":[{"href":"https:\/\/serveiseducatius.xtec.cat\/riberadebre\/wp-json\/wp\/v2\/posts\/17497","targetHints":{"allow":["GET"]}}],"collection":[{"href":"https:\/\/serveiseducatius.xtec.cat\/riberadebre\/wp-json\/wp\/v2\/posts"}],"about":[{"href":"https:\/\/serveiseducatius.xtec.cat\/riberadebre\/wp-json\/wp\/v2\/types\/post"}],"author":[{"embeddable":true,"href":"https:\/\/serveiseducatius.xtec.cat\/riberadebre\/wp-json\/wp\/v2\/users\/40"}],"replies":[{"embeddable":true,"href":"https:\/\/serveiseducatius.xtec.cat\/riberadebre\/wp-json\/wp\/v2\/comments?post=17497"}],"version-history":[{"count":3,"href":"https:\/\/serveiseducatius.xtec.cat\/riberadebre\/wp-json\/wp\/v2\/posts\/17497\/revisions"}],"predecessor-version":[{"id":17507,"href":"https:\/\/serveiseducatius.xtec.cat\/riberadebre\/wp-json\/wp\/v2\/posts\/17497\/revisions\/17507"}],"wp:featuredmedia":[{"embeddable":true,"href":"https:\/\/serveiseducatius.xtec.cat\/riberadebre\/wp-json\/wp\/v2\/media\/17503"}],"wp:attachment":[{"href":"https:\/\/serveiseducatius.xtec.cat\/riberadebre\/wp-json\/wp\/v2\/media?parent=17497"}],"wp:term":[{"taxonomy":"category","embeddable":true,"href":"https:\/\/serveiseducatius.xtec.cat\/riberadebre\/wp-json\/wp\/v2\/categories?post=17497"},{"taxonomy":"post_tag","embeddable":true,"href":"https:\/\/serveiseducatius.xtec.cat\/riberadebre\/wp-json\/wp\/v2\/tags?post=17497"}],"curies":[{"name":"wp","href":"https:\/\/api.w.org\/{rel}","templated":true}]}}