{"id":17259,"date":"2023-02-27T12:56:27","date_gmt":"2023-02-27T11:56:27","guid":{"rendered":"https:\/\/serveiseducatius.xtec.cat\/riberadebre\/?p=17259"},"modified":"2023-03-02T16:39:06","modified_gmt":"2023-03-02T15:39:06","slug":"biblioteca-coeducativa-escola-lluis-vinas","status":"publish","type":"post","link":"https:\/\/serveiseducatius.xtec.cat\/riberadebre\/portada\/biblioteca-coeducativa-escola-lluis-vinas\/","title":{"rendered":"Biblioteca coeducativa escola Llu\u00eds Vi\u00f1as"},"content":{"rendered":"<p>Des de la Biblioteca escolar s&#8217;impulsa el treball de la coeducaci\u00f3.<\/p>\n<p>Diferents propostes lectores que permeten parlar dels estereotips de g\u00e8nere en el dia a dia :<\/p>\n<ul>\n<li style=\"list-style-type: none;\">\n<ul>\n<li><em>-Novetats d&#8217;\u00e0lbums il\u00b7lustrats que es mostren a l&#8217;exposici\u00f3 del passad\u00eds i es publiquen al blog de la biblioteca.<\/em><\/li>\n<li><em>-Lectures de contes coeducatius.<\/em><\/li>\n<li><em>-Guia de lectura i recomanacions lectores.<\/em><\/li>\n<li><em>-Aportacions dels diferents nivells educatius.<\/em><\/li>\n<li><em>-Intercanvi amb altres biblioteques escolars mitjan\u00e7ant el seminari de biblioteques.<\/em><\/li>\n<li><em>-Ampliaci\u00f3 de recursos mitjan\u00e7ant les aportacions de la Biblioteca Comarcal.<\/em><\/li>\n<li><em>-Coordinaci\u00f3 de propostes i recursos amb el CRP, com les maletes coeducatives que gaudim en pr\u00e9stec.<\/em><\/li>\n<\/ul>\n<\/li>\n<\/ul>\n<p>S&#8217;impulsa una biblioteca coeducativa inclusiva.<\/p>\n<p>Podeu consultar<a href=\"https:\/\/blocs.xtec.cat\/labiblio\/category\/coeducatius\/\" target=\"_blank\" rel=\"noopener\"> aqu\u00ed el recull de propostes coeducatives des de la biblioteca escolar<\/a> de l&#8217;Escola LLu\u00eds Vi\u00f1as de M\u00f3ra d&#8217;Ebre.<\/p>\n<p><strong><img decoding=\"async\" src=\"http:\/\/blocs.xtec.cat\/labiblio\/files\/2023\/02\/Novetats.jpg\" \/><\/strong><\/p>\n","protected":false},"excerpt":{"rendered":"<p>Des de la Biblioteca escolar s&#8217;impulsa el treball de la coeducaci\u00f3. Diferents propostes lectores que permeten parlar dels estereotips de g\u00e8nere en el dia a dia : -Novetats d&#8217;\u00e0lbums il\u00b7lustrats que es mostren a l&#8217;exposici\u00f3 del passad\u00eds i es publiquen al blog de la biblioteca. -Lectures de contes coeducatius. -Guia de lectura i recomanacions lectores. [&hellip;]<\/p>\n","protected":false},"author":3,"featured_media":17293,"comment_status":"open","ping_status":"closed","sticky":false,"template":"","format":"standard","meta":{"_bbp_topic_count":0,"_bbp_reply_count":0,"_bbp_total_topic_count":0,"_bbp_total_reply_count":0,"_bbp_voice_count":0,"_bbp_anonymous_reply_count":0,"_bbp_topic_count_hidden":0,"_bbp_reply_count_hidden":0,"_bbp_forum_subforum_count":0,"site-sidebar-layout":"default","site-content-layout":"","ast-site-content-layout":"","site-content-style":"default","site-sidebar-style":"default","ast-global-header-display":"","ast-banner-title-visibility":"","ast-main-header-display":"","ast-hfb-above-header-display":"","ast-hfb-below-header-display":"","ast-hfb-mobile-header-display":"","site-post-title":"","ast-breadcrumbs-content":"","ast-featured-img":"","footer-sml-layout":"","theme-transparent-header-meta":"","adv-header-id-meta":"","stick-header-meta":"","header-above-stick-meta":"","header-main-stick-meta":"","header-below-stick-meta":"","astra-migrate-meta-layouts":"default","ast-page-background-enabled":"default","ast-page-background-meta":{"desktop":{"background-color":"var(--ast-global-color-4)","background-image":"","background-repeat":"repeat","background-position":"center center","background-size":"auto","background-attachment":"scroll","background-type":"","background-media":"","overlay-type":"","overlay-color":"","overlay-opacity":"","overlay-gradient":""},"tablet":{"background-color":"","background-image":"","background-repeat":"repeat","background-position":"center center","background-size":"auto","background-attachment":"scroll","background-type":"","background-media":"","overlay-type":"","overlay-color":"","overlay-opacity":"","overlay-gradient":""},"mobile":{"background-color":"","background-image":"","background-repeat":"repeat","background-position":"center center","background-size":"auto","background-attachment":"scroll","background-type":"","background-media":"","overlay-type":"","overlay-color":"","overlay-opacity":"","overlay-gradient":""}},"ast-content-background-meta":{"desktop":{"background-color":"var(--ast-global-color-5)","background-image":"","background-repeat":"repeat","background-position":"center center","background-size":"auto","background-attachment":"scroll","background-type":"","background-media":"","overlay-type":"","overlay-color":"","overlay-opacity":"","overlay-gradient":""},"tablet":{"background-color":"var(--ast-global-color-5)","background-image":"","background-repeat":"repeat","background-position":"center center","background-size":"auto","background-attachment":"scroll","background-type":"","background-media":"","overlay-type":"","overlay-color":"","overlay-opacity":"","overlay-gradient":""},"mobile":{"background-color":"var(--ast-global-color-5)","background-image":"","background-repeat":"repeat","background-position":"center center","background-size":"auto","background-attachment":"scroll","background-type":"","background-media":"","overlay-type":"","overlay-color":"","overlay-opacity":"","overlay-gradient":""}},"footnotes":""},"categories":[323,81,499,505,892,65,667,661,308,29],"tags":[],"class_list":["post-17259","post","type-post","status-publish","format-standard","has-post-thumbnail","hentry","category-biblioteca-comarcal-de-mora-debre","category-biblioteca-escolar","category-bones-practiques","category-coeducacio","category-convivencia","category-crp","category-educacio-emocional","category-escola-lluis-vinas","category-escoles","category-portada"],"post_mailing_queue_ids":[],"_links":{"self":[{"href":"https:\/\/serveiseducatius.xtec.cat\/riberadebre\/wp-json\/wp\/v2\/posts\/17259","targetHints":{"allow":["GET"]}}],"collection":[{"href":"https:\/\/serveiseducatius.xtec.cat\/riberadebre\/wp-json\/wp\/v2\/posts"}],"about":[{"href":"https:\/\/serveiseducatius.xtec.cat\/riberadebre\/wp-json\/wp\/v2\/types\/post"}],"author":[{"embeddable":true,"href":"https:\/\/serveiseducatius.xtec.cat\/riberadebre\/wp-json\/wp\/v2\/users\/3"}],"replies":[{"embeddable":true,"href":"https:\/\/serveiseducatius.xtec.cat\/riberadebre\/wp-json\/wp\/v2\/comments?post=17259"}],"version-history":[{"count":2,"href":"https:\/\/serveiseducatius.xtec.cat\/riberadebre\/wp-json\/wp\/v2\/posts\/17259\/revisions"}],"predecessor-version":[{"id":17261,"href":"https:\/\/serveiseducatius.xtec.cat\/riberadebre\/wp-json\/wp\/v2\/posts\/17259\/revisions\/17261"}],"wp:featuredmedia":[{"embeddable":true,"href":"https:\/\/serveiseducatius.xtec.cat\/riberadebre\/wp-json\/wp\/v2\/media\/17293"}],"wp:attachment":[{"href":"https:\/\/serveiseducatius.xtec.cat\/riberadebre\/wp-json\/wp\/v2\/media?parent=17259"}],"wp:term":[{"taxonomy":"category","embeddable":true,"href":"https:\/\/serveiseducatius.xtec.cat\/riberadebre\/wp-json\/wp\/v2\/categories?post=17259"},{"taxonomy":"post_tag","embeddable":true,"href":"https:\/\/serveiseducatius.xtec.cat\/riberadebre\/wp-json\/wp\/v2\/tags?post=17259"}],"curies":[{"name":"wp","href":"https:\/\/api.w.org\/{rel}","templated":true}]}}