{"id":17242,"date":"2023-02-24T15:29:52","date_gmt":"2023-02-24T14:29:52","guid":{"rendered":"https:\/\/serveiseducatius.xtec.cat\/riberadebre\/?p=17242"},"modified":"2023-02-24T12:08:16","modified_gmt":"2023-02-24T11:08:16","slug":"formacio-pedagogia-del-dol","status":"publish","type":"post","link":"https:\/\/serveiseducatius.xtec.cat\/riberadebre\/portada\/formacio-pedagogia-del-dol\/","title":{"rendered":"Formaci\u00f3 Pedagogia del Dol"},"content":{"rendered":"<p>Taller formatiu del PFZ de la Ribera d&#8217;Ebre que realitzem presencialment al CRP amb el terapeuta <a href=\"http:\/\/www.pereclotet.com\/\">Pere Clotet<\/a> adre\u00e7ada a docents.<\/p>\n<p>Les primeres sessions permeten parlar del tractament del dol i l&#8217;acceptaci\u00f3 de la mort com a part de la vida.<\/p>\n<p>La darrera sessi\u00f3 el dijous 2 de mar\u00e7 per a con\u00e8ixer estrat\u00e8gies metodol\u00f2giques per a treballar el dol i la p\u00e8rdua a l&#8217;aula.<\/p>\n<div>Podeu consultar i demanar en pr\u00e9stec la <strong>nova maleta de llibres per a les escoles que permeten tractar el <\/strong><span class=\"il\"><strong>dol del SE <\/strong>,<\/span>\u00a0<a href=\"https:\/\/serveiseducatius.xtec.cat\/riberadebre\/general\/maleta-del-dol-llistat-i-prestec\/\" target=\"_blank\" rel=\"noopener\" data-saferedirecturl=\"https:\/\/www.google.com\/url?q=https:\/\/serveiseducatius.xtec.cat\/riberadebre\/general\/maleta-del-dol-llistat-i-prestec\/&amp;source=gmail&amp;ust=1677180602146000&amp;usg=AOvVaw0WqkVJhL3VfGuoM7j37lQY\">enlla\u00e7\u00a0<\/a><\/div>\n<div>\n<div><\/div>\n<div>Totes les biblioteques escolars de la Ribera tenim el llibre <a href=\"https:\/\/aplicacions.gestioeducativa.gencat.cat\/epergam\/web\/fitxa.jsp?id=17551770\" target=\"_blank\" rel=\"noopener\" data-saferedirecturl=\"https:\/\/www.google.com\/url?q=https:\/\/aplicacions.gestioeducativa.gencat.cat\/epergam\/web\/fitxa.jsp?id%3D17551770&amp;source=gmail&amp;ust=1677180602146000&amp;usg=AOvVaw3SCRpIbR6s9EffBaZEOmXx\">ON VAN ELS QUE ESTIMEM?<\/a> que ens facilita REMSA.<\/div>\n<\/div>\n<div><\/div>\n<div>\n<div>\n<div dir=\"ltr\" data-smartmail=\"gmail_signature\">\n<div dir=\"ltr\">\n<div dir=\"ltr\">\n<div dir=\"ltr\">\n<div dir=\"ltr\">\n<div dir=\"ltr\">\n<div dir=\"ltr\">\n<div dir=\"ltr\">\n<div dir=\"ltr\">\n<div dir=\"ltr\">\n<div dir=\"ltr\">\n<div dir=\"ltr\">\n<div dir=\"ltr\">\n<div dir=\"ltr\">\n<div dir=\"ltr\">\n<div dir=\"ltr\">\n<div dir=\"ltr\">\n<div dir=\"ltr\">\n<div><\/div>\n<div>Un dels curmetratges que recomanem que permeten parlar de la vida i de la mort, a m\u00e9s de l&#8217;amor als llibres i a les biblioteques de vida:<\/div>\n<div><a href=\"https:\/\/bibdevicinfantil.wordpress.com\/2020\/04\/25\/els-fantastics-llibres-voladors-del-sr-morris-lessmore\/\" target=\"_blank\" rel=\"noopener\" data-saferedirecturl=\"https:\/\/www.google.com\/url?q=https:\/\/bibdevicinfantil.wordpress.com\/2020\/04\/25\/els-fantastics-llibres-voladors-del-sr-morris-lessmore\/&amp;source=gmail&amp;ust=1677180602146000&amp;usg=AOvVaw3othRRHFNVVeNjidJAyTN3\">https:\/\/bibdevicinfantil.<wbr \/>wordpress.com\/2020\/04\/25\/els-<wbr \/>fantastics-llibres-voladors-<wbr \/>del-sr-morris-lessmore\/<\/a><\/div>\n<div><\/div>\n<div><a href=\"https:\/\/www.youtube.com\/watch?v=TFF6G6FQgyw\" target=\"_blank\" rel=\"noopener\" data-saferedirecturl=\"https:\/\/www.google.com\/url?q=https:\/\/www.youtube.com\/watch?v%3DTFF6G6FQgyw&amp;source=gmail&amp;ust=1677180602146000&amp;usg=AOvVaw2hFmHKWO5ulbXI-Q05TNo4\">https:\/\/www.youtube.com\/watch?<wbr \/>v=TFF6G6FQgyw<\/a><\/div>\n<\/div>\n<\/div>\n<\/div>\n<\/div>\n<\/div>\n<\/div>\n<\/div>\n<\/div>\n<\/div>\n<\/div>\n<\/div>\n<\/div>\n<\/div>\n<\/div>\n<\/div>\n<\/div>\n<\/div>\n<\/div>\n<\/div>\n<\/div>\n<p>&nbsp;<\/p>\n<p>Us animem a participar a les diferents propostes formatives per al tractament de la gesti\u00f3 de les p\u00e8rdues i el dol als centres docents.<\/p>\n<p>Agra\u00efm a REMSA aquesta formaci\u00f3 i la dedicaci\u00f3 del formador.<\/p>\n<p>&nbsp;<\/p>\n","protected":false},"excerpt":{"rendered":"<p>Taller formatiu del PFZ de la Ribera d&#8217;Ebre que realitzem presencialment al CRP amb el terapeuta Pere Clotet adre\u00e7ada a docents. Les primeres sessions permeten parlar del tractament del dol i l&#8217;acceptaci\u00f3 de la mort com a part de la vida. La darrera sessi\u00f3 el dijous 2 de mar\u00e7 per a con\u00e8ixer estrat\u00e8gies metodol\u00f2giques per [&hellip;]<\/p>\n","protected":false},"author":3,"featured_media":0,"comment_status":"open","ping_status":"closed","sticky":false,"template":"","format":"standard","meta":{"_bbp_topic_count":0,"_bbp_reply_count":0,"_bbp_total_topic_count":0,"_bbp_total_reply_count":0,"_bbp_voice_count":0,"_bbp_anonymous_reply_count":0,"_bbp_topic_count_hidden":0,"_bbp_reply_count_hidden":0,"_bbp_forum_subforum_count":0,"site-sidebar-layout":"default","site-content-layout":"","ast-site-content-layout":"","site-content-style":"default","site-sidebar-style":"default","ast-global-header-display":"","ast-banner-title-visibility":"","ast-main-header-display":"","ast-hfb-above-header-display":"","ast-hfb-below-header-display":"","ast-hfb-mobile-header-display":"","site-post-title":"","ast-breadcrumbs-content":"","ast-featured-img":"","footer-sml-layout":"","theme-transparent-header-meta":"","adv-header-id-meta":"","stick-header-meta":"","header-above-stick-meta":"","header-main-stick-meta":"","header-below-stick-meta":"","astra-migrate-meta-layouts":"default","ast-page-background-enabled":"default","ast-page-background-meta":{"desktop":{"background-color":"var(--ast-global-color-4)","background-image":"","background-repeat":"repeat","background-position":"center center","background-size":"auto","background-attachment":"scroll","background-type":"","background-media":"","overlay-type":"","overlay-color":"","overlay-opacity":"","overlay-gradient":""},"tablet":{"background-color":"","background-image":"","background-repeat":"repeat","background-position":"center center","background-size":"auto","background-attachment":"scroll","background-type":"","background-media":"","overlay-type":"","overlay-color":"","overlay-opacity":"","overlay-gradient":""},"mobile":{"background-color":"","background-image":"","background-repeat":"repeat","background-position":"center center","background-size":"auto","background-attachment":"scroll","background-type":"","background-media":"","overlay-type":"","overlay-color":"","overlay-opacity":"","overlay-gradient":""}},"ast-content-background-meta":{"desktop":{"background-color":"var(--ast-global-color-5)","background-image":"","background-repeat":"repeat","background-position":"center center","background-size":"auto","background-attachment":"scroll","background-type":"","background-media":"","overlay-type":"","overlay-color":"","overlay-opacity":"","overlay-gradient":""},"tablet":{"background-color":"var(--ast-global-color-5)","background-image":"","background-repeat":"repeat","background-position":"center center","background-size":"auto","background-attachment":"scroll","background-type":"","background-media":"","overlay-type":"","overlay-color":"","overlay-opacity":"","overlay-gradient":""},"mobile":{"background-color":"var(--ast-global-color-5)","background-image":"","background-repeat":"repeat","background-position":"center center","background-size":"auto","background-attachment":"scroll","background-type":"","background-media":"","overlay-type":"","overlay-color":"","overlay-opacity":"","overlay-gradient":""}},"footnotes":""},"categories":[81,65,858,667,308,154,296,310,504,82,63,1423,153,29,644,76,503,1345],"tags":[],"class_list":["post-17242","post","type-post","status-publish","format-standard","hentry","category-biblioteca-escolar","category-crp","category-dol","category-educacio-emocional","category-escoles","category-formacio","category-full-novetats-crp","category-institut","category-jornades","category-maletes-pedagogiques","category-noticies","category-novetats-febrer-2023","category-pfz","category-portada","category-recomanacions-lectores","category-recursos","category-salut","category-salut-mental"],"post_mailing_queue_ids":[],"_links":{"self":[{"href":"https:\/\/serveiseducatius.xtec.cat\/riberadebre\/wp-json\/wp\/v2\/posts\/17242","targetHints":{"allow":["GET"]}}],"collection":[{"href":"https:\/\/serveiseducatius.xtec.cat\/riberadebre\/wp-json\/wp\/v2\/posts"}],"about":[{"href":"https:\/\/serveiseducatius.xtec.cat\/riberadebre\/wp-json\/wp\/v2\/types\/post"}],"author":[{"embeddable":true,"href":"https:\/\/serveiseducatius.xtec.cat\/riberadebre\/wp-json\/wp\/v2\/users\/3"}],"replies":[{"embeddable":true,"href":"https:\/\/serveiseducatius.xtec.cat\/riberadebre\/wp-json\/wp\/v2\/comments?post=17242"}],"version-history":[{"count":3,"href":"https:\/\/serveiseducatius.xtec.cat\/riberadebre\/wp-json\/wp\/v2\/posts\/17242\/revisions"}],"predecessor-version":[{"id":17252,"href":"https:\/\/serveiseducatius.xtec.cat\/riberadebre\/wp-json\/wp\/v2\/posts\/17242\/revisions\/17252"}],"wp:attachment":[{"href":"https:\/\/serveiseducatius.xtec.cat\/riberadebre\/wp-json\/wp\/v2\/media?parent=17242"}],"wp:term":[{"taxonomy":"category","embeddable":true,"href":"https:\/\/serveiseducatius.xtec.cat\/riberadebre\/wp-json\/wp\/v2\/categories?post=17242"},{"taxonomy":"post_tag","embeddable":true,"href":"https:\/\/serveiseducatius.xtec.cat\/riberadebre\/wp-json\/wp\/v2\/tags?post=17242"}],"curies":[{"name":"wp","href":"https:\/\/api.w.org\/{rel}","templated":true}]}}