{"id":17052,"date":"2023-01-20T08:50:15","date_gmt":"2023-01-20T07:50:15","guid":{"rendered":"https:\/\/serveiseducatius.xtec.cat\/riberadebre\/?p=17052"},"modified":"2023-01-20T08:50:15","modified_gmt":"2023-01-20T07:50:15","slug":"mejor-dibujamelo-historia-de-pepa-y-pepe-la-violencia-de-genero-en-la-adolescencia-divendrescoeducatiu","status":"publish","type":"post","link":"https:\/\/serveiseducatius.xtec.cat\/riberadebre\/general\/mejor-dibujamelo-historia-de-pepa-y-pepe-la-violencia-de-genero-en-la-adolescencia-divendrescoeducatiu\/","title":{"rendered":"MEJOR DIB\u00daJAMELO. Historia de Pepa y Pepe: la violencia de g\u00e9nero en la adolescencia #divendrescoeducatiu"},"content":{"rendered":"<p>Del bloc <a href=\"https:\/\/mejordibujamelo.wordpress.com\/2018\/06\/26\/historia-de-pepa-y-pepe-la-violencia-de-genero-en-la-adolescencia\/\" target=\"_blank\" rel=\"noopener\"><em><strong>Mejor dib\u00fajamelo <\/strong><\/em><\/a>de <strong><a href=\"https:\/\/tuprofesoronline.wixsite.com\/portafolio\" target=\"_blank\" rel=\"noopener\">Ramon Beson\u00edas<\/a><\/strong>, vi\u00f1etes per treballar la prevenci\u00f3 de la viol\u00e8ncia de g\u00e8nere amb els nostres adolescents basades en el treball fet per <a href=\"https:\/\/es.wikipedia.org\/wiki\/Carmen_Ruiz_Repullo\" target=\"_blank\" rel=\"noopener\">Carmen Ruiz Repullo<\/a> (soci\u00f2loga especialitzada en viol\u00e8ncia de g\u00e8nere)\u00a0 i en el concepte de l&#8217;escala de la viol\u00e8ncia de g\u00e8nere.<\/p>\n<p>A m\u00e9s a m\u00e9s de les vi\u00f1etes, es facilita tota una s\u00e8rie de recursos per poder realitzar un treball m\u00e9s a fons amb aquest recurs. Entre d&#8217;altres podem disposar de:<\/p>\n<ul>\n<li><a href=\"https:\/\/docs.google.com\/document\/d\/1z7-YhdYJctI30p_tp7YmNEEk-JAeqXkX7K2AQf09Uyo\/edit?usp=sharing\">Gui\u00f3 escrit de la escalera<\/a><\/li>\n<li><a href=\"https:\/\/drive.google.com\/file\/d\/1jl6jPADH7F-DNERKKEt70gKErMWnkCXL\/view?usp=sharing\" target=\"_blank\" rel=\"noopener noreferrer\">Cartell amb tota l&#8217;escala\u00a0<\/a><\/li>\n<li><a href=\"https:\/\/docs.google.com\/presentation\/d\/1TyS3S2R-AmiG9E1HwWuhf1hJtGBYhDBOPUxjJKTubH8\/edit?usp=sharing\" target=\"_blank\" rel=\"noopener noreferrer\">Presentaci\u00f3\u00a0<\/a><\/li>\n<li><a style=\"font-family: inherit; font-size: 1em;\" href=\"https:\/\/drive.google.com\/file\/d\/1YRe9ILF3srregqU_4BtoIcaDBSLrnanb\/view?usp=sharing\" target=\"_blank\" rel=\"noopener noreferrer\">V\u00eddeo (en\u00a0<\/a><a style=\"font-family: inherit; font-size: 1em;\" href=\"https:\/\/drive.google.com\/file\/d\/1YRe9ILF3srregqU_4BtoIcaDBSLrnanb\/view?usp=sharing\" target=\"_blank\" rel=\"noopener noreferrer\"><em>M4v<\/em><\/a><a style=\"font-family: inherit; font-size: 1em;\" href=\"https:\/\/drive.google.com\/file\/d\/1YRe9ILF3srregqU_4BtoIcaDBSLrnanb\/view?usp=sharing\" target=\"_blank\" rel=\"noopener noreferrer\">)<\/a><\/li>\n<\/ul>\n<p>Tamb\u00e9 podem trobar la <a style=\"font-family: inherit; font-size: 1em;\" href=\"https:\/\/docs.google.com\/document\/d\/1k04gzOBDiLTPASPmFz_uC2fRcvGoG8pHVt5AIHyqk1s\/edit?usp=sharing\" target=\"_blank\" rel=\"noopener noreferrer\">transcripci\u00f3 del relat<\/a><span style=\"font-family: inherit; font-size: 1em;\">\u00a0 Pepa y Pepa feta per<\/span> <a style=\"font-family: inherit; font-size: 1em;\" href=\"https:\/\/mobile.twitter.com\/materesanaves\" target=\"_blank\" rel=\"noopener\">Teresa Naves i <\/a><span style=\"font-family: inherit; font-size: 1em;\">l&#8217;article <\/span><a style=\"font-family: inherit; font-size: 1em;\" href=\"https:\/\/verne.elpais.com\/verne\/2017\/11\/27\/articulo\/1511783569_920432.html\" target=\"_blank\" rel=\"noopener noreferrer\">article<\/a><span style=\"font-family: inherit; font-size: 1em;\"> publicat por Verne.<\/span><\/p>\n<p><a href=\"https:\/\/serveiseducatius.xtec.cat\/riberadebre\/wp-content\/uploads\/usu1126\/2023\/01\/Piensalo-1-scaled.jpg\"><img loading=\"lazy\" decoding=\"async\" class=\"alignnone  wp-image-17054\" src=\"https:\/\/serveiseducatius.xtec.cat\/riberadebre\/wp-content\/uploads\/usu1126\/2023\/01\/Piensalo-1-1024x769.jpg\" alt=\"\" width=\"349\" height=\"262\" srcset=\"https:\/\/serveiseducatius.xtec.cat\/riberadebre\/wp-content\/uploads\/usu1126\/2023\/01\/Piensalo-1-1024x769.jpg 1024w, https:\/\/serveiseducatius.xtec.cat\/riberadebre\/wp-content\/uploads\/usu1126\/2023\/01\/Piensalo-1-300x225.jpg 300w, https:\/\/serveiseducatius.xtec.cat\/riberadebre\/wp-content\/uploads\/usu1126\/2023\/01\/Piensalo-1-768x577.jpg 768w, https:\/\/serveiseducatius.xtec.cat\/riberadebre\/wp-content\/uploads\/usu1126\/2023\/01\/Piensalo-1-1536x1154.jpg 1536w, https:\/\/serveiseducatius.xtec.cat\/riberadebre\/wp-content\/uploads\/usu1126\/2023\/01\/Piensalo-1-2048x1538.jpg 2048w, https:\/\/serveiseducatius.xtec.cat\/riberadebre\/wp-content\/uploads\/usu1126\/2023\/01\/Piensalo-1-200x150.jpg 200w\" sizes=\"auto, (max-width: 349px) 100vw, 349px\" \/><em>*imatge propietat de Ramon Beson\u00edas\u00a0<\/em><\/a><\/p>\n","protected":false},"excerpt":{"rendered":"<p>Del bloc Mejor dib\u00fajamelo de Ramon Beson\u00edas, vi\u00f1etes per treballar la prevenci\u00f3 de la viol\u00e8ncia de g\u00e8nere amb els nostres adolescents basades en el treball fet per Carmen Ruiz Repullo (soci\u00f2loga especialitzada en viol\u00e8ncia de g\u00e8nere)\u00a0 i en el concepte de l&#8217;escala de la viol\u00e8ncia de g\u00e8nere. A m\u00e9s a m\u00e9s de les vi\u00f1etes, es [&hellip;]<\/p>\n","protected":false},"author":9,"featured_media":17054,"comment_status":"open","ping_status":"closed","sticky":false,"template":"","format":"standard","meta":{"_bbp_topic_count":0,"_bbp_reply_count":0,"_bbp_total_topic_count":0,"_bbp_total_reply_count":0,"_bbp_voice_count":0,"_bbp_anonymous_reply_count":0,"_bbp_topic_count_hidden":0,"_bbp_reply_count_hidden":0,"_bbp_forum_subforum_count":0,"site-sidebar-layout":"default","site-content-layout":"","ast-site-content-layout":"","site-content-style":"default","site-sidebar-style":"default","ast-global-header-display":"","ast-banner-title-visibility":"","ast-main-header-display":"","ast-hfb-above-header-display":"","ast-hfb-below-header-display":"","ast-hfb-mobile-header-display":"","site-post-title":"","ast-breadcrumbs-content":"","ast-featured-img":"","footer-sml-layout":"","theme-transparent-header-meta":"","adv-header-id-meta":"","stick-header-meta":"","header-above-stick-meta":"","header-main-stick-meta":"","header-below-stick-meta":"","astra-migrate-meta-layouts":"default","ast-page-background-enabled":"default","ast-page-background-meta":{"desktop":{"background-color":"var(--ast-global-color-4)","background-image":"","background-repeat":"repeat","background-position":"center center","background-size":"auto","background-attachment":"scroll","background-type":"","background-media":"","overlay-type":"","overlay-color":"","overlay-opacity":"","overlay-gradient":""},"tablet":{"background-color":"","background-image":"","background-repeat":"repeat","background-position":"center center","background-size":"auto","background-attachment":"scroll","background-type":"","background-media":"","overlay-type":"","overlay-color":"","overlay-opacity":"","overlay-gradient":""},"mobile":{"background-color":"","background-image":"","background-repeat":"repeat","background-position":"center center","background-size":"auto","background-attachment":"scroll","background-type":"","background-media":"","overlay-type":"","overlay-color":"","overlay-opacity":"","overlay-gradient":""}},"ast-content-background-meta":{"desktop":{"background-color":"var(--ast-global-color-5)","background-image":"","background-repeat":"repeat","background-position":"center center","background-size":"auto","background-attachment":"scroll","background-type":"","background-media":"","overlay-type":"","overlay-color":"","overlay-opacity":"","overlay-gradient":""},"tablet":{"background-color":"var(--ast-global-color-5)","background-image":"","background-repeat":"repeat","background-position":"center center","background-size":"auto","background-attachment":"scroll","background-type":"","background-media":"","overlay-type":"","overlay-color":"","overlay-opacity":"","overlay-gradient":""},"mobile":{"background-color":"var(--ast-global-color-5)","background-image":"","background-repeat":"repeat","background-position":"center center","background-size":"auto","background-attachment":"scroll","background-type":"","background-media":"","overlay-type":"","overlay-color":"","overlay-opacity":"","overlay-gradient":""}},"footnotes":""},"categories":[505,65,296,1,310,1423,735,878,29,1168,1198,76],"tags":[889,1388,542,964],"class_list":["post-17052","post","type-post","status-publish","format-standard","has-post-thumbnail","hentry","category-coeducacio","category-crp","category-full-novetats-crp","category-general","category-institut","category-novetats-febrer-2023","category-ods","category-ods-5","category-portada","category-prevencio-violencies","category-propostes-cinematografiques-coeducatives","category-recursos","tag-divendrescoeducatiu","tag-curs-22-23","tag-prevencio-violencia-masclista","tag-prevencio-violencies"],"post_mailing_queue_ids":[],"_links":{"self":[{"href":"https:\/\/serveiseducatius.xtec.cat\/riberadebre\/wp-json\/wp\/v2\/posts\/17052","targetHints":{"allow":["GET"]}}],"collection":[{"href":"https:\/\/serveiseducatius.xtec.cat\/riberadebre\/wp-json\/wp\/v2\/posts"}],"about":[{"href":"https:\/\/serveiseducatius.xtec.cat\/riberadebre\/wp-json\/wp\/v2\/types\/post"}],"author":[{"embeddable":true,"href":"https:\/\/serveiseducatius.xtec.cat\/riberadebre\/wp-json\/wp\/v2\/users\/9"}],"replies":[{"embeddable":true,"href":"https:\/\/serveiseducatius.xtec.cat\/riberadebre\/wp-json\/wp\/v2\/comments?post=17052"}],"version-history":[{"count":2,"href":"https:\/\/serveiseducatius.xtec.cat\/riberadebre\/wp-json\/wp\/v2\/posts\/17052\/revisions"}],"predecessor-version":[{"id":17055,"href":"https:\/\/serveiseducatius.xtec.cat\/riberadebre\/wp-json\/wp\/v2\/posts\/17052\/revisions\/17055"}],"wp:featuredmedia":[{"embeddable":true,"href":"https:\/\/serveiseducatius.xtec.cat\/riberadebre\/wp-json\/wp\/v2\/media\/17054"}],"wp:attachment":[{"href":"https:\/\/serveiseducatius.xtec.cat\/riberadebre\/wp-json\/wp\/v2\/media?parent=17052"}],"wp:term":[{"taxonomy":"category","embeddable":true,"href":"https:\/\/serveiseducatius.xtec.cat\/riberadebre\/wp-json\/wp\/v2\/categories?post=17052"},{"taxonomy":"post_tag","embeddable":true,"href":"https:\/\/serveiseducatius.xtec.cat\/riberadebre\/wp-json\/wp\/v2\/tags?post=17052"}],"curies":[{"name":"wp","href":"https:\/\/api.w.org\/{rel}","templated":true}]}}