{"id":16688,"date":"2022-11-03T10:02:37","date_gmt":"2022-11-03T09:02:37","guid":{"rendered":"https:\/\/serveiseducatius.xtec.cat\/riberadebre\/?p=16688"},"modified":"2022-11-03T10:02:37","modified_gmt":"2022-11-03T09:02:37","slug":"1a-sessio-territorial-subxarxa-cdd-22-23-recull-de-la-sessio","status":"publish","type":"post","link":"https:\/\/serveiseducatius.xtec.cat\/riberadebre\/portada\/1a-sessio-territorial-subxarxa-cdd-22-23-recull-de-la-sessio\/","title":{"rendered":"1a SESSI\u00d3 TERRITORIAL SUBXARXA CDD 22-23. Recull de la sessi\u00f3"},"content":{"rendered":"<p>La 1a sessi\u00f3 territorial Ribera d\u2019Ebre de l\u2019activitat <strong>8080210529<\/strong>\u00a0<b><a href=\"https:\/\/serveiseducatius.xtec.cat\/riberadebre\/tag\/cdd2223\/\" target=\"_blank\" rel=\"noopener\">Subxarxa de Compet\u00e8ncia Digital Docent <\/a><\/b>va tenir lloc dijous 27 d&#8217;octubre de 2022, despr\u00e9s d\u2019haver visionat la <a href=\"https:\/\/projectes.xtec.cat\/xtcd\/competencia-digital-docent\/sessions-2022-23\/sessio-1-area-1-compromis-professional\/\" target=\"_blank\" rel=\"noopener\"><strong>1a sessi\u00f3 webinar de la Subxarxa Compet\u00e8ncia Digital Docent<\/strong><\/a>\u00a0de la\u00a0<a href=\"https:\/\/projectes.xtec.cat\/xtcd\/\" target=\"_blank\" rel=\"noopener\"><strong>XTCD<\/strong><\/a>.<\/p>\n<p>A l&#8217;espai ANUNCIS del curs a l&#8217;Odissea hem desat la presentaci\u00f3 que vam utilitzar en la sessi\u00f3 i els enlla\u00e7os a les nostres publicacions. A l&#8217;espai del CALENDARI de les sessions territorials hem desat les dates i l&#8217;enlla\u00e7 meet de totes les sessions.<\/p>\n<p><strong>Els continguts de la sessi\u00f3 van ser: <\/strong><strong>\u00a0<\/strong><\/p>\n<ul>\n<li style=\"font-weight: 400;\" aria-level=\"1\"><span style=\"font-weight: 400;\">Bastida del seminari web: <\/span><span style=\"font-weight: 400;\">\u00c0rea 1<\/span><\/li>\n<li style=\"font-weight: 400;\" aria-level=\"1\"><span style=\"font-weight: 400;\">Protecci\u00f3 de dades personals, privadesa, seguretat i benestar digital<\/span>\n<ul>\n<li style=\"font-weight: 400;\" aria-level=\"2\"><span style=\"font-weight: 400;\">Q\u00fcestionari Quizziz<\/span><\/li>\n<li style=\"font-weight: 400;\" aria-level=\"2\"><span style=\"font-weight: 400;\">Encriptar documents<\/span><\/li>\n<\/ul>\n<\/li>\n<li style=\"font-weight: 400;\" aria-level=\"1\"><span style=\"font-weight: 400;\">Pla de comunicaci\u00f3 de centre<\/span>\n<ul>\n<li style=\"font-weight: 400;\" aria-level=\"2\"><a href=\"http:\/\/xtec.gencat.cat\/ca\/innovacio\/projectes_innovacio_pedagogica\/orientacions_i_recursos\/difusio-de-resultats\/caracteristiques-pla-comunicacio\/\"><span style=\"font-weight: 400;\">Caracter\u00edstiques del Pla de comunicaci\u00f3<\/span><\/a><\/li>\n<li style=\"font-weight: 400;\" aria-level=\"2\"><a href=\"https:\/\/agora.xtec.cat\/esc-pericot\/pla-de-comunicacio\/\"><span style=\"font-weight: 400;\">Exemple Pla de comunicaci\u00f3\u00a0<\/span><\/a><\/li>\n<li style=\"font-weight: 400;\" aria-level=\"2\"><a href=\"https:\/\/docs.google.com\/document\/d\/1A1EWB-zuuIQu3UkK8QAvoa2NRyXZP2LHcOlL241zCaM\/template\/preview\"><span style=\"font-weight: 400;\">Graella Pla de comunicaci\u00f3<\/span><\/a><\/li>\n<\/ul>\n<\/li>\n<li style=\"font-weight: 400;\" aria-level=\"1\"><span style=\"font-weight: 400;\">Relaci\u00f3 amb la proposta did\u00e0ctica<\/span>\n<ul>\n<li style=\"font-weight: 400;\" aria-level=\"2\"><span style=\"font-weight: 400;\">Organitzaci\u00f3 dels grups<\/span><\/li>\n<\/ul>\n<\/li>\n<\/ul>\n<p>La data del 2n webinar ser\u00e0 el dijous 24 de novembre a les 17:30h.<\/p>\n<p><img loading=\"lazy\" decoding=\"async\" class=\"\" src=\"https:\/\/projectes.xtec.cat\/xtcd\/wp-content\/uploads\/usu1403\/2021\/10\/nus-3.png\" width=\"20\" height=\"20\" \/>Us animem a participar\u00a0 al <a href=\"https:\/\/comunitat.edigital.cat\/c\/cdd\/129\" target=\"_blank\" rel=\"noopener\">Nus de la Compet\u00e8ncia digital docent<\/a>.<\/p>\n<p><img loading=\"lazy\" decoding=\"async\" class=\"\" src=\"https:\/\/odissea.xtec.cat\/pluginfile.php\/2463695\/mod_page\/content\/6\/image%20%281%29.png\" width=\"386\" height=\"190\" \/><\/p>\n<p><a href=\"https:\/\/serveiseducatius.xtec.cat\/riberadebre\/wp-content\/uploads\/usu1126\/2022\/10\/MEFP.Gob_.Web_-scaled.jpg\"><img loading=\"lazy\" decoding=\"async\" class=\"alignnone  wp-image-16573\" src=\"https:\/\/serveiseducatius.xtec.cat\/riberadebre\/wp-content\/uploads\/usu1126\/2022\/10\/MEFP.Gob_.Web_-1024x248.jpg\" alt=\"\" width=\"194\" height=\"47\" srcset=\"https:\/\/serveiseducatius.xtec.cat\/riberadebre\/wp-content\/uploads\/usu1126\/2022\/10\/MEFP.Gob_.Web_-1024x248.jpg 1024w, https:\/\/serveiseducatius.xtec.cat\/riberadebre\/wp-content\/uploads\/usu1126\/2022\/10\/MEFP.Gob_.Web_-300x73.jpg 300w, https:\/\/serveiseducatius.xtec.cat\/riberadebre\/wp-content\/uploads\/usu1126\/2022\/10\/MEFP.Gob_.Web_-768x186.jpg 768w, https:\/\/serveiseducatius.xtec.cat\/riberadebre\/wp-content\/uploads\/usu1126\/2022\/10\/MEFP.Gob_.Web_-1536x372.jpg 1536w, https:\/\/serveiseducatius.xtec.cat\/riberadebre\/wp-content\/uploads\/usu1126\/2022\/10\/MEFP.Gob_.Web_-2048x496.jpg 2048w\" sizes=\"auto, (max-width: 194px) 100vw, 194px\" \/><\/a> <a href=\"https:\/\/serveiseducatius.xtec.cat\/riberadebre\/wp-content\/uploads\/usu1126\/2022\/10\/Logo.PRTR_.jpg\"><img loading=\"lazy\" decoding=\"async\" class=\"alignnone  wp-image-16572\" src=\"https:\/\/serveiseducatius.xtec.cat\/riberadebre\/wp-content\/uploads\/usu1126\/2022\/10\/Logo.PRTR_.jpg\" alt=\"\" width=\"126\" height=\"39\" srcset=\"https:\/\/serveiseducatius.xtec.cat\/riberadebre\/wp-content\/uploads\/usu1126\/2022\/10\/Logo.PRTR_.jpg 570w, https:\/\/serveiseducatius.xtec.cat\/riberadebre\/wp-content\/uploads\/usu1126\/2022\/10\/Logo.PRTR_-300x93.jpg 300w\" sizes=\"auto, (max-width: 126px) 100vw, 126px\" \/><\/a> <a href=\"https:\/\/serveiseducatius.xtec.cat\/riberadebre\/wp-content\/uploads\/usu1126\/2022\/10\/Logo.Fondos.NextGenerationUE.jpg\"><img loading=\"lazy\" decoding=\"async\" class=\"alignnone  wp-image-16571\" src=\"https:\/\/serveiseducatius.xtec.cat\/riberadebre\/wp-content\/uploads\/usu1126\/2022\/10\/Logo.Fondos.NextGenerationUE.jpg\" alt=\"\" width=\"290\" height=\"54\" srcset=\"https:\/\/serveiseducatius.xtec.cat\/riberadebre\/wp-content\/uploads\/usu1126\/2022\/10\/Logo.Fondos.NextGenerationUE.jpg 570w, https:\/\/serveiseducatius.xtec.cat\/riberadebre\/wp-content\/uploads\/usu1126\/2022\/10\/Logo.Fondos.NextGenerationUE-300x56.jpg 300w\" sizes=\"auto, (max-width: 290px) 100vw, 290px\" \/><\/a> <a href=\"https:\/\/serveiseducatius.xtec.cat\/riberadebre\/wp-content\/uploads\/usu1126\/2022\/10\/CDD.jpg\"><img loading=\"lazy\" decoding=\"async\" class=\"alignnone  wp-image-16570\" src=\"https:\/\/serveiseducatius.xtec.cat\/riberadebre\/wp-content\/uploads\/usu1126\/2022\/10\/CDD.jpg\" alt=\"\" width=\"104\" height=\"52\" srcset=\"https:\/\/serveiseducatius.xtec.cat\/riberadebre\/wp-content\/uploads\/usu1126\/2022\/10\/CDD.jpg 317w, https:\/\/serveiseducatius.xtec.cat\/riberadebre\/wp-content\/uploads\/usu1126\/2022\/10\/CDD-300x150.jpg 300w\" sizes=\"auto, (max-width: 104px) 100vw, 104px\" \/><\/a><\/p>\n","protected":false},"excerpt":{"rendered":"<p>La 1a sessi\u00f3 territorial Ribera d\u2019Ebre de l\u2019activitat 8080210529\u00a0Subxarxa de Compet\u00e8ncia Digital Docent va tenir lloc dijous 27 d&#8217;octubre de 2022, despr\u00e9s d\u2019haver visionat la 1a sessi\u00f3 webinar de la Subxarxa Compet\u00e8ncia Digital Docent\u00a0de la\u00a0XTCD. A l&#8217;espai ANUNCIS del curs a l&#8217;Odissea hem desat la presentaci\u00f3 que vam utilitzar en la sessi\u00f3 i els enlla\u00e7os [&hellip;]<\/p>\n","protected":false},"author":9,"featured_media":16570,"comment_status":"open","ping_status":"closed","sticky":false,"template":"","format":"standard","meta":{"_bbp_topic_count":0,"_bbp_reply_count":0,"_bbp_total_topic_count":0,"_bbp_total_reply_count":0,"_bbp_voice_count":0,"_bbp_anonymous_reply_count":0,"_bbp_topic_count_hidden":0,"_bbp_reply_count_hidden":0,"_bbp_forum_subforum_count":0,"site-sidebar-layout":"default","site-content-layout":"","ast-site-content-layout":"","site-content-style":"default","site-sidebar-style":"default","ast-global-header-display":"","ast-banner-title-visibility":"","ast-main-header-display":"","ast-hfb-above-header-display":"","ast-hfb-below-header-display":"","ast-hfb-mobile-header-display":"","site-post-title":"","ast-breadcrumbs-content":"","ast-featured-img":"","footer-sml-layout":"","theme-transparent-header-meta":"","adv-header-id-meta":"","stick-header-meta":"","header-above-stick-meta":"","header-main-stick-meta":"","header-below-stick-meta":"","astra-migrate-meta-layouts":"default","ast-page-background-enabled":"default","ast-page-background-meta":{"desktop":{"background-color":"var(--ast-global-color-4)","background-image":"","background-repeat":"repeat","background-position":"center center","background-size":"auto","background-attachment":"scroll","background-type":"","background-media":"","overlay-type":"","overlay-color":"","overlay-opacity":"","overlay-gradient":""},"tablet":{"background-color":"","background-image":"","background-repeat":"repeat","background-position":"center center","background-size":"auto","background-attachment":"scroll","background-type":"","background-media":"","overlay-type":"","overlay-color":"","overlay-opacity":"","overlay-gradient":""},"mobile":{"background-color":"","background-image":"","background-repeat":"repeat","background-position":"center center","background-size":"auto","background-attachment":"scroll","background-type":"","background-media":"","overlay-type":"","overlay-color":"","overlay-opacity":"","overlay-gradient":""}},"ast-content-background-meta":{"desktop":{"background-color":"var(--ast-global-color-5)","background-image":"","background-repeat":"repeat","background-position":"center center","background-size":"auto","background-attachment":"scroll","background-type":"","background-media":"","overlay-type":"","overlay-color":"","overlay-opacity":"","overlay-gradient":""},"tablet":{"background-color":"var(--ast-global-color-5)","background-image":"","background-repeat":"repeat","background-position":"center center","background-size":"auto","background-attachment":"scroll","background-type":"","background-media":"","overlay-type":"","overlay-color":"","overlay-opacity":"","overlay-gradient":""},"mobile":{"background-color":"var(--ast-global-color-5)","background-image":"","background-repeat":"repeat","background-position":"center center","background-size":"auto","background-attachment":"scroll","background-type":"","background-media":"","overlay-type":"","overlay-color":"","overlay-opacity":"","overlay-gradient":""}},"footnotes":""},"categories":[1030,65,154,156,153,29,534,859],"tags":[1389,1285,1390,1341,1388],"class_list":["post-16688","post","type-post","status-publish","format-standard","has-post-thumbnail","hentry","category-competencia-digital-docent","category-crp","category-formacio","category-materials-de-formacio","category-pfz","category-portada","category-xarxa-digital","category-xtcd","tag-cdd-cdd2223","tag-competenciadigitaldocent","tag-subcddsessio12223","tag-xtcd-xarxaterritorialculturadigital","tag-curs-22-23"],"post_mailing_queue_ids":[],"_links":{"self":[{"href":"https:\/\/serveiseducatius.xtec.cat\/riberadebre\/wp-json\/wp\/v2\/posts\/16688","targetHints":{"allow":["GET"]}}],"collection":[{"href":"https:\/\/serveiseducatius.xtec.cat\/riberadebre\/wp-json\/wp\/v2\/posts"}],"about":[{"href":"https:\/\/serveiseducatius.xtec.cat\/riberadebre\/wp-json\/wp\/v2\/types\/post"}],"author":[{"embeddable":true,"href":"https:\/\/serveiseducatius.xtec.cat\/riberadebre\/wp-json\/wp\/v2\/users\/9"}],"replies":[{"embeddable":true,"href":"https:\/\/serveiseducatius.xtec.cat\/riberadebre\/wp-json\/wp\/v2\/comments?post=16688"}],"version-history":[{"count":1,"href":"https:\/\/serveiseducatius.xtec.cat\/riberadebre\/wp-json\/wp\/v2\/posts\/16688\/revisions"}],"predecessor-version":[{"id":16689,"href":"https:\/\/serveiseducatius.xtec.cat\/riberadebre\/wp-json\/wp\/v2\/posts\/16688\/revisions\/16689"}],"wp:featuredmedia":[{"embeddable":true,"href":"https:\/\/serveiseducatius.xtec.cat\/riberadebre\/wp-json\/wp\/v2\/media\/16570"}],"wp:attachment":[{"href":"https:\/\/serveiseducatius.xtec.cat\/riberadebre\/wp-json\/wp\/v2\/media?parent=16688"}],"wp:term":[{"taxonomy":"category","embeddable":true,"href":"https:\/\/serveiseducatius.xtec.cat\/riberadebre\/wp-json\/wp\/v2\/categories?post=16688"},{"taxonomy":"post_tag","embeddable":true,"href":"https:\/\/serveiseducatius.xtec.cat\/riberadebre\/wp-json\/wp\/v2\/tags?post=16688"}],"curies":[{"name":"wp","href":"https:\/\/api.w.org\/{rel}","templated":true}]}}