{"id":16587,"date":"2022-10-18T09:07:11","date_gmt":"2022-10-18T07:07:11","guid":{"rendered":"https:\/\/serveiseducatius.xtec.cat\/riberadebre\/?p=16587"},"modified":"2022-10-21T10:16:09","modified_gmt":"2022-10-21T08:16:09","slug":"jornades-la-transcendencia-de-ladolescencia-en-la-vida-eines-per-la-convivencia-i-la-funcio-del-professional","status":"publish","type":"post","link":"https:\/\/serveiseducatius.xtec.cat\/riberadebre\/portada\/jornades-la-transcendencia-de-ladolescencia-en-la-vida-eines-per-la-convivencia-i-la-funcio-del-professional\/","title":{"rendered":"Jornades LA TRANSCEND\u00c8NCIA DE L\u2019ADOLESC\u00c8NCIA EN LA VIDA. EINES PER LA CONVIV\u00c8NCIA I LA FUNCI\u00d3 DEL PROFESSIONAL"},"content":{"rendered":"<p style=\"font-weight: 400;\"><strong>Dies 26 i 27 d&#8217;octubre de 10 h a 13 h <\/strong><strong>al Consell Comarcal de la Ribera d\u2019Ebre.<\/strong><\/p>\n<p style=\"font-weight: 400;\"><strong>LA TRANSCEND\u00c8NCIA DE L\u2019ADOLESC\u00c8NCIA EN LA VIDA. EINES PER LA CONVIV\u00c8NCIA I LA FUNCI\u00d3 DEL PROFESSIONAL.<\/strong><\/p>\n<p style=\"font-weight: 400;\">Respondr\u00e0 a preguntes sobre la comprensi\u00f3 de \u00a0l\u2019etapa transcendent de l\u2019adolesc\u00e8ncia i quina \u00e9s la funci\u00f3 i acompanyament del professional.<\/p>\n<p>Consulteu cartell per a la inscripci\u00f3:<\/p>\n<p><a href=\"https:\/\/serveiseducatius.xtec.cat\/riberadebre\/wp-content\/uploads\/usu1126\/2022\/10\/Jornada-professionals-transcendencia-adolescencia.pdf\">Jornada professionals transcendencia adolescencia CONSELL COMARCAL RIBERA D&#8217;EBRE<\/a><\/p>\n<p><a href=\"https:\/\/serveiseducatius.xtec.cat\/riberadebre\/wp-content\/uploads\/usu1126\/2022\/10\/Jornada-professionals-transcendencia-adolescencia.pdf\"><img loading=\"lazy\" decoding=\"async\" class=\"alignnone size-full wp-image-16590\" src=\"https:\/\/serveiseducatius.xtec.cat\/riberadebre\/wp-content\/uploads\/usu1126\/2022\/10\/Jornada-Transcendencia-Adolescencia-Consell-Comarcal-Ribera-dEbre.jpg\" alt=\"\" width=\"401\" height=\"564\" srcset=\"https:\/\/serveiseducatius.xtec.cat\/riberadebre\/wp-content\/uploads\/usu1126\/2022\/10\/Jornada-Transcendencia-Adolescencia-Consell-Comarcal-Ribera-dEbre.jpg 401w, https:\/\/serveiseducatius.xtec.cat\/riberadebre\/wp-content\/uploads\/usu1126\/2022\/10\/Jornada-Transcendencia-Adolescencia-Consell-Comarcal-Ribera-dEbre-213x300.jpg 213w\" sizes=\"auto, (max-width: 401px) 100vw, 401px\" \/><\/a><\/p>\n","protected":false},"excerpt":{"rendered":"<p>Dies 26 i 27 d&#8217;octubre de 10 h a 13 h al Consell Comarcal de la Ribera d\u2019Ebre. LA TRANSCEND\u00c8NCIA DE L\u2019ADOLESC\u00c8NCIA EN LA VIDA. EINES PER LA CONVIV\u00c8NCIA I LA FUNCI\u00d3 DEL PROFESSIONAL. Respondr\u00e0 a preguntes sobre la comprensi\u00f3 de \u00a0l\u2019etapa transcendent de l\u2019adolesc\u00e8ncia i quina \u00e9s la funci\u00f3 i acompanyament del professional. Consulteu [&hellip;]<\/p>\n","protected":false},"author":3,"featured_media":16590,"comment_status":"open","ping_status":"closed","sticky":false,"template":"","format":"standard","meta":{"_bbp_topic_count":0,"_bbp_reply_count":0,"_bbp_total_topic_count":0,"_bbp_total_reply_count":0,"_bbp_voice_count":0,"_bbp_anonymous_reply_count":0,"_bbp_topic_count_hidden":0,"_bbp_reply_count_hidden":0,"_bbp_forum_subforum_count":0,"site-sidebar-layout":"default","site-content-layout":"","ast-site-content-layout":"","site-content-style":"default","site-sidebar-style":"default","ast-global-header-display":"","ast-banner-title-visibility":"","ast-main-header-display":"","ast-hfb-above-header-display":"","ast-hfb-below-header-display":"","ast-hfb-mobile-header-display":"","site-post-title":"","ast-breadcrumbs-content":"","ast-featured-img":"","footer-sml-layout":"","theme-transparent-header-meta":"","adv-header-id-meta":"","stick-header-meta":"","header-above-stick-meta":"","header-main-stick-meta":"","header-below-stick-meta":"","astra-migrate-meta-layouts":"default","ast-page-background-enabled":"default","ast-page-background-meta":{"desktop":{"background-color":"var(--ast-global-color-4)","background-image":"","background-repeat":"repeat","background-position":"center center","background-size":"auto","background-attachment":"scroll","background-type":"","background-media":"","overlay-type":"","overlay-color":"","overlay-opacity":"","overlay-gradient":""},"tablet":{"background-color":"","background-image":"","background-repeat":"repeat","background-position":"center center","background-size":"auto","background-attachment":"scroll","background-type":"","background-media":"","overlay-type":"","overlay-color":"","overlay-opacity":"","overlay-gradient":""},"mobile":{"background-color":"","background-image":"","background-repeat":"repeat","background-position":"center center","background-size":"auto","background-attachment":"scroll","background-type":"","background-media":"","overlay-type":"","overlay-color":"","overlay-opacity":"","overlay-gradient":""}},"ast-content-background-meta":{"desktop":{"background-color":"var(--ast-global-color-5)","background-image":"","background-repeat":"repeat","background-position":"center center","background-size":"auto","background-attachment":"scroll","background-type":"","background-media":"","overlay-type":"","overlay-color":"","overlay-opacity":"","overlay-gradient":""},"tablet":{"background-color":"var(--ast-global-color-5)","background-image":"","background-repeat":"repeat","background-position":"center center","background-size":"auto","background-attachment":"scroll","background-type":"","background-media":"","overlay-type":"","overlay-color":"","overlay-opacity":"","overlay-gradient":""},"mobile":{"background-color":"var(--ast-global-color-5)","background-image":"","background-repeat":"repeat","background-position":"center center","background-size":"auto","background-attachment":"scroll","background-type":"","background-media":"","overlay-type":"","overlay-color":"","overlay-opacity":"","overlay-gradient":""}},"footnotes":""},"categories":[1085,892,65,667,983,308,310,504,63,29,670,720],"tags":[1388],"class_list":["post-16587","post","type-post","status-publish","format-standard","has-post-thumbnail","hentry","category-consell-comarcal","category-convivencia","category-crp","category-educacio-emocional","category-educacio-secundaria","category-escoles","category-institut","category-jornades","category-noticies","category-portada","category-secundaria","category-tutoria","tag-curs-22-23"],"post_mailing_queue_ids":[],"_links":{"self":[{"href":"https:\/\/serveiseducatius.xtec.cat\/riberadebre\/wp-json\/wp\/v2\/posts\/16587","targetHints":{"allow":["GET"]}}],"collection":[{"href":"https:\/\/serveiseducatius.xtec.cat\/riberadebre\/wp-json\/wp\/v2\/posts"}],"about":[{"href":"https:\/\/serveiseducatius.xtec.cat\/riberadebre\/wp-json\/wp\/v2\/types\/post"}],"author":[{"embeddable":true,"href":"https:\/\/serveiseducatius.xtec.cat\/riberadebre\/wp-json\/wp\/v2\/users\/3"}],"replies":[{"embeddable":true,"href":"https:\/\/serveiseducatius.xtec.cat\/riberadebre\/wp-json\/wp\/v2\/comments?post=16587"}],"version-history":[{"count":3,"href":"https:\/\/serveiseducatius.xtec.cat\/riberadebre\/wp-json\/wp\/v2\/posts\/16587\/revisions"}],"predecessor-version":[{"id":16592,"href":"https:\/\/serveiseducatius.xtec.cat\/riberadebre\/wp-json\/wp\/v2\/posts\/16587\/revisions\/16592"}],"wp:featuredmedia":[{"embeddable":true,"href":"https:\/\/serveiseducatius.xtec.cat\/riberadebre\/wp-json\/wp\/v2\/media\/16590"}],"wp:attachment":[{"href":"https:\/\/serveiseducatius.xtec.cat\/riberadebre\/wp-json\/wp\/v2\/media?parent=16587"}],"wp:term":[{"taxonomy":"category","embeddable":true,"href":"https:\/\/serveiseducatius.xtec.cat\/riberadebre\/wp-json\/wp\/v2\/categories?post=16587"},{"taxonomy":"post_tag","embeddable":true,"href":"https:\/\/serveiseducatius.xtec.cat\/riberadebre\/wp-json\/wp\/v2\/tags?post=16587"}],"curies":[{"name":"wp","href":"https:\/\/api.w.org\/{rel}","templated":true}]}}