{"id":16156,"date":"2022-06-21T09:10:32","date_gmt":"2022-06-21T07:10:32","guid":{"rendered":"https:\/\/serveiseducatius.xtec.cat\/riberadebre\/?p=16156"},"modified":"2022-06-21T09:10:32","modified_gmt":"2022-06-21T07:10:32","slug":"21-de-juny-dia-internacional-per-a-leducacio-no-sexista-3","status":"publish","type":"post","link":"https:\/\/serveiseducatius.xtec.cat\/riberadebre\/general\/21-de-juny-dia-internacional-per-a-leducacio-no-sexista-3\/","title":{"rendered":"21 DE JUNY. DIA INTERNACIONAL PER A L&#8217;EDUCACI\u00d3 NO SEXISTA"},"content":{"rendered":"<p><a href=\"https:\/\/xtec.gencat.cat\/ca\/centres\/celebracions\/2022\/dia-internacional-educacio-no-sexista-2022\/\" target=\"_blank\" rel=\"noopener\"><strong>21 de juny, Dia Internacional per a l&#8217;Educaci\u00f3 no sexista (enlla\u00e7 a Xtec).<\/strong><\/a><em> &#8220;Com cada 21 de juny, recordem que cal superar el sexisme i l\u2019androcentrisme en la pr\u00e0ctica educativa. Per aconseguir-ho, cal que els i les docents i tota la comunitat educativa ens reinventem i treballem perqu\u00e8 l\u2019alumne\/alumna desenvolupi el propi potencial,\u00a0 creant un m\u00f3n m\u00e9s just per a dones i homes, educant persones completes i respectuoses. <\/em><em>Cal treballar perqu\u00e8 la hist\u00f2ria de les dones i del feminisme formin part del curr\u00edculum, perqu\u00e8 els espais a l\u2019aula i al pati siguin compartits equitativament, perqu\u00e8 en l\u2019elecci\u00f3 dels estudis no hi hagi biaix de g\u00e8nere, perqu\u00e8 les difer\u00e8ncies de g\u00e8nere i de diversitat afectivosexual _ parant esment a altres condicionants com situacions de discapacitat, origen, classe no es converteixin en desigualtats&#8230;&#8221;<\/em><\/p>\n<p>Des del nostre CRP us oferim diversitat de recursos sota les categories:<\/p>\n<ul>\n<li><a href=\"https:\/\/serveiseducatius.xtec.cat\/riberadebre\/categoria\/coeducacio\/\" target=\"_blank\" rel=\"noopener\">Coeducaci\u00f3<\/a>: publicacions, propostes lectores, propostes audiovisuals, activitats i materials de formaci\u00f3, etc&#8230;relacionades amb la coeducaci\u00f3, emocions i la prevenci\u00f3 de viol\u00e8ncies.<\/li>\n<li><a href=\"https:\/\/serveiseducatius.xtec.cat\/riberadebre\/categoria\/coeducacio\/coeducat\/\" target=\"_blank\" rel=\"noopener\">Coeduca&#8217;t<\/a>: publicacions referents al programa coeducatiu que ens ofereix el Departament d&#8217;Educaci\u00f3.<\/li>\n<li><a href=\"https:\/\/serveiseducatius.xtec.cat\/riberadebre\/categoria\/coeducacio\/monografic-coeducacio\/\" target=\"_blank\" rel=\"noopener\">Monogr\u00e0fics trimestrals de coeducaci\u00f3<\/a>: recull de totes aquelles publicacions coeducatives que destaquem trimestralment.<\/li>\n<\/ul>\n<p>&nbsp;<\/p>\n<p><a href=\"https:\/\/serveiseducatius.xtec.cat\/riberadebre\/wp-content\/uploads\/usu1126\/2022\/06\/FVW_lAzWAAEgziP.jpg\"><img loading=\"lazy\" decoding=\"async\" class=\"alignnone size-full wp-image-16157\" src=\"https:\/\/serveiseducatius.xtec.cat\/riberadebre\/wp-content\/uploads\/usu1126\/2022\/06\/FVW_lAzWAAEgziP.jpg\" alt=\"\" width=\"554\" height=\"311\" srcset=\"https:\/\/serveiseducatius.xtec.cat\/riberadebre\/wp-content\/uploads\/usu1126\/2022\/06\/FVW_lAzWAAEgziP.jpg 554w, https:\/\/serveiseducatius.xtec.cat\/riberadebre\/wp-content\/uploads\/usu1126\/2022\/06\/FVW_lAzWAAEgziP-300x168.jpg 300w\" sizes=\"auto, (max-width: 554px) 100vw, 554px\" \/><\/a><\/p>\n","protected":false},"excerpt":{"rendered":"<p>21 de juny, Dia Internacional per a l&#8217;Educaci\u00f3 no sexista (enlla\u00e7 a Xtec). &#8220;Com cada 21 de juny, recordem que cal superar el sexisme i l\u2019androcentrisme en la pr\u00e0ctica educativa. Per aconseguir-ho, cal que els i les docents i tota la comunitat educativa ens reinventem i treballem perqu\u00e8 l\u2019alumne\/alumna desenvolupi el propi potencial,\u00a0 creant un [&hellip;]<\/p>\n","protected":false},"author":9,"featured_media":16157,"comment_status":"open","ping_status":"closed","sticky":false,"template":"","format":"standard","meta":{"_bbp_topic_count":0,"_bbp_reply_count":0,"_bbp_total_topic_count":0,"_bbp_total_reply_count":0,"_bbp_voice_count":0,"_bbp_anonymous_reply_count":0,"_bbp_topic_count_hidden":0,"_bbp_reply_count_hidden":0,"_bbp_forum_subforum_count":0,"site-sidebar-layout":"default","site-content-layout":"","ast-site-content-layout":"","site-content-style":"default","site-sidebar-style":"default","ast-global-header-display":"","ast-banner-title-visibility":"","ast-main-header-display":"","ast-hfb-above-header-display":"","ast-hfb-below-header-display":"","ast-hfb-mobile-header-display":"","site-post-title":"","ast-breadcrumbs-content":"","ast-featured-img":"","footer-sml-layout":"","theme-transparent-header-meta":"","adv-header-id-meta":"","stick-header-meta":"","header-above-stick-meta":"","header-main-stick-meta":"","header-below-stick-meta":"","astra-migrate-meta-layouts":"default","ast-page-background-enabled":"default","ast-page-background-meta":{"desktop":{"background-color":"var(--ast-global-color-4)","background-image":"","background-repeat":"repeat","background-position":"center center","background-size":"auto","background-attachment":"scroll","background-type":"","background-media":"","overlay-type":"","overlay-color":"","overlay-opacity":"","overlay-gradient":""},"tablet":{"background-color":"","background-image":"","background-repeat":"repeat","background-position":"center center","background-size":"auto","background-attachment":"scroll","background-type":"","background-media":"","overlay-type":"","overlay-color":"","overlay-opacity":"","overlay-gradient":""},"mobile":{"background-color":"","background-image":"","background-repeat":"repeat","background-position":"center center","background-size":"auto","background-attachment":"scroll","background-type":"","background-media":"","overlay-type":"","overlay-color":"","overlay-opacity":"","overlay-gradient":""}},"ast-content-background-meta":{"desktop":{"background-color":"var(--ast-global-color-5)","background-image":"","background-repeat":"repeat","background-position":"center center","background-size":"auto","background-attachment":"scroll","background-type":"","background-media":"","overlay-type":"","overlay-color":"","overlay-opacity":"","overlay-gradient":""},"tablet":{"background-color":"var(--ast-global-color-5)","background-image":"","background-repeat":"repeat","background-position":"center center","background-size":"auto","background-attachment":"scroll","background-type":"","background-media":"","overlay-type":"","overlay-color":"","overlay-opacity":"","overlay-gradient":""},"mobile":{"background-color":"var(--ast-global-color-5)","background-image":"","background-repeat":"repeat","background-position":"center center","background-size":"auto","background-attachment":"scroll","background-type":"","background-media":"","overlay-type":"","overlay-color":"","overlay-opacity":"","overlay-gradient":""}},"footnotes":""},"categories":[612,505,65,308,296,1,310,1273,735,878,29,76],"tags":[1336,1337,386,1335],"class_list":["post-16156","post","type-post","status-publish","format-standard","has-post-thumbnail","hentry","category-coeducat","category-coeducacio","category-crp","category-escoles","category-full-novetats-crp","category-general","category-institut","category-novetats-juny-2022","category-ods","category-ods-5","category-portada","category-recursos","tag-diainternacionalperaleducacionosexista","tag-diainternacionalperaleducacionosexista2022","tag-coeducacio","tag-dia-internacional-per-a-leducacio-no-sexista"],"post_mailing_queue_ids":[],"_links":{"self":[{"href":"https:\/\/serveiseducatius.xtec.cat\/riberadebre\/wp-json\/wp\/v2\/posts\/16156","targetHints":{"allow":["GET"]}}],"collection":[{"href":"https:\/\/serveiseducatius.xtec.cat\/riberadebre\/wp-json\/wp\/v2\/posts"}],"about":[{"href":"https:\/\/serveiseducatius.xtec.cat\/riberadebre\/wp-json\/wp\/v2\/types\/post"}],"author":[{"embeddable":true,"href":"https:\/\/serveiseducatius.xtec.cat\/riberadebre\/wp-json\/wp\/v2\/users\/9"}],"replies":[{"embeddable":true,"href":"https:\/\/serveiseducatius.xtec.cat\/riberadebre\/wp-json\/wp\/v2\/comments?post=16156"}],"version-history":[{"count":3,"href":"https:\/\/serveiseducatius.xtec.cat\/riberadebre\/wp-json\/wp\/v2\/posts\/16156\/revisions"}],"predecessor-version":[{"id":16172,"href":"https:\/\/serveiseducatius.xtec.cat\/riberadebre\/wp-json\/wp\/v2\/posts\/16156\/revisions\/16172"}],"wp:featuredmedia":[{"embeddable":true,"href":"https:\/\/serveiseducatius.xtec.cat\/riberadebre\/wp-json\/wp\/v2\/media\/16157"}],"wp:attachment":[{"href":"https:\/\/serveiseducatius.xtec.cat\/riberadebre\/wp-json\/wp\/v2\/media?parent=16156"}],"wp:term":[{"taxonomy":"category","embeddable":true,"href":"https:\/\/serveiseducatius.xtec.cat\/riberadebre\/wp-json\/wp\/v2\/categories?post=16156"},{"taxonomy":"post_tag","embeddable":true,"href":"https:\/\/serveiseducatius.xtec.cat\/riberadebre\/wp-json\/wp\/v2\/tags?post=16156"}],"curies":[{"name":"wp","href":"https:\/\/api.w.org\/{rel}","templated":true}]}}