{"id":16070,"date":"2022-06-08T09:00:52","date_gmt":"2022-06-08T07:00:52","guid":{"rendered":"https:\/\/serveiseducatius.xtec.cat\/riberadebre\/?p=16070"},"modified":"2022-06-08T09:02:49","modified_gmt":"2022-06-08T07:02:49","slug":"convocatoria-extraordinaria-innovacio-juny-2022","status":"publish","type":"post","link":"https:\/\/serveiseducatius.xtec.cat\/riberadebre\/portada\/convocatoria-extraordinaria-innovacio-juny-2022\/","title":{"rendered":"CONVOCAT\u00d2RIA EXTRAORDIN\u00c0RIA INNOVACI\u00d3 JUNY 2022"},"content":{"rendered":"<div>Oberta convocat\u00f2ria extraordin\u00e0ria de programes d&#8217;innovaci\u00f3 per ensenyaments d\u2019educaci\u00f3 infantil, prim\u00e0ria, secund\u00e0ria i R\u00e8gim Especial.<\/div>\n<div><\/div>\n<div>Els programes convocats s\u00f3n els seg\u00fcents:<\/div>\n<div><\/div>\n<ul>\n<li>Programa <a href=\"https:\/\/espai.educacio.gencat.cat\/Centres\/Innovacio-pedagogica\/Programes\/magnet\/Pagines\/default.aspx\" target=\"_blank\" rel=\"noopener\" data-saferedirecturl=\"https:\/\/www.google.com\/url?q=https:\/\/espai.educacio.gencat.cat\/Centres\/Innovacio-pedagogica\/Programes\/magnet\/Pagines\/default.aspx&amp;source=gmail&amp;ust=1654337437792000&amp;usg=AOvVaw3lrg0n6U-1xLHKL2UXKG9C\">Magnet. <\/a>Termini de presentaci\u00f3 de sol\u00b7licituds<span style=\"font-family: inherit; font-size: 1em;\">\u00a0fins el <strong>5 de setembre<\/strong><\/span><\/li>\n<li><a href=\"https:\/\/espai.educacio.gencat.cat\/Centres\/Innovacio-pedagogica\/Programes\/xarxa-competencies\/Pagines\/default.aspx\" target=\"_blank\" rel=\"noopener\" data-saferedirecturl=\"https:\/\/www.google.com\/url?q=https:\/\/espai.educacio.gencat.cat\/Centres\/Innovacio-pedagogica\/Programes\/xarxa-competencies\/Pagines\/default.aspx&amp;source=gmail&amp;ust=1654337437792000&amp;usg=AOvVaw20qx5wJFFu_qOgSrkIOnMZ\">Xarxa de compet\u00e8ncies b\u00e0siques: <\/a>Termini de presentaci\u00f3 de sol\u00b7licituds fins el <strong>5 de setembre<\/strong><\/li>\n<li><a href=\"https:\/\/espai.educacio.gencat.cat\/Centres\/Innovacio-pedagogica\/Programes\/Centres-formadors-MUFPS\/Pagines\/default.aspx\" target=\"_blank\" rel=\"noopener\" data-saferedirecturl=\"https:\/\/www.google.com\/url?q=https:\/\/espai.educacio.gencat.cat\/Centres\/Innovacio-pedagogica\/Programes\/Centres-formadors-MUFPS\/Pagines\/default.aspx&amp;source=gmail&amp;ust=1654337437792000&amp;usg=AOvVaw2tP_NfKBPd8uj9tlThWRxh\">Pr\u00e0ctiques del MUFPS en centres formadors. <\/a>Termini de presentaci\u00f3 de sol\u00b7licituds fins el <strong>6 de juliol<\/strong><\/li>\n<li><a style=\"font-family: inherit; font-size: 1em;\" href=\"https:\/\/espai.educacio.gencat.cat\/Centres\/Innovacio-pedagogica\/Programes\/Talent-creatiu\/Pagines\/default.aspx\" target=\"_blank\" rel=\"noopener\" data-saferedirecturl=\"https:\/\/www.google.com\/url?q=https:\/\/espai.educacio.gencat.cat\/Centres\/Innovacio-pedagogica\/Programes\/Talent-creatiu\/Pagines\/default.aspx&amp;source=gmail&amp;ust=1654337437792000&amp;usg=AOvVaw0bnfU2tVQaXkJ8jat3mvBz\">Talent creatiu. <\/a>Termini de presentaci\u00f3 de sol\u00b7licituds fins al <strong>31 de juliol<\/strong><\/li>\n<\/ul>\n<p><a href=\"https:\/\/serveiseducatius.xtec.cat\/riberadebre\/wp-content\/uploads\/usu1126\/2022\/06\/actualitat-839x463-convocatoria-extraordinaria-programes-innovacio-educativa-2022.jpg_223078711.jpg\"><img loading=\"lazy\" decoding=\"async\" class=\"alignnone wp-image-16071\" src=\"https:\/\/serveiseducatius.xtec.cat\/riberadebre\/wp-content\/uploads\/usu1126\/2022\/06\/actualitat-839x463-convocatoria-extraordinaria-programes-innovacio-educativa-2022.jpg_223078711.jpg\" alt=\"\" width=\"405\" height=\"228\" srcset=\"https:\/\/serveiseducatius.xtec.cat\/riberadebre\/wp-content\/uploads\/usu1126\/2022\/06\/actualitat-839x463-convocatoria-extraordinaria-programes-innovacio-educativa-2022.jpg_223078711.jpg 832w, https:\/\/serveiseducatius.xtec.cat\/riberadebre\/wp-content\/uploads\/usu1126\/2022\/06\/actualitat-839x463-convocatoria-extraordinaria-programes-innovacio-educativa-2022.jpg_223078711-300x169.jpg 300w, https:\/\/serveiseducatius.xtec.cat\/riberadebre\/wp-content\/uploads\/usu1126\/2022\/06\/actualitat-839x463-convocatoria-extraordinaria-programes-innovacio-educativa-2022.jpg_223078711-768x432.jpg 768w\" sizes=\"auto, (max-width: 405px) 100vw, 405px\" \/><\/a><\/p>\n<div><\/div>\n","protected":false},"excerpt":{"rendered":"<p>Oberta convocat\u00f2ria extraordin\u00e0ria de programes d&#8217;innovaci\u00f3 per ensenyaments d\u2019educaci\u00f3 infantil, prim\u00e0ria, secund\u00e0ria i R\u00e8gim Especial. Els programes convocats s\u00f3n els seg\u00fcents: Programa Magnet. Termini de presentaci\u00f3 de sol\u00b7licituds\u00a0fins el 5 de setembre Xarxa de compet\u00e8ncies b\u00e0siques: Termini de presentaci\u00f3 de sol\u00b7licituds fins el 5 de setembre Pr\u00e0ctiques del MUFPS en centres formadors. Termini de presentaci\u00f3 [&hellip;]<\/p>\n","protected":false},"author":9,"featured_media":16071,"comment_status":"open","ping_status":"closed","sticky":false,"template":"","format":"standard","meta":{"_bbp_topic_count":0,"_bbp_reply_count":0,"_bbp_total_topic_count":0,"_bbp_total_reply_count":0,"_bbp_voice_count":0,"_bbp_anonymous_reply_count":0,"_bbp_topic_count_hidden":0,"_bbp_reply_count_hidden":0,"_bbp_forum_subforum_count":0,"site-sidebar-layout":"default","site-content-layout":"","ast-site-content-layout":"","site-content-style":"default","site-sidebar-style":"default","ast-global-header-display":"","ast-banner-title-visibility":"","ast-main-header-display":"","ast-hfb-above-header-display":"","ast-hfb-below-header-display":"","ast-hfb-mobile-header-display":"","site-post-title":"","ast-breadcrumbs-content":"","ast-featured-img":"","footer-sml-layout":"","theme-transparent-header-meta":"","adv-header-id-meta":"","stick-header-meta":"","header-above-stick-meta":"","header-main-stick-meta":"","header-below-stick-meta":"","astra-migrate-meta-layouts":"default","ast-page-background-enabled":"default","ast-page-background-meta":{"desktop":{"background-color":"var(--ast-global-color-4)","background-image":"","background-repeat":"repeat","background-position":"center center","background-size":"auto","background-attachment":"scroll","background-type":"","background-media":"","overlay-type":"","overlay-color":"","overlay-opacity":"","overlay-gradient":""},"tablet":{"background-color":"","background-image":"","background-repeat":"repeat","background-position":"center center","background-size":"auto","background-attachment":"scroll","background-type":"","background-media":"","overlay-type":"","overlay-color":"","overlay-opacity":"","overlay-gradient":""},"mobile":{"background-color":"","background-image":"","background-repeat":"repeat","background-position":"center center","background-size":"auto","background-attachment":"scroll","background-type":"","background-media":"","overlay-type":"","overlay-color":"","overlay-opacity":"","overlay-gradient":""}},"ast-content-background-meta":{"desktop":{"background-color":"var(--ast-global-color-5)","background-image":"","background-repeat":"repeat","background-position":"center center","background-size":"auto","background-attachment":"scroll","background-type":"","background-media":"","overlay-type":"","overlay-color":"","overlay-opacity":"","overlay-gradient":""},"tablet":{"background-color":"var(--ast-global-color-5)","background-image":"","background-repeat":"repeat","background-position":"center center","background-size":"auto","background-attachment":"scroll","background-type":"","background-media":"","overlay-type":"","overlay-color":"","overlay-opacity":"","overlay-gradient":""},"mobile":{"background-color":"var(--ast-global-color-5)","background-image":"","background-repeat":"repeat","background-position":"center center","background-size":"auto","background-attachment":"scroll","background-type":"","background-media":"","overlay-type":"","overlay-color":"","overlay-opacity":"","overlay-gradient":""}},"footnotes":""},"categories":[65,308,1166,310,29,465],"tags":[952,1243],"class_list":["post-16070","post","type-post","status-publish","format-standard","has-post-thumbnail","hentry","category-crp","category-escoles","category-innovacio","category-institut","category-portada","category-programes-innovacio","tag-convocatoria-innovacio","tag-convocatoria-innovacio-2022"],"post_mailing_queue_ids":[],"_links":{"self":[{"href":"https:\/\/serveiseducatius.xtec.cat\/riberadebre\/wp-json\/wp\/v2\/posts\/16070","targetHints":{"allow":["GET"]}}],"collection":[{"href":"https:\/\/serveiseducatius.xtec.cat\/riberadebre\/wp-json\/wp\/v2\/posts"}],"about":[{"href":"https:\/\/serveiseducatius.xtec.cat\/riberadebre\/wp-json\/wp\/v2\/types\/post"}],"author":[{"embeddable":true,"href":"https:\/\/serveiseducatius.xtec.cat\/riberadebre\/wp-json\/wp\/v2\/users\/9"}],"replies":[{"embeddable":true,"href":"https:\/\/serveiseducatius.xtec.cat\/riberadebre\/wp-json\/wp\/v2\/comments?post=16070"}],"version-history":[{"count":1,"href":"https:\/\/serveiseducatius.xtec.cat\/riberadebre\/wp-json\/wp\/v2\/posts\/16070\/revisions"}],"predecessor-version":[{"id":16072,"href":"https:\/\/serveiseducatius.xtec.cat\/riberadebre\/wp-json\/wp\/v2\/posts\/16070\/revisions\/16072"}],"wp:featuredmedia":[{"embeddable":true,"href":"https:\/\/serveiseducatius.xtec.cat\/riberadebre\/wp-json\/wp\/v2\/media\/16071"}],"wp:attachment":[{"href":"https:\/\/serveiseducatius.xtec.cat\/riberadebre\/wp-json\/wp\/v2\/media?parent=16070"}],"wp:term":[{"taxonomy":"category","embeddable":true,"href":"https:\/\/serveiseducatius.xtec.cat\/riberadebre\/wp-json\/wp\/v2\/categories?post=16070"},{"taxonomy":"post_tag","embeddable":true,"href":"https:\/\/serveiseducatius.xtec.cat\/riberadebre\/wp-json\/wp\/v2\/tags?post=16070"}],"curies":[{"name":"wp","href":"https:\/\/api.w.org\/{rel}","templated":true}]}}