{"id":16060,"date":"2022-06-04T18:09:02","date_gmt":"2022-06-04T16:09:02","guid":{"rendered":"https:\/\/serveiseducatius.xtec.cat\/riberadebre\/?p=16060"},"modified":"2022-06-13T08:56:00","modified_gmt":"2022-06-13T06:56:00","slug":"exposicio-escola-lluis-vinas-xarxa-competencies","status":"publish","type":"post","link":"https:\/\/serveiseducatius.xtec.cat\/riberadebre\/portada\/exposicio-escola-lluis-vinas-xarxa-competencies\/","title":{"rendered":"Exposici\u00f3 Escola LLu\u00eds Vi\u00f1as Xarxa Compet\u00e8ncies"},"content":{"rendered":"<p>Divendres 3 de juny a Tortosa, Meritxell Masip i Neus Marches exposen el recorregut realitzat aquest curs per l&#8217;equip docent de l&#8217;<a href=\"https:\/\/agora.xtec.cat\/ceipmoradebre\/categoria\/xarxa-de-competencies-basiques\/\" target=\"_blank\" rel=\"noopener\">escola\u00a0 LLu\u00eds Vi\u00f1as de M\u00f3ra d&#8217;Ebre dins la Xarxa de Compet\u00e8ncies<\/a>, amb exemples des d&#8217;educaci\u00f3 infantil fins a cicle superior, en la d<span class=\"css-901oao css-16my406 r-poiln3 r-bcqeeo r-qvutc0\">arrera sessi\u00f3 de la Xarxa de Compet\u00e8ncies B\u00e0siques Territorial, <\/span><span class=\"r-18u37iz\"><a class=\"css-4rbku5 css-18t94o4 css-901oao css-16my406 r-1cvl2hr r-1loqt21 r-poiln3 r-bcqeeo r-qvutc0\" dir=\"ltr\" role=\"link\" href=\"https:\/\/twitter.com\/hashtag\/xcb6?src=hashtag_click\">#xcb6<\/a><\/span><span class=\"css-901oao css-16my406 r-poiln3 r-bcqeeo r-qvutc0\"> dins de la <\/span><a class=\"css-4rbku5 css-18t94o4 css-901oao css-16my406 r-1cvl2hr r-1loqt21 r-poiln3 r-bcqeeo r-qvutc0\" dir=\"ltr\" role=\"link\" href=\"https:\/\/twitter.com\/xarxaCb\">@xarxaCb <\/a>a <span class=\"css-901oao css-16my406 r-poiln3 r-bcqeeo r-qvutc0\">Terres de l&#8217;Ebre <\/span><span class=\"r-18u37iz\"><a class=\"css-4rbku5 css-18t94o4 css-901oao css-16my406 r-1cvl2hr r-1loqt21 r-poiln3 r-bcqeeo r-qvutc0\" dir=\"ltr\" role=\"link\" href=\"https:\/\/twitter.com\/hashtag\/xcb?src=hashtag_click\">#xcb<\/a><\/span><\/p>\n<p>Felicitar a les companyes pel <a href=\"https:\/\/agora.xtec.cat\/ceipmoradebre\/xarxa-de-competencies-basiques\/presentacio-tasca-individual-curs-22-23\/\" target=\"_blank\" rel=\"noopener\">recull realitzat i compartit<\/a> a partir dels acords per evidenciar l&#8217;aprenentatge de l&#8217;alumnat en els treballs globalitzats per projectes o en propostes prioritzades pel centre, com la lectura en veu alta, fent protagonista a l&#8217;alumne a partir de compartir els objectius d&#8217;aprenentatge i els criteris d&#8217;avaluaci\u00f3.<\/p>\n<p>Les orientacions i documents de la xarxa de compet\u00e8ncies com <a href=\"\/Documents\/SE-Joana\/000CURS%202021-22\/XCB\/Carpeta%20daprenentatge.pdf\" target=\"_blank\" rel=\"noopener\">la carpeta d&#8217;aprenentatge <\/a>, les cinc accions per a l&#8217;aprenentatge\u00a0 o l&#8217;avaluaci\u00f3 competencial, <a href=\"https:\/\/xtec.gencat.cat\/web\/.content\/alfresco\/d\/d\/workspace\/SpacesStore\/0024\/fc53024f-626e-423b-877a-932148c56075\/avaluar_per_aprendre.pdf\" target=\"_blank\" rel=\"noopener\">&#8220;Avaluaci\u00f3 vista com a activitat per comprovar qu\u00e8 s\u2019ha apr\u00e8s&#8221; dins l&#8217;AVALUAR PER APRENDRE<\/a>, s\u00f3n les bases del seu treball.<\/p>\n<p>Una bona pr\u00e0ctica que compartim <a href=\"https:\/\/serveiseducatius.xtec.cat\/riberadebre\/?s=xarxa+competencies+basiques\" target=\"_blank\" rel=\"noopener\">dins la Xarxa de Compet\u00e8ncies a la comarca.<\/a><\/p>\n<p><img loading=\"lazy\" decoding=\"async\" class=\"alignnone size-full wp-image-14275\" src=\"https:\/\/serveiseducatius.xtec.cat\/riberadebre\/wp-content\/uploads\/usu1126\/2021\/06\/logo-xcb-color.jpg\" alt=\"\" width=\"538\" height=\"196\" \/><\/p>\n","protected":false},"excerpt":{"rendered":"<p>Divendres 3 de juny a Tortosa, Meritxell Masip i Neus Marches exposen el recorregut realitzat aquest curs per l&#8217;equip docent de l&#8217;escola\u00a0 LLu\u00eds Vi\u00f1as de M\u00f3ra d&#8217;Ebre dins la Xarxa de Compet\u00e8ncies, amb exemples des d&#8217;educaci\u00f3 infantil fins a cicle superior, en la darrera sessi\u00f3 de la Xarxa de Compet\u00e8ncies B\u00e0siques Territorial, #xcb6 dins de [&hellip;]<\/p>\n","protected":false},"author":3,"featured_media":0,"comment_status":"open","ping_status":"closed","sticky":false,"template":"","format":"standard","meta":{"_bbp_topic_count":0,"_bbp_reply_count":0,"_bbp_total_topic_count":0,"_bbp_total_reply_count":0,"_bbp_voice_count":0,"_bbp_anonymous_reply_count":0,"_bbp_topic_count_hidden":0,"_bbp_reply_count_hidden":0,"_bbp_forum_subforum_count":0,"site-sidebar-layout":"default","site-content-layout":"","ast-site-content-layout":"","site-content-style":"default","site-sidebar-style":"default","ast-global-header-display":"","ast-banner-title-visibility":"","ast-main-header-display":"","ast-hfb-above-header-display":"","ast-hfb-below-header-display":"","ast-hfb-mobile-header-display":"","site-post-title":"","ast-breadcrumbs-content":"","ast-featured-img":"","footer-sml-layout":"","theme-transparent-header-meta":"","adv-header-id-meta":"","stick-header-meta":"","header-above-stick-meta":"","header-main-stick-meta":"","header-below-stick-meta":"","astra-migrate-meta-layouts":"default","ast-page-background-enabled":"default","ast-page-background-meta":{"desktop":{"background-color":"var(--ast-global-color-4)","background-image":"","background-repeat":"repeat","background-position":"center center","background-size":"auto","background-attachment":"scroll","background-type":"","background-media":"","overlay-type":"","overlay-color":"","overlay-opacity":"","overlay-gradient":""},"tablet":{"background-color":"","background-image":"","background-repeat":"repeat","background-position":"center center","background-size":"auto","background-attachment":"scroll","background-type":"","background-media":"","overlay-type":"","overlay-color":"","overlay-opacity":"","overlay-gradient":""},"mobile":{"background-color":"","background-image":"","background-repeat":"repeat","background-position":"center center","background-size":"auto","background-attachment":"scroll","background-type":"","background-media":"","overlay-type":"","overlay-color":"","overlay-opacity":"","overlay-gradient":""}},"ast-content-background-meta":{"desktop":{"background-color":"var(--ast-global-color-5)","background-image":"","background-repeat":"repeat","background-position":"center center","background-size":"auto","background-attachment":"scroll","background-type":"","background-media":"","overlay-type":"","overlay-color":"","overlay-opacity":"","overlay-gradient":""},"tablet":{"background-color":"var(--ast-global-color-5)","background-image":"","background-repeat":"repeat","background-position":"center center","background-size":"auto","background-attachment":"scroll","background-type":"","background-media":"","overlay-type":"","overlay-color":"","overlay-opacity":"","overlay-gradient":""},"mobile":{"background-color":"var(--ast-global-color-5)","background-image":"","background-repeat":"repeat","background-position":"center center","background-size":"auto","background-attachment":"scroll","background-type":"","background-media":"","overlay-type":"","overlay-color":"","overlay-opacity":"","overlay-gradient":""}},"footnotes":""},"categories":[499,65,661,308,154,1166,156,29,1167,325],"tags":[],"class_list":["post-16060","post","type-post","status-publish","format-standard","hentry","category-bones-practiques","category-crp","category-escola-lluis-vinas","category-escoles","category-formacio","category-innovacio","category-materials-de-formacio","category-portada","category-practiques-educatives-de-referencia","category-xarxa-competencies-basiques"],"post_mailing_queue_ids":[],"_links":{"self":[{"href":"https:\/\/serveiseducatius.xtec.cat\/riberadebre\/wp-json\/wp\/v2\/posts\/16060","targetHints":{"allow":["GET"]}}],"collection":[{"href":"https:\/\/serveiseducatius.xtec.cat\/riberadebre\/wp-json\/wp\/v2\/posts"}],"about":[{"href":"https:\/\/serveiseducatius.xtec.cat\/riberadebre\/wp-json\/wp\/v2\/types\/post"}],"author":[{"embeddable":true,"href":"https:\/\/serveiseducatius.xtec.cat\/riberadebre\/wp-json\/wp\/v2\/users\/3"}],"replies":[{"embeddable":true,"href":"https:\/\/serveiseducatius.xtec.cat\/riberadebre\/wp-json\/wp\/v2\/comments?post=16060"}],"version-history":[{"count":3,"href":"https:\/\/serveiseducatius.xtec.cat\/riberadebre\/wp-json\/wp\/v2\/posts\/16060\/revisions"}],"predecessor-version":[{"id":16065,"href":"https:\/\/serveiseducatius.xtec.cat\/riberadebre\/wp-json\/wp\/v2\/posts\/16060\/revisions\/16065"}],"wp:attachment":[{"href":"https:\/\/serveiseducatius.xtec.cat\/riberadebre\/wp-json\/wp\/v2\/media?parent=16060"}],"wp:term":[{"taxonomy":"category","embeddable":true,"href":"https:\/\/serveiseducatius.xtec.cat\/riberadebre\/wp-json\/wp\/v2\/categories?post=16060"},{"taxonomy":"post_tag","embeddable":true,"href":"https:\/\/serveiseducatius.xtec.cat\/riberadebre\/wp-json\/wp\/v2\/tags?post=16060"}],"curies":[{"name":"wp","href":"https:\/\/api.w.org\/{rel}","templated":true}]}}