{"id":15684,"date":"2022-04-25T14:12:55","date_gmt":"2022-04-25T12:12:55","guid":{"rendered":"https:\/\/serveiseducatius.xtec.cat\/riberadebre\/?p=15684"},"modified":"2022-04-26T18:44:54","modified_gmt":"2022-04-26T16:44:54","slug":"xerrada-aplicacions-de-la-tecnologia-5-g-a-l-educacio-primaria","status":"publish","type":"post","link":"https:\/\/serveiseducatius.xtec.cat\/riberadebre\/portada\/xerrada-aplicacions-de-la-tecnologia-5-g-a-l-educacio-primaria\/","title":{"rendered":"Xerrada Aplicacions de la tecnologia 5 G a l&#8217; Educaci\u00f3 Prim\u00e0ria"},"content":{"rendered":"<p>Des de CoEbreLab \u00c0rea\u00a0<span class=\"il\">5G<\/span> ens ofereixen una xerrada virtual, dins el marc del Mobile Week Ribera:<\/p>\n<h4>&#8220;Projecte CoEbreLab <span class=\"gmail-il\">5G<\/span> rural Ribera d\u2019Ebre&#8221;<\/h4>\n<h4><b>Dimarts 26 d&#8217;abril a les 17&#8217;30 h .<\/b><\/h4>\n<p>Des del CRP us facilitem l&#8217;enlla\u00e7 al professorat interessat i m\u00e9s informaci\u00f3 o contactes.<\/p>\n<p><img loading=\"lazy\" decoding=\"async\" class=\"alignnone wp-image-15692\" src=\"https:\/\/serveiseducatius.xtec.cat\/riberadebre\/wp-content\/uploads\/usu1126\/2022\/04\/CoEbreLab.png\" alt=\"\" width=\"301\" height=\"115\" srcset=\"https:\/\/serveiseducatius.xtec.cat\/riberadebre\/wp-content\/uploads\/usu1126\/2022\/04\/CoEbreLab.png 820w, https:\/\/serveiseducatius.xtec.cat\/riberadebre\/wp-content\/uploads\/usu1126\/2022\/04\/CoEbreLab-300x114.png 300w, https:\/\/serveiseducatius.xtec.cat\/riberadebre\/wp-content\/uploads\/usu1126\/2022\/04\/CoEbreLab-768x292.png 768w\" sizes=\"auto, (max-width: 301px) 100vw, 301px\" \/><\/p>\n<p>Per a donar a con\u00e8ixer el Laboratori 5G presencial que tenim al pol\u00edgon del Motll\u00f3 de M\u00f3ra la Nova.<\/p>\n<p>Permet desplegar el suport d&#8217;aquesta tecnologia i fer arribar aquest projecte a instituts i escoles per a que la coneguin.<\/p>\n<p>Ofereixen formaci\u00f3, xerrades, visites i el desplegament futur per al seu aprofitament.<\/p>\n<p>Col\u00b7laboren en el PECT i el RuralLabCat com a projectes que s&#8217;ofereixen a les ZERs des de la URV a partir d&#8217;aquest curs en col\u00b7laboraci\u00f3 amb la Diputaci\u00f3 de Tarragona per aplicar aquesta tecnologia a l&#8217;aula amb experts que aniran als centres.<\/p>\n<p>-La realitat augmentada que dona moltes opcions educatives com el metaversos de realitat virtual creant sales.<\/p>\n<p>-Internet de les coses (connexi\u00f3 de molts dispositius).<\/p>\n<p>Hi ha moltes possibilitats en aprenentatges a diferents nivells.<\/p>\n<p>Per a m\u00e9s informaci\u00f3 us podeu adre\u00e7ar a : coebrelab@gmail.com<\/p>\n<p>&nbsp;<\/p>\n<p>&nbsp;<\/p>\n<h4><\/h4>\n","protected":false},"excerpt":{"rendered":"<p>Des de CoEbreLab \u00c0rea\u00a05G ens ofereixen una xerrada virtual, dins el marc del Mobile Week Ribera: &#8220;Projecte CoEbreLab 5G rural Ribera d\u2019Ebre&#8221; Dimarts 26 d&#8217;abril a les 17&#8217;30 h . Des del CRP us facilitem l&#8217;enlla\u00e7 al professorat interessat i m\u00e9s informaci\u00f3 o contactes. Per a donar a con\u00e8ixer el Laboratori 5G presencial que tenim [&hellip;]<\/p>\n","protected":false},"author":3,"featured_media":15692,"comment_status":"open","ping_status":"closed","sticky":false,"template":"","format":"standard","meta":{"_bbp_topic_count":0,"_bbp_reply_count":0,"_bbp_total_topic_count":0,"_bbp_total_reply_count":0,"_bbp_voice_count":0,"_bbp_anonymous_reply_count":0,"_bbp_topic_count_hidden":0,"_bbp_reply_count_hidden":0,"_bbp_forum_subforum_count":0,"site-sidebar-layout":"default","site-content-layout":"","ast-site-content-layout":"","site-content-style":"default","site-sidebar-style":"default","ast-global-header-display":"","ast-banner-title-visibility":"","ast-main-header-display":"","ast-hfb-above-header-display":"","ast-hfb-below-header-display":"","ast-hfb-mobile-header-display":"","site-post-title":"","ast-breadcrumbs-content":"","ast-featured-img":"","footer-sml-layout":"","theme-transparent-header-meta":"","adv-header-id-meta":"","stick-header-meta":"","header-above-stick-meta":"","header-main-stick-meta":"","header-below-stick-meta":"","astra-migrate-meta-layouts":"default","ast-page-background-enabled":"default","ast-page-background-meta":{"desktop":{"background-color":"var(--ast-global-color-4)","background-image":"","background-repeat":"repeat","background-position":"center center","background-size":"auto","background-attachment":"scroll","background-type":"","background-media":"","overlay-type":"","overlay-color":"","overlay-opacity":"","overlay-gradient":""},"tablet":{"background-color":"","background-image":"","background-repeat":"repeat","background-position":"center center","background-size":"auto","background-attachment":"scroll","background-type":"","background-media":"","overlay-type":"","overlay-color":"","overlay-opacity":"","overlay-gradient":""},"mobile":{"background-color":"","background-image":"","background-repeat":"repeat","background-position":"center center","background-size":"auto","background-attachment":"scroll","background-type":"","background-media":"","overlay-type":"","overlay-color":"","overlay-opacity":"","overlay-gradient":""}},"ast-content-background-meta":{"desktop":{"background-color":"var(--ast-global-color-5)","background-image":"","background-repeat":"repeat","background-position":"center center","background-size":"auto","background-attachment":"scroll","background-type":"","background-media":"","overlay-type":"","overlay-color":"","overlay-opacity":"","overlay-gradient":""},"tablet":{"background-color":"var(--ast-global-color-5)","background-image":"","background-repeat":"repeat","background-position":"center center","background-size":"auto","background-attachment":"scroll","background-type":"","background-media":"","overlay-type":"","overlay-color":"","overlay-opacity":"","overlay-gradient":""},"mobile":{"background-color":"var(--ast-global-color-5)","background-image":"","background-repeat":"repeat","background-position":"center center","background-size":"auto","background-attachment":"scroll","background-type":"","background-media":"","overlay-type":"","overlay-color":"","overlay-opacity":"","overlay-gradient":""}},"footnotes":""},"categories":[65,308,63,29,497],"tags":[],"class_list":["post-15684","post","type-post","status-publish","format-standard","has-post-thumbnail","hentry","category-crp","category-escoles","category-noticies","category-portada","category-ribera-debre"],"post_mailing_queue_ids":[],"_links":{"self":[{"href":"https:\/\/serveiseducatius.xtec.cat\/riberadebre\/wp-json\/wp\/v2\/posts\/15684","targetHints":{"allow":["GET"]}}],"collection":[{"href":"https:\/\/serveiseducatius.xtec.cat\/riberadebre\/wp-json\/wp\/v2\/posts"}],"about":[{"href":"https:\/\/serveiseducatius.xtec.cat\/riberadebre\/wp-json\/wp\/v2\/types\/post"}],"author":[{"embeddable":true,"href":"https:\/\/serveiseducatius.xtec.cat\/riberadebre\/wp-json\/wp\/v2\/users\/3"}],"replies":[{"embeddable":true,"href":"https:\/\/serveiseducatius.xtec.cat\/riberadebre\/wp-json\/wp\/v2\/comments?post=15684"}],"version-history":[{"count":3,"href":"https:\/\/serveiseducatius.xtec.cat\/riberadebre\/wp-json\/wp\/v2\/posts\/15684\/revisions"}],"predecessor-version":[{"id":15713,"href":"https:\/\/serveiseducatius.xtec.cat\/riberadebre\/wp-json\/wp\/v2\/posts\/15684\/revisions\/15713"}],"wp:featuredmedia":[{"embeddable":true,"href":"https:\/\/serveiseducatius.xtec.cat\/riberadebre\/wp-json\/wp\/v2\/media\/15692"}],"wp:attachment":[{"href":"https:\/\/serveiseducatius.xtec.cat\/riberadebre\/wp-json\/wp\/v2\/media?parent=15684"}],"wp:term":[{"taxonomy":"category","embeddable":true,"href":"https:\/\/serveiseducatius.xtec.cat\/riberadebre\/wp-json\/wp\/v2\/categories?post=15684"},{"taxonomy":"post_tag","embeddable":true,"href":"https:\/\/serveiseducatius.xtec.cat\/riberadebre\/wp-json\/wp\/v2\/tags?post=15684"}],"curies":[{"name":"wp","href":"https:\/\/api.w.org\/{rel}","templated":true}]}}