{"id":15576,"date":"2022-04-01T09:34:46","date_gmt":"2022-04-01T07:34:46","guid":{"rendered":"https:\/\/serveiseducatius.xtec.cat\/riberadebre\/?p=15576"},"modified":"2022-04-01T09:34:46","modified_gmt":"2022-04-01T07:34:46","slug":"prevencio-i-deteccio-de-la-violencia-masclista-recursos-per-a-les-families-divendrescoeducatiu","status":"publish","type":"post","link":"https:\/\/serveiseducatius.xtec.cat\/riberadebre\/portada\/prevencio-i-deteccio-de-la-violencia-masclista-recursos-per-a-les-families-divendrescoeducatiu\/","title":{"rendered":"PREVENCI\u00d3 I DETECCI\u00d3 DE LA VIOL\u00c8NCIA MASCLISTA. Recursos per a les fam\u00edlies #divendrescoeducatiu"},"content":{"rendered":"<p><a href=\"https:\/\/educacio.gencat.cat\/ca\/arees-actuacio\/families\/ajudem-fills\/violencia-masclista\/\" target=\"_blank\" rel=\"noopener\"><strong>Prevenci\u00f3 i detecci\u00f3 de la viol\u00e8ncia masclista<\/strong><\/a> \u00e9s una secci\u00f3 de l&#8217;espai web <a href=\"https:\/\/educacio.gencat.cat\/ca\/arees-actuacio\/families\/\" target=\"_blank\" rel=\"noopener\"><strong>Fam\u00edlies<\/strong><\/a> que t\u00e9 per objectiu informar i orientar a les fam\u00edlies al voltant de la prevenci\u00f3 i detecci\u00f3 de la viol\u00e8ncia masclista. Recurs per compartir amb les fam\u00edlies dels centres educatius tant de prim\u00e0ria com de secund\u00e0ria.<\/p>\n<p>Est\u00e0 estructurada de la manera seg\u00fcent:<\/p>\n<ul>\n<li><a href=\"https:\/\/educacio.gencat.cat\/ca\/arees-actuacio\/families\/ajudem-fills\/violencia-masclista\/conceptes-basics\/\" target=\"_blank\" rel=\"noopener\"><strong>Conceptes b\u00e0sics:<\/strong><\/a> trobem la definici\u00f3 d&#8217;estereotips de g\u00e8nere, viol\u00e8ncia masclista i actituds i conductes sexistes.<\/li>\n<li><a href=\"https:\/\/educacio.gencat.cat\/ca\/arees-actuacio\/families\/ajudem-fills\/violencia-masclista\/tipus\/\" target=\"_blank\" rel=\"noopener\"><strong>Tipus:<\/strong><\/a> els quatre grans grups de formes i expressions diverses de la viol\u00e8ncia masclista per poder facilitar la seva identificaci\u00f3.<\/li>\n<li><a href=\"https:\/\/educacio.gencat.cat\/ca\/arees-actuacio\/families\/ajudem-fills\/violencia-masclista\/com-saber\/\" target=\"_blank\" rel=\"noopener\"><strong>Com saber:<\/strong><\/a> orientacions tant per saber si la filla \u00e9s v\u00edctima de viol\u00e8ncia masclista com si el fill exerceix viol\u00e8ncia masclista.<\/li>\n<li><a href=\"https:\/\/educacio.gencat.cat\/ca\/arees-actuacio\/families\/ajudem-fills\/violencia-masclista\/que-podem-fer\/\" target=\"_blank\" rel=\"noopener\"><strong>Qu\u00e8 podem fer:<\/strong> <\/a>orientacions i pautes adre\u00e7ades a l&#8217;\u00e0mbit familiar per prevenir la viol\u00e8ncia masclista i educar en la igualtat els fills i filles.<\/li>\n<li><a href=\"https:\/\/educacio.gencat.cat\/ca\/arees-actuacio\/families\/ajudem-fills\/violencia-masclista\/idees-falses\/\" target=\"_blank\" rel=\"noopener\"><strong>Idees falses:<\/strong><\/a> descripci\u00f3 de quines s\u00f3n les idees que condicionen el desenvolupament lliure de les persones i que hem de lluitar per canviar-les.<\/li>\n<li><a href=\"https:\/\/educacio.gencat.cat\/ca\/arees-actuacio\/families\/ajudem-fills\/violencia-masclista\/recursos-eines\/\" target=\"_blank\" rel=\"noopener\"><strong>Recursos i eines:<\/strong> <\/a>enlla\u00e7os a webs i articles d&#8217;inter\u00e8s (Dep.Educaci\u00f3, Institut Catal\u00e0 de les Dones, Fundaci\u00f3 Faros, Mossos d&#8217;Esquadra, Gestionando hijos, Diari Ara&#8230;)<\/li>\n<li><a href=\"https:\/\/educacio.gencat.cat\/ca\/arees-actuacio\/families\/ajudem-fills\/violencia-masclista\/converses\/\" target=\"_blank\" rel=\"noopener\"><strong>Converses:<\/strong><\/a> exemples de converses al voltant de tres eixos (interessos dels fills i filles, amor rom\u00e0ntic i relacions abusives).<\/li>\n<\/ul>\n<p><a href=\"https:\/\/serveiseducatius.xtec.cat\/riberadebre\/wp-content\/uploads\/usu1126\/2022\/04\/actualitat-553x553-gencat-espai-families.jpg_1595044798.jpg\"><img loading=\"lazy\" decoding=\"async\" class=\"alignnone  wp-image-15577\" src=\"https:\/\/serveiseducatius.xtec.cat\/riberadebre\/wp-content\/uploads\/usu1126\/2022\/04\/actualitat-553x553-gencat-espai-families.jpg_1595044798.jpg\" alt=\"\" width=\"288\" height=\"288\" srcset=\"https:\/\/serveiseducatius.xtec.cat\/riberadebre\/wp-content\/uploads\/usu1126\/2022\/04\/actualitat-553x553-gencat-espai-families.jpg_1595044798.jpg 538w, https:\/\/serveiseducatius.xtec.cat\/riberadebre\/wp-content\/uploads\/usu1126\/2022\/04\/actualitat-553x553-gencat-espai-families.jpg_1595044798-300x300.jpg 300w, https:\/\/serveiseducatius.xtec.cat\/riberadebre\/wp-content\/uploads\/usu1126\/2022\/04\/actualitat-553x553-gencat-espai-families.jpg_1595044798-150x150.jpg 150w\" sizes=\"auto, (max-width: 288px) 100vw, 288px\" \/><\/a><\/p>\n","protected":false},"excerpt":{"rendered":"<p>Prevenci\u00f3 i detecci\u00f3 de la viol\u00e8ncia masclista \u00e9s una secci\u00f3 de l&#8217;espai web Fam\u00edlies que t\u00e9 per objectiu informar i orientar a les fam\u00edlies al voltant de la prevenci\u00f3 i detecci\u00f3 de la viol\u00e8ncia masclista. Recurs per compartir amb les fam\u00edlies dels centres educatius tant de prim\u00e0ria com de secund\u00e0ria. Est\u00e0 estructurada de la manera [&hellip;]<\/p>\n","protected":false},"author":9,"featured_media":15577,"comment_status":"open","ping_status":"closed","sticky":false,"template":"","format":"standard","meta":{"_bbp_topic_count":0,"_bbp_reply_count":0,"_bbp_total_topic_count":0,"_bbp_total_reply_count":0,"_bbp_voice_count":0,"_bbp_anonymous_reply_count":0,"_bbp_topic_count_hidden":0,"_bbp_reply_count_hidden":0,"_bbp_forum_subforum_count":0,"site-sidebar-layout":"default","site-content-layout":"","ast-site-content-layout":"","site-content-style":"default","site-sidebar-style":"default","ast-global-header-display":"","ast-banner-title-visibility":"","ast-main-header-display":"","ast-hfb-above-header-display":"","ast-hfb-below-header-display":"","ast-hfb-mobile-header-display":"","site-post-title":"","ast-breadcrumbs-content":"","ast-featured-img":"","footer-sml-layout":"","theme-transparent-header-meta":"","adv-header-id-meta":"","stick-header-meta":"","header-above-stick-meta":"","header-main-stick-meta":"","header-below-stick-meta":"","astra-migrate-meta-layouts":"default","ast-page-background-enabled":"default","ast-page-background-meta":{"desktop":{"background-color":"var(--ast-global-color-4)","background-image":"","background-repeat":"repeat","background-position":"center center","background-size":"auto","background-attachment":"scroll","background-type":"","background-media":"","overlay-type":"","overlay-color":"","overlay-opacity":"","overlay-gradient":""},"tablet":{"background-color":"","background-image":"","background-repeat":"repeat","background-position":"center center","background-size":"auto","background-attachment":"scroll","background-type":"","background-media":"","overlay-type":"","overlay-color":"","overlay-opacity":"","overlay-gradient":""},"mobile":{"background-color":"","background-image":"","background-repeat":"repeat","background-position":"center center","background-size":"auto","background-attachment":"scroll","background-type":"","background-media":"","overlay-type":"","overlay-color":"","overlay-opacity":"","overlay-gradient":""}},"ast-content-background-meta":{"desktop":{"background-color":"var(--ast-global-color-5)","background-image":"","background-repeat":"repeat","background-position":"center center","background-size":"auto","background-attachment":"scroll","background-type":"","background-media":"","overlay-type":"","overlay-color":"","overlay-opacity":"","overlay-gradient":""},"tablet":{"background-color":"var(--ast-global-color-5)","background-image":"","background-repeat":"repeat","background-position":"center center","background-size":"auto","background-attachment":"scroll","background-type":"","background-media":"","overlay-type":"","overlay-color":"","overlay-opacity":"","overlay-gradient":""},"mobile":{"background-color":"var(--ast-global-color-5)","background-image":"","background-repeat":"repeat","background-position":"center center","background-size":"auto","background-attachment":"scroll","background-type":"","background-media":"","overlay-type":"","overlay-color":"","overlay-opacity":"","overlay-gradient":""}},"footnotes":""},"categories":[505,65,308,296,310,1228,735,878,29,1168,76],"tags":[889,542,964],"class_list":["post-15576","post","type-post","status-publish","format-standard","has-post-thumbnail","hentry","category-coeducacio","category-crp","category-escoles","category-full-novetats-crp","category-institut","category-novetats-abril-2022","category-ods","category-ods-5","category-portada","category-prevencio-violencies","category-recursos","tag-divendrescoeducatiu","tag-prevencio-violencia-masclista","tag-prevencio-violencies"],"post_mailing_queue_ids":[],"_links":{"self":[{"href":"https:\/\/serveiseducatius.xtec.cat\/riberadebre\/wp-json\/wp\/v2\/posts\/15576","targetHints":{"allow":["GET"]}}],"collection":[{"href":"https:\/\/serveiseducatius.xtec.cat\/riberadebre\/wp-json\/wp\/v2\/posts"}],"about":[{"href":"https:\/\/serveiseducatius.xtec.cat\/riberadebre\/wp-json\/wp\/v2\/types\/post"}],"author":[{"embeddable":true,"href":"https:\/\/serveiseducatius.xtec.cat\/riberadebre\/wp-json\/wp\/v2\/users\/9"}],"replies":[{"embeddable":true,"href":"https:\/\/serveiseducatius.xtec.cat\/riberadebre\/wp-json\/wp\/v2\/comments?post=15576"}],"version-history":[{"count":1,"href":"https:\/\/serveiseducatius.xtec.cat\/riberadebre\/wp-json\/wp\/v2\/posts\/15576\/revisions"}],"predecessor-version":[{"id":15578,"href":"https:\/\/serveiseducatius.xtec.cat\/riberadebre\/wp-json\/wp\/v2\/posts\/15576\/revisions\/15578"}],"wp:featuredmedia":[{"embeddable":true,"href":"https:\/\/serveiseducatius.xtec.cat\/riberadebre\/wp-json\/wp\/v2\/media\/15577"}],"wp:attachment":[{"href":"https:\/\/serveiseducatius.xtec.cat\/riberadebre\/wp-json\/wp\/v2\/media?parent=15576"}],"wp:term":[{"taxonomy":"category","embeddable":true,"href":"https:\/\/serveiseducatius.xtec.cat\/riberadebre\/wp-json\/wp\/v2\/categories?post=15576"},{"taxonomy":"post_tag","embeddable":true,"href":"https:\/\/serveiseducatius.xtec.cat\/riberadebre\/wp-json\/wp\/v2\/tags?post=15576"}],"curies":[{"name":"wp","href":"https:\/\/api.w.org\/{rel}","templated":true}]}}