{"id":15274,"date":"2022-02-11T09:34:16","date_gmt":"2022-02-11T08:34:16","guid":{"rendered":"https:\/\/serveiseducatius.xtec.cat\/riberadebre\/?p=15274"},"modified":"2022-02-11T09:34:16","modified_gmt":"2022-02-11T08:34:16","slug":"serie-danimacio-la-mujer-en-la-ciencia-divendrescoeducatiu","status":"publish","type":"post","link":"https:\/\/serveiseducatius.xtec.cat\/riberadebre\/general\/serie-danimacio-la-mujer-en-la-ciencia-divendrescoeducatiu\/","title":{"rendered":"S\u00c8RIE D&#8217;ANIMACI\u00d3 &#8220;LA MUJER EN LA CIENCIA&#8221; #divendrescoeducatiu"},"content":{"rendered":"<p>S\u00e8rie d&#8217;animaci\u00f3 de <strong><a href=\"https:\/\/mujeresconciencia.com\/2019\/11\/19\/serie-de-animacion-la-mujer-en-la-ciencia\/\" target=\"_blank\" rel=\"noopener\">Mujeres con Ciencia<\/a> <\/strong>protagonitzada per cient\u00edfiques rellevants. Les il\u00b7lustracions i l&#8217;animaci\u00f3 dels v\u00eddeos del projecte s\u00f3n del professor de\u00a0 bioqu\u00edmica de la Universitat de Navarra <a href=\"https:\/\/www.unav.edu\/web\/departamento-de-bioquimica-y-genetica\/inigo-izal-azcarate\" target=\"_blank\" rel=\"noopener\">I\u00f1igo Izal Azc\u00e1rate<\/a> i\u00a0 la narraci\u00f3 en veu en off va a c\u00e0rrec de la periodista Eva Lus\u00a0(<a href=\"https:\/\/www.unav.edu\/web\/vida-universitaria\/radio\" target=\"_blank\" rel=\"noopener noreferrer\">Radio Universidad de Navarra<\/a>). Tamb\u00e9 col\u00b7laboren en esta s\u00e8rie d&#8217;animaci\u00f3 el grupo <a title=\"Women for Science and Technology\" href=\"https:\/\/www.unav.edu\/web\/women-for-science-and-technology\" target=\"_blank\" rel=\"noopener noreferrer\">Women for Science and Technology<\/a> i altres professionals experts.<\/p>\n<p>Els articles amb tota la informaci\u00f3 i v\u00eddeos de les cient\u00edfiques que teniu a la vostra disposici\u00f3 s\u00f3n:<\/p>\n<ul>\n<li>La microbi\u00f3loga<b>\u00a0<\/b><a href=\"https:\/\/mujeresconciencia.com\/2015\/01\/29\/alice-catherine-evans-microbiologa\/\" target=\"_blank\" rel=\"noopener noreferrer\"><b>Alice Catherine Evans<\/b><\/a> (1881-1975) <a href=\"https:\/\/youtu.be\/Et4j9Y_v8OQ\" target=\"_blank\" rel=\"noopener\">Enlla\u00e7 al v\u00eddeo<\/a><\/li>\n<li>La infermera i estad\u00edstica\u00a0 <a href=\"https:\/\/mujeresconciencia.com\/2015\/05\/12\/florence-nightingale-enfermera-y-estadistica\/\" target=\"_blank\" rel=\"noopener noreferrer\"><b>Florence Nightingale<\/b><\/a> (1820-1910) <a href=\"https:\/\/youtu.be\/aluTORun4r4\" target=\"_blank\" rel=\"noopener\">Enlla\u00e7 al v\u00eddeo<\/a><\/li>\n<li>La bi\u00f2loga i divulgadora<b>\u00a0<\/b><a href=\"https:\/\/mujeresconciencia.com\/2014\/05\/27\/rachel-louise-carson\/\" target=\"_blank\" rel=\"noopener noreferrer\"><b>Rachel Louise Carson<\/b><\/a> (1907-1964) <a href=\"https:\/\/youtu.be\/ULV018cz8pI\" target=\"_blank\" rel=\"noopener\">Enlla\u00e7 al v\u00eddeo<\/a><\/li>\n<li>L&#8217;astr\u00f2noma\u00a0 <a href=\"https:\/\/mujeresconciencia.com\/2014\/05\/10\/cecilia-payne-nacio-el-10-de-mayo-de-1900\/\" target=\"_blank\" rel=\"noopener noreferrer\"><strong>Cecilia Payne-Gaposchkin<\/strong><\/a> (1900-1979) <a href=\"https:\/\/youtu.be\/MaEDuRqeQ54\" target=\"_blank\" rel=\"noopener\">Enlla\u00e7 al v\u00eddeo<\/a><\/li>\n<li>La bioqu\u00edmica<a href=\"https:\/\/mujeresconciencia.com\/2014\/11\/30\/margarita-salas-falgueras-bioquimica\/\" target=\"_blank\" rel=\"noopener noreferrer\"><strong> Margarita Salas<\/strong><\/a> (1938-2019) <a href=\"https:\/\/youtu.be\/kNbKgonROk8\" target=\"_blank\" rel=\"noopener\">Enlla\u00e7 al v\u00eddeo\u00a0<\/a><\/li>\n<li>La vir\u00f2loga<a href=\"https:\/\/mujeresconciencia.com\/2020\/05\/21\/june-almeida-y-el-retrato-de-los-coronavirus\/\" target=\"_blank\" rel=\"noopener noreferrer\"><strong> June Almeida<\/strong><\/a> (1930-2007) <a href=\"https:\/\/youtu.be\/K3xYMxJCjE0\" target=\"_blank\" rel=\"noopener\">Enlla\u00e7 al v\u00eddeo<\/a><\/li>\n<li>La vir\u00f2loga<a href=\"https:\/\/mujeresconciencia.com\/2017\/08\/20\/isabel-merrick-morgan\/\" target=\"_blank\" rel=\"noopener noreferrer\"><strong> Isabel Morgan<\/strong><\/a> (1911-1996) <a href=\"https:\/\/youtu.be\/oidWNG69QPQ\" target=\"_blank\" rel=\"noopener\">Enlla\u00e7 al v\u00eddeo\u00a0<\/a><\/li>\n<li>La pionera en programaci\u00f3<a href=\"https:\/\/mujeresconciencia.com\/2014\/12\/10\/ada-lovelace-pionera-en-programacion\/\" target=\"_blank\" rel=\"noopener noreferrer\"><strong> Ada Lovelace<\/strong><\/a> (1815-1852) <a href=\"https:\/\/youtu.be\/iNIFE685mHo\" target=\"_blank\" rel=\"noopener\">Enlla\u00e7 al v\u00eddeo\u00a0<\/a><\/li>\n<li><span dir=\"auto\">La bioqu\u00edmica<\/span><strong><span dir=\"auto\"><a href=\"https:\/\/mujeresconciencia.com\/2014\/08\/15\/gerty-cori-bioquimica\/\" target=\"_blank\" rel=\"noopener noreferrer\"> Gerty Cori<\/a><\/span><\/strong><span dir=\"auto\">(1896-1957) <a href=\"https:\/\/youtu.be\/50p7yQMZ9eE\" target=\"_blank\" rel=\"noopener\">Enlla\u00e7 al v\u00eddeo<\/a><\/span><\/li>\n<li><span dir=\"auto\">L&#8217;astr\u00f2noma<a href=\"https:\/\/mujeresconciencia.com\/2014\/08\/01\/maria-mitchell-astronoma\/\" target=\"_blank\" rel=\"noopener noreferrer\"> <strong>Maria Mitchell<\/strong><\/a> (1818-1889) <a href=\"https:\/\/youtu.be\/UkTvN9ISrCA\" target=\"_blank\" rel=\"noopener\">Enlla\u00e7 al v\u00eddeo<\/a>\u00a0<\/span><\/li>\n<li><span dir=\"auto\">La paleont\u00f2loga<a href=\"https:\/\/mujeresconciencia.com\/2014\/05\/21\/mary-anning-buscadora-de-fosiles\/\" target=\"_blank\" rel=\"noopener noreferrer\"><strong> de Mary Anning<\/strong><\/a> (1799-1847) <a href=\"https:\/\/youtu.be\/y0rjAUi_RYk\" target=\"_blank\" rel=\"noopener\">Enlla\u00e7 al v\u00eddeo\u00a0<\/a><\/span><\/li>\n<li><span dir=\"auto\">La cristal\u00f2grafa<a href=\"https:\/\/mujeresconciencia.com\/2014\/06\/22\/ada-yonath-cristalografa\/\" target=\"_blank\" rel=\"noopener noreferrer\"><strong> Ada Yonath<\/strong><\/a> (1939) <a href=\"https:\/\/youtu.be\/iFHS-OW0OgE\" target=\"_blank\" rel=\"noopener\">Enlla\u00e7 al v\u00eddeo<\/a>\u00a0<\/span><\/li>\n<li><span dir=\"auto\">La bi\u00f2loga <a href=\"https:\/\/mujeresconciencia.com\/2015\/03\/05\/lynn-margulis-biologa\/\" target=\"_blank\" rel=\"noopener noreferrer\"><strong>Lynn Margulis<\/strong><\/a> (1938-2011) <a href=\"https:\/\/youtu.be\/MmSf4FWdz7E\" target=\"_blank\" rel=\"noopener\">Enlla\u00e7 al v\u00eddeo\u00a0<\/a><\/span><\/li>\n<li><span dir=\"auto\">La bot\u00e0nica<strong><a href=\"https:\/\/mujeresconciencia.com\/2016\/11\/04\/7332\/\" target=\"_blank\" rel=\"noopener noreferrer\"> Janaki Ammal<\/a><\/strong> (1897-1984) <a href=\"https:\/\/youtu.be\/1YOWlBEKoVQ\" target=\"_blank\" rel=\"noopener\">Enlla\u00e7 al v\u00eddeo<\/a>\u00a0<\/span><\/li>\n<\/ul>\n<p><a href=\"https:\/\/serveiseducatius.xtec.cat\/riberadebre\/wp-content\/uploads\/usu1126\/2022\/02\/baixa.png\"><img loading=\"lazy\" decoding=\"async\" class=\"alignnone size-full wp-image-15297\" src=\"https:\/\/serveiseducatius.xtec.cat\/riberadebre\/wp-content\/uploads\/usu1126\/2022\/02\/baixa.png\" alt=\"\" width=\"319\" height=\"158\" srcset=\"https:\/\/serveiseducatius.xtec.cat\/riberadebre\/wp-content\/uploads\/usu1126\/2022\/02\/baixa.png 319w, https:\/\/serveiseducatius.xtec.cat\/riberadebre\/wp-content\/uploads\/usu1126\/2022\/02\/baixa-300x149.png 300w\" sizes=\"auto, (max-width: 319px) 100vw, 319px\" \/><\/a><em>*imatge propietat de Mujeres con ciencia<\/em><\/p>\n","protected":false},"excerpt":{"rendered":"<p>S\u00e8rie d&#8217;animaci\u00f3 de Mujeres con Ciencia protagonitzada per cient\u00edfiques rellevants. Les il\u00b7lustracions i l&#8217;animaci\u00f3 dels v\u00eddeos del projecte s\u00f3n del professor de\u00a0 bioqu\u00edmica de la Universitat de Navarra I\u00f1igo Izal Azc\u00e1rate i\u00a0 la narraci\u00f3 en veu en off va a c\u00e0rrec de la periodista Eva Lus\u00a0(Radio Universidad de Navarra). Tamb\u00e9 col\u00b7laboren en esta s\u00e8rie d&#8217;animaci\u00f3 [&hellip;]<\/p>\n","protected":false},"author":9,"featured_media":15297,"comment_status":"open","ping_status":"closed","sticky":false,"template":"","format":"standard","meta":{"_bbp_topic_count":0,"_bbp_reply_count":0,"_bbp_total_topic_count":0,"_bbp_total_reply_count":0,"_bbp_voice_count":0,"_bbp_anonymous_reply_count":0,"_bbp_topic_count_hidden":0,"_bbp_reply_count_hidden":0,"_bbp_forum_subforum_count":0,"site-sidebar-layout":"default","site-content-layout":"","ast-site-content-layout":"","site-content-style":"default","site-sidebar-style":"default","ast-global-header-display":"","ast-banner-title-visibility":"","ast-main-header-display":"","ast-hfb-above-header-display":"","ast-hfb-below-header-display":"","ast-hfb-mobile-header-display":"","site-post-title":"","ast-breadcrumbs-content":"","ast-featured-img":"","footer-sml-layout":"","theme-transparent-header-meta":"","adv-header-id-meta":"","stick-header-meta":"","header-above-stick-meta":"","header-main-stick-meta":"","header-below-stick-meta":"","astra-migrate-meta-layouts":"default","ast-page-background-enabled":"default","ast-page-background-meta":{"desktop":{"background-color":"var(--ast-global-color-4)","background-image":"","background-repeat":"repeat","background-position":"center center","background-size":"auto","background-attachment":"scroll","background-type":"","background-media":"","overlay-type":"","overlay-color":"","overlay-opacity":"","overlay-gradient":""},"tablet":{"background-color":"","background-image":"","background-repeat":"repeat","background-position":"center center","background-size":"auto","background-attachment":"scroll","background-type":"","background-media":"","overlay-type":"","overlay-color":"","overlay-opacity":"","overlay-gradient":""},"mobile":{"background-color":"","background-image":"","background-repeat":"repeat","background-position":"center center","background-size":"auto","background-attachment":"scroll","background-type":"","background-media":"","overlay-type":"","overlay-color":"","overlay-opacity":"","overlay-gradient":""}},"ast-content-background-meta":{"desktop":{"background-color":"var(--ast-global-color-5)","background-image":"","background-repeat":"repeat","background-position":"center center","background-size":"auto","background-attachment":"scroll","background-type":"","background-media":"","overlay-type":"","overlay-color":"","overlay-opacity":"","overlay-gradient":""},"tablet":{"background-color":"var(--ast-global-color-5)","background-image":"","background-repeat":"repeat","background-position":"center center","background-size":"auto","background-attachment":"scroll","background-type":"","background-media":"","overlay-type":"","overlay-color":"","overlay-opacity":"","overlay-gradient":""},"mobile":{"background-color":"var(--ast-global-color-5)","background-image":"","background-repeat":"repeat","background-position":"center center","background-size":"auto","background-attachment":"scroll","background-type":"","background-media":"","overlay-type":"","overlay-color":"","overlay-opacity":"","overlay-gradient":""}},"footnotes":""},"categories":[301,505,65,308,296,1,310,1186,735,878,29,1198,76],"tags":[889,582,1214],"class_list":["post-15274","post","type-post","status-publish","format-standard","has-post-thumbnail","hentry","category-ciencia","category-coeducacio","category-crp","category-escoles","category-full-novetats-crp","category-general","category-institut","category-novetats-febrer-2022","category-ods","category-ods-5","category-portada","category-propostes-cinematografiques-coeducatives","category-recursos","tag-divendrescoeducatiu","tag-dia-internacional-de-la-dona-i-la-nena-a-la-ciencia","tag-dia-internacional-de-la-dona-i-la-nena-a-la-ciencia-2022"],"post_mailing_queue_ids":[],"_links":{"self":[{"href":"https:\/\/serveiseducatius.xtec.cat\/riberadebre\/wp-json\/wp\/v2\/posts\/15274","targetHints":{"allow":["GET"]}}],"collection":[{"href":"https:\/\/serveiseducatius.xtec.cat\/riberadebre\/wp-json\/wp\/v2\/posts"}],"about":[{"href":"https:\/\/serveiseducatius.xtec.cat\/riberadebre\/wp-json\/wp\/v2\/types\/post"}],"author":[{"embeddable":true,"href":"https:\/\/serveiseducatius.xtec.cat\/riberadebre\/wp-json\/wp\/v2\/users\/9"}],"replies":[{"embeddable":true,"href":"https:\/\/serveiseducatius.xtec.cat\/riberadebre\/wp-json\/wp\/v2\/comments?post=15274"}],"version-history":[{"count":2,"href":"https:\/\/serveiseducatius.xtec.cat\/riberadebre\/wp-json\/wp\/v2\/posts\/15274\/revisions"}],"predecessor-version":[{"id":15298,"href":"https:\/\/serveiseducatius.xtec.cat\/riberadebre\/wp-json\/wp\/v2\/posts\/15274\/revisions\/15298"}],"wp:featuredmedia":[{"embeddable":true,"href":"https:\/\/serveiseducatius.xtec.cat\/riberadebre\/wp-json\/wp\/v2\/media\/15297"}],"wp:attachment":[{"href":"https:\/\/serveiseducatius.xtec.cat\/riberadebre\/wp-json\/wp\/v2\/media?parent=15274"}],"wp:term":[{"taxonomy":"category","embeddable":true,"href":"https:\/\/serveiseducatius.xtec.cat\/riberadebre\/wp-json\/wp\/v2\/categories?post=15274"},{"taxonomy":"post_tag","embeddable":true,"href":"https:\/\/serveiseducatius.xtec.cat\/riberadebre\/wp-json\/wp\/v2\/tags?post=15274"}],"curies":[{"name":"wp","href":"https:\/\/api.w.org\/{rel}","templated":true}]}}