{"id":15203,"date":"2022-01-28T08:57:17","date_gmt":"2022-01-28T07:57:17","guid":{"rendered":"https:\/\/serveiseducatius.xtec.cat\/riberadebre\/?p=15203"},"modified":"2022-06-07T14:05:40","modified_gmt":"2022-06-07T12:05:40","slug":"xiv-jornada-deducacio-infantil-terres-de-lebre-mirada-atenta-a-leducacio-infantil-els-objectius-de-desenvolupament-sostenible-ods","status":"publish","type":"post","link":"https:\/\/serveiseducatius.xtec.cat\/riberadebre\/portada\/xiv-jornada-deducacio-infantil-terres-de-lebre-mirada-atenta-a-leducacio-infantil-els-objectius-de-desenvolupament-sostenible-ods\/","title":{"rendered":"XIV Jornada d&#8217;Educaci\u00f3 Infantil Terres de l&#8217;Ebre. Mirada atenta a l&#8217;Educaci\u00f3 Infantil, els objectius de desenvolupament sostenible (ODS)"},"content":{"rendered":"<h5>JORNADA VIRTUAL D&#8217;EDUCACI\u00d3 INFANTIL\u00a0 TE\u00a0 DEDICADA\u00a0 ALS\u00a0 ODS<\/h5>\n<h5>19 de febrer\u00a0de 9,00h a 14,00h<\/h5>\n<p style=\"font-weight: 400;\">INSCRIPCI\u00d3 OBERTA\u00a0 :<\/p>\n<p style=\"font-weight: 400;\"><strong>Activitat reconeguda pel Departament d&#8217;Educaci\u00f3 a trav\u00e9s de l&#8217;ICE URV (codi\u00a08000040021)\u00a0amb una certificaci\u00f3 de 5 hores.<\/strong><\/p>\n<p style=\"font-weight: 400;\"><a href=\"https:\/\/eur03.safelinks.protection.outlook.com\/?url=http%3A%2F%2Fxtec.gencat.cat%2Fca%2Fformacio%2Finfo-general%2Fcercador-activitats%2F&amp;data=04%7C01%7Ccecilia.valls%40gencat.cat%7Cce85aff1049f41badafb08d9e172dd4a%7C3b9427dcd30e43bc8c06ff7253676fec%7C1%7C0%7C637788705735820018%7CUnknown%7CTWFpbGZsb3d8eyJWIjoiMC4wLjAwMDAiLCJQIjoiV2luMzIiLCJBTiI6Ik1haWwiLCJXVCI6Mn0%3D%7C3000&amp;sdata=WGji4wLCGKC2zuX3y%2BPYs%2BkHfBlsbYvhpaeW2wZEANw%3D&amp;reserved=0\" data-saferedirecturl=\"https:\/\/www.google.com\/url?q=https:\/\/eur03.safelinks.protection.outlook.com\/?url%3Dhttp%253A%252F%252Fxtec.gencat.cat%252Fca%252Fformacio%252Finfo-general%252Fcercador-activitats%252F%26data%3D04%257C01%257Ccecilia.valls%2540gencat.cat%257Cce85aff1049f41badafb08d9e172dd4a%257C3b9427dcd30e43bc8c06ff7253676fec%257C1%257C0%257C637788705735820018%257CUnknown%257CTWFpbGZsb3d8eyJWIjoiMC4wLjAwMDAiLCJQIjoiV2luMzIiLCJBTiI6Ik1haWwiLCJXVCI6Mn0%253D%257C3000%26sdata%3DWGji4wLCGKC2zuX3y%252BPYs%252BkHfBlsbYvhpaeW2wZEANw%253D%26reserved%3D0&amp;source=gmail&amp;ust=1643365515239000&amp;usg=AOvVaw32jowIuCwF2CVz6-m2O6lZ\">http:\/\/xtec.gencat.cat\/ca\/formacio\/info-general\/cercador-activitats\/<\/a><\/p>\n<p>Les persones inscrites rebran amb antelaci\u00f3 l&#8217;enlla\u00e7 a la jornada.<\/p>\n<p style=\"font-weight: 400;\"><strong>PROGRAMA:\u00a0<\/strong><\/p>\n<p style=\"font-weight: 400;\">09.15 h. Inauguraci\u00f3 de la jornada.<\/p>\n<p>09.30 h. Sra. M\u00aa Carme Boqu\u00e9 Torremorell. Mestra, doctora en Pedagogia i Professora de la Universitat Ramon Llull. \u201cEls reptes dels ODS a l\u2019aula d\u2019infantil\u201d.<\/p>\n<p style=\"font-weight: 400;\">10.30 h. <strong>Escola Enric Grau Fontser\u00e9 de Flix \u2013 Escola P\u00e0mies de Ginestar. \u201cProjecte Enfocat\u201d.<\/strong><\/p>\n<p style=\"font-weight: 400;\">11.15 h. Descans.<\/p>\n<p style=\"font-weight: 400;\">11.45 h. Escola Montsagre d\u2019Horta de Sant Joan. \u201cL\u2019hort ecol\u00f2gic, espai d\u2019aprenentatge\u201d.<\/p>\n<p style=\"font-weight: 400;\">12.30 h. \u00c0rea 5G Terres de l\u2019Ebre. Fundaci\u00f3 i2CAT.i Consell Comarcal Ribera d\u2019Ebre. \u201cAplicacions de la tecnologia 5G en Educaci\u00f3n Infantil\u201d.<\/p>\n<p style=\"font-weight: 400;\">13.15 h. Cloenda de la jornada.<\/p>\n<p>Un dels objectius de la jornada \u00e9s con\u00e8ixer els desafiaments i oportunitats de la implementaci\u00f3 dels ODS.<\/p>\n<p><a href=\"https:\/\/educacio.gencat.cat\/ca\/departament\/linies-estrategiques\/ods\/catalunya2030\/\"><img loading=\"lazy\" decoding=\"async\" class=\"alignnone wp-image-15204\" src=\"https:\/\/serveiseducatius.xtec.cat\/riberadebre\/wp-content\/uploads\/usu1126\/2022\/01\/agenda2030-gran.jpg_1938727621.jpg\" alt=\"\" width=\"320\" height=\"192\" srcset=\"https:\/\/serveiseducatius.xtec.cat\/riberadebre\/wp-content\/uploads\/usu1126\/2022\/01\/agenda2030-gran.jpg_1938727621.jpg 996w, https:\/\/serveiseducatius.xtec.cat\/riberadebre\/wp-content\/uploads\/usu1126\/2022\/01\/agenda2030-gran.jpg_1938727621-300x181.jpg 300w, https:\/\/serveiseducatius.xtec.cat\/riberadebre\/wp-content\/uploads\/usu1126\/2022\/01\/agenda2030-gran.jpg_1938727621-768x463.jpg 768w\" sizes=\"auto, (max-width: 320px) 100vw, 320px\" \/><\/a><\/p>\n<p style=\"font-weight: 400;\">El 2015, l&#8217;ONU va aprovar l&#8217;Agenda 2030 sobre el Desenvolupament Sostenible, una oportunitat perqu\u00e8 els pa\u00efsos i les seves societats emprenguin un nou cam\u00ed per millorar la vida de tots, sense deixar ning\u00fa enrere. L&#8217;Agenda compta amb 17 objectius de desenvolupament sostenible, que inclouen des de l&#8217;eliminaci\u00f3 de la pobresa fins al canvi clim\u00e0tic, l&#8217;educaci\u00f3, la igualtat de la dona, la defensa del medi ambient o el disseny de les nostres ciutats.<\/p>\n<p style=\"font-weight: 400;\">Cada objectiu t\u00e9 indicadors espec\u00edfics i per assolir-los tothom ha de contribuir: els governs, el sector privat, la societat civil i per suposat els docents presentant propostes did\u00e0ctiques d\u2019enfocament globalitzat al voltant dels <a href=\"https:\/\/educacio.gencat.cat\/ca\/departament\/linies-estrategiques\/ods\/els-17-ods\/\" target=\"_blank\" rel=\"noopener\">Objectius de Desenvolupament Sostenible<\/a> (OSD).<\/p>\n<table style=\"font-weight: 400;\">\n<tbody>\n<tr>\n<td><\/td>\n<\/tr>\n<tr>\n<td><strong>\u00a0\u00a0\u00a0<\/strong><\/p>\n<p>M\u00e9s informaci\u00f3:<\/p>\n<p>&nbsp;<\/p>\n<p><a href=\"https:\/\/eur03.safelinks.protection.outlook.com\/?url=https%3A%2F%2Fwww.campusebre.urv.cat%2Fca%2Fvida-al-campus%2Fjornades-educacio-infantil%2F&amp;data=04%7C01%7Ccecilia.valls%40gencat.cat%7Cce85aff1049f41badafb08d9e172dd4a%7C3b9427dcd30e43bc8c06ff7253676fec%7C1%7C0%7C637788705735820018%7CUnknown%7CTWFpbGZsb3d8eyJWIjoiMC4wLjAwMDAiLCJQIjoiV2luMzIiLCJBTiI6Ik1haWwiLCJXVCI6Mn0%3D%7C3000&amp;sdata=kfGM1iYw9fNylFaxAGQvQ9z23WJaMLCJ1bIT8CitAvY%3D&amp;reserved=0\" data-saferedirecturl=\"https:\/\/www.google.com\/url?q=https:\/\/eur03.safelinks.protection.outlook.com\/?url%3Dhttps%253A%252F%252Fwww.campusebre.urv.cat%252Fca%252Fvida-al-campus%252Fjornades-educacio-infantil%252F%26data%3D04%257C01%257Ccecilia.valls%2540gencat.cat%257Cce85aff1049f41badafb08d9e172dd4a%257C3b9427dcd30e43bc8c06ff7253676fec%257C1%257C0%257C637788705735820018%257CUnknown%257CTWFpbGZsb3d8eyJWIjoiMC4wLjAwMDAiLCJQIjoiV2luMzIiLCJBTiI6Ik1haWwiLCJXVCI6Mn0%253D%257C3000%26sdata%3DkfGM1iYw9fNylFaxAGQvQ9z23WJaMLCJ1bIT8CitAvY%253D%26reserved%3D0&amp;source=gmail&amp;ust=1643365515239000&amp;usg=AOvVaw1XVb5I9cFqBv-Qlz0vhcaS\">https:\/\/www.campusebre.urv.cat\/ca\/vida-al-campus\/jornades-educacio-infantil\/<\/a><\/td>\n<\/tr>\n<\/tbody>\n<\/table>\n","protected":false},"excerpt":{"rendered":"<p>JORNADA VIRTUAL D&#8217;EDUCACI\u00d3 INFANTIL\u00a0 TE\u00a0 DEDICADA\u00a0 ALS\u00a0 ODS 19 de febrer\u00a0de 9,00h a 14,00h INSCRIPCI\u00d3 OBERTA\u00a0 : Activitat reconeguda pel Departament d&#8217;Educaci\u00f3 a trav\u00e9s de l&#8217;ICE URV (codi\u00a08000040021)\u00a0amb una certificaci\u00f3 de 5 hores. http:\/\/xtec.gencat.cat\/ca\/formacio\/info-general\/cercador-activitats\/ Les persones inscrites rebran amb antelaci\u00f3 l&#8217;enlla\u00e7 a la jornada. PROGRAMA:\u00a0 09.15 h. Inauguraci\u00f3 de la jornada. 09.30 h. Sra. M\u00aa [&hellip;]<\/p>\n","protected":false},"author":3,"featured_media":15204,"comment_status":"open","ping_status":"closed","sticky":false,"template":"","format":"standard","meta":{"_bbp_topic_count":0,"_bbp_reply_count":0,"_bbp_total_topic_count":0,"_bbp_total_reply_count":0,"_bbp_voice_count":0,"_bbp_anonymous_reply_count":0,"_bbp_topic_count_hidden":0,"_bbp_reply_count_hidden":0,"_bbp_forum_subforum_count":0,"site-sidebar-layout":"default","site-content-layout":"","ast-site-content-layout":"","site-content-style":"default","site-sidebar-style":"default","ast-global-header-display":"","ast-banner-title-visibility":"","ast-main-header-display":"","ast-hfb-above-header-display":"","ast-hfb-below-header-display":"","ast-hfb-mobile-header-display":"","site-post-title":"","ast-breadcrumbs-content":"","ast-featured-img":"","footer-sml-layout":"","theme-transparent-header-meta":"","adv-header-id-meta":"","stick-header-meta":"","header-above-stick-meta":"","header-main-stick-meta":"","header-below-stick-meta":"","astra-migrate-meta-layouts":"default","ast-page-background-enabled":"default","ast-page-background-meta":{"desktop":{"background-color":"var(--ast-global-color-4)","background-image":"","background-repeat":"repeat","background-position":"center center","background-size":"auto","background-attachment":"scroll","background-type":"","background-media":"","overlay-type":"","overlay-color":"","overlay-opacity":"","overlay-gradient":""},"tablet":{"background-color":"","background-image":"","background-repeat":"repeat","background-position":"center center","background-size":"auto","background-attachment":"scroll","background-type":"","background-media":"","overlay-type":"","overlay-color":"","overlay-opacity":"","overlay-gradient":""},"mobile":{"background-color":"","background-image":"","background-repeat":"repeat","background-position":"center center","background-size":"auto","background-attachment":"scroll","background-type":"","background-media":"","overlay-type":"","overlay-color":"","overlay-opacity":"","overlay-gradient":""}},"ast-content-background-meta":{"desktop":{"background-color":"var(--ast-global-color-5)","background-image":"","background-repeat":"repeat","background-position":"center center","background-size":"auto","background-attachment":"scroll","background-type":"","background-media":"","overlay-type":"","overlay-color":"","overlay-opacity":"","overlay-gradient":""},"tablet":{"background-color":"var(--ast-global-color-5)","background-image":"","background-repeat":"repeat","background-position":"center center","background-size":"auto","background-attachment":"scroll","background-type":"","background-media":"","overlay-type":"","overlay-color":"","overlay-opacity":"","overlay-gradient":""},"mobile":{"background-color":"var(--ast-global-color-5)","background-image":"","background-repeat":"repeat","background-position":"center center","background-size":"auto","background-attachment":"scroll","background-type":"","background-media":"","overlay-type":"","overlay-color":"","overlay-opacity":"","overlay-gradient":""}},"footnotes":""},"categories":[499,65,674,675,308,326,504,735,29,658],"tags":[],"class_list":["post-15203","post","type-post","status-publish","format-standard","has-post-thumbnail","hentry","category-bones-practiques","category-crp","category-escola-enric-grau-fontsere-de-flix","category-escola-pamies-de-ginestar","category-escoles","category-escoles-verdes","category-jornades","category-ods","category-portada","category-zer-font-de-laiguadi"],"post_mailing_queue_ids":[],"_links":{"self":[{"href":"https:\/\/serveiseducatius.xtec.cat\/riberadebre\/wp-json\/wp\/v2\/posts\/15203","targetHints":{"allow":["GET"]}}],"collection":[{"href":"https:\/\/serveiseducatius.xtec.cat\/riberadebre\/wp-json\/wp\/v2\/posts"}],"about":[{"href":"https:\/\/serveiseducatius.xtec.cat\/riberadebre\/wp-json\/wp\/v2\/types\/post"}],"author":[{"embeddable":true,"href":"https:\/\/serveiseducatius.xtec.cat\/riberadebre\/wp-json\/wp\/v2\/users\/3"}],"replies":[{"embeddable":true,"href":"https:\/\/serveiseducatius.xtec.cat\/riberadebre\/wp-json\/wp\/v2\/comments?post=15203"}],"version-history":[{"count":2,"href":"https:\/\/serveiseducatius.xtec.cat\/riberadebre\/wp-json\/wp\/v2\/posts\/15203\/revisions"}],"predecessor-version":[{"id":15217,"href":"https:\/\/serveiseducatius.xtec.cat\/riberadebre\/wp-json\/wp\/v2\/posts\/15203\/revisions\/15217"}],"wp:featuredmedia":[{"embeddable":true,"href":"https:\/\/serveiseducatius.xtec.cat\/riberadebre\/wp-json\/wp\/v2\/media\/15204"}],"wp:attachment":[{"href":"https:\/\/serveiseducatius.xtec.cat\/riberadebre\/wp-json\/wp\/v2\/media?parent=15203"}],"wp:term":[{"taxonomy":"category","embeddable":true,"href":"https:\/\/serveiseducatius.xtec.cat\/riberadebre\/wp-json\/wp\/v2\/categories?post=15203"},{"taxonomy":"post_tag","embeddable":true,"href":"https:\/\/serveiseducatius.xtec.cat\/riberadebre\/wp-json\/wp\/v2\/tags?post=15203"}],"curies":[{"name":"wp","href":"https:\/\/api.w.org\/{rel}","templated":true}]}}