{"id":15195,"date":"2022-01-27T10:21:56","date_gmt":"2022-01-27T09:21:56","guid":{"rendered":"https:\/\/serveiseducatius.xtec.cat\/riberadebre\/?p=15195"},"modified":"2022-01-27T10:21:56","modified_gmt":"2022-01-27T09:21:56","slug":"trajectories-guia-de-les-mobilitats-infantils-a-lescola","status":"publish","type":"post","link":"https:\/\/serveiseducatius.xtec.cat\/riberadebre\/general\/trajectories-guia-de-les-mobilitats-infantils-a-lescola\/","title":{"rendered":"Traject\u00f2ries, guia de les mobilitats infantils a l\u2019escola"},"content":{"rendered":"<p>Us fem arribar la\u00a0<a href=\"https:\/\/associacioantropologies.org\/wp-content\/uploads\/2021\/12\/GUIA-TRAJECTO%CC%80RIES_DEF.pdf\">guia educativa TRAJECT\u00d2RIES<\/a>, un recurs que dona a con\u00e8ixer les mobilitats infantils a l\u2019escola. La guia divulga els resultats d\u2019una recerca realitzada per en Miquel Martorell, est\u00e0 il\u00b7lustrada per l\u2019Ariadna Ramis i compta amb el suport de l\u2019Associaci\u00f3 Antropologies.<\/p>\n<p>Migracions, desnonaments, viatges, canvis d\u2019escola\u2026 \u00bfQu\u00e8 tenen a veure aquests fen\u00f2mens i de quina manera es manifesten a l\u2019escola? A trav\u00e9s de set hist\u00f2ries narrades en primera persona, els i les protagonistes de les mobilitats infantils expliquen les seves experi\u00e8ncies, somnis i reptes.<\/p>\n<p>El recurs presenta vuit propostes d\u2019activitats per treballar les mobilitats infantils a l\u2019aula. Es tracta de tallers, din\u00e0miques i projectes de diferents durades i for\u00admats, que pretenen posar el fenomen sobre la taula i acompanyar els infants que viuen experi\u00e8ncies de mobilitat.<\/p>\n<p>La guia\u00a0\u00e9s una transfer\u00e8ncia de coneixement per a la comunitat educativa basada en la recerca i sense \u00e0nim de lucre. Si en voleu con\u00e8ixer m\u00e9s detalls podeu contactar amb l\u2019autor, en Miquel Martorell, per correu electr\u00f2nic a\u00a0<a href=\"mailto:miquel.martorell.faus@gmail.com\">miquel.martorell.faus@gmail.com<\/a>.<\/p>\n","protected":false},"excerpt":{"rendered":"<p>Us fem arribar la\u00a0guia educativa TRAJECT\u00d2RIES, un recurs que dona a con\u00e8ixer les mobilitats infantils a l\u2019escola. La guia divulga els resultats d\u2019una recerca realitzada per en Miquel Martorell, est\u00e0 il\u00b7lustrada per l\u2019Ariadna Ramis i compta amb el suport de l\u2019Associaci\u00f3 Antropologies. Migracions, desnonaments, viatges, canvis d\u2019escola\u2026 \u00bfQu\u00e8 tenen a veure aquests fen\u00f2mens i de [&hellip;]<\/p>\n","protected":false},"author":26,"featured_media":15196,"comment_status":"open","ping_status":"closed","sticky":false,"template":"","format":"standard","meta":{"_bbp_topic_count":0,"_bbp_reply_count":0,"_bbp_total_topic_count":0,"_bbp_total_reply_count":0,"_bbp_voice_count":0,"_bbp_anonymous_reply_count":0,"_bbp_topic_count_hidden":0,"_bbp_reply_count_hidden":0,"_bbp_forum_subforum_count":0,"site-sidebar-layout":"default","site-content-layout":"","ast-site-content-layout":"","site-content-style":"default","site-sidebar-style":"default","ast-global-header-display":"","ast-banner-title-visibility":"","ast-main-header-display":"","ast-hfb-above-header-display":"","ast-hfb-below-header-display":"","ast-hfb-mobile-header-display":"","site-post-title":"","ast-breadcrumbs-content":"","ast-featured-img":"","footer-sml-layout":"","theme-transparent-header-meta":"","adv-header-id-meta":"","stick-header-meta":"","header-above-stick-meta":"","header-main-stick-meta":"","header-below-stick-meta":"","astra-migrate-meta-layouts":"default","ast-page-background-enabled":"default","ast-page-background-meta":{"desktop":{"background-color":"var(--ast-global-color-4)","background-image":"","background-repeat":"repeat","background-position":"center center","background-size":"auto","background-attachment":"scroll","background-type":"","background-media":"","overlay-type":"","overlay-color":"","overlay-opacity":"","overlay-gradient":""},"tablet":{"background-color":"","background-image":"","background-repeat":"repeat","background-position":"center center","background-size":"auto","background-attachment":"scroll","background-type":"","background-media":"","overlay-type":"","overlay-color":"","overlay-opacity":"","overlay-gradient":""},"mobile":{"background-color":"","background-image":"","background-repeat":"repeat","background-position":"center center","background-size":"auto","background-attachment":"scroll","background-type":"","background-media":"","overlay-type":"","overlay-color":"","overlay-opacity":"","overlay-gradient":""}},"ast-content-background-meta":{"desktop":{"background-color":"var(--ast-global-color-5)","background-image":"","background-repeat":"repeat","background-position":"center center","background-size":"auto","background-attachment":"scroll","background-type":"","background-media":"","overlay-type":"","overlay-color":"","overlay-opacity":"","overlay-gradient":""},"tablet":{"background-color":"var(--ast-global-color-5)","background-image":"","background-repeat":"repeat","background-position":"center center","background-size":"auto","background-attachment":"scroll","background-type":"","background-media":"","overlay-type":"","overlay-color":"","overlay-opacity":"","overlay-gradient":""},"mobile":{"background-color":"var(--ast-global-color-5)","background-image":"","background-repeat":"repeat","background-position":"center center","background-size":"auto","background-attachment":"scroll","background-type":"","background-media":"","overlay-type":"","overlay-color":"","overlay-opacity":"","overlay-gradient":""}},"footnotes":""},"categories":[651,667,333,308,1,29,76],"tags":[],"class_list":["post-15195","post","type-post","status-publish","format-standard","has-post-thumbnail","hentry","category-acompanyament","category-educacio-emocional","category-escola-inclusiva","category-escoles","category-general","category-portada","category-recursos"],"post_mailing_queue_ids":[],"_links":{"self":[{"href":"https:\/\/serveiseducatius.xtec.cat\/riberadebre\/wp-json\/wp\/v2\/posts\/15195","targetHints":{"allow":["GET"]}}],"collection":[{"href":"https:\/\/serveiseducatius.xtec.cat\/riberadebre\/wp-json\/wp\/v2\/posts"}],"about":[{"href":"https:\/\/serveiseducatius.xtec.cat\/riberadebre\/wp-json\/wp\/v2\/types\/post"}],"author":[{"embeddable":true,"href":"https:\/\/serveiseducatius.xtec.cat\/riberadebre\/wp-json\/wp\/v2\/users\/26"}],"replies":[{"embeddable":true,"href":"https:\/\/serveiseducatius.xtec.cat\/riberadebre\/wp-json\/wp\/v2\/comments?post=15195"}],"version-history":[{"count":1,"href":"https:\/\/serveiseducatius.xtec.cat\/riberadebre\/wp-json\/wp\/v2\/posts\/15195\/revisions"}],"predecessor-version":[{"id":15197,"href":"https:\/\/serveiseducatius.xtec.cat\/riberadebre\/wp-json\/wp\/v2\/posts\/15195\/revisions\/15197"}],"wp:featuredmedia":[{"embeddable":true,"href":"https:\/\/serveiseducatius.xtec.cat\/riberadebre\/wp-json\/wp\/v2\/media\/15196"}],"wp:attachment":[{"href":"https:\/\/serveiseducatius.xtec.cat\/riberadebre\/wp-json\/wp\/v2\/media?parent=15195"}],"wp:term":[{"taxonomy":"category","embeddable":true,"href":"https:\/\/serveiseducatius.xtec.cat\/riberadebre\/wp-json\/wp\/v2\/categories?post=15195"},{"taxonomy":"post_tag","embeddable":true,"href":"https:\/\/serveiseducatius.xtec.cat\/riberadebre\/wp-json\/wp\/v2\/tags?post=15195"}],"curies":[{"name":"wp","href":"https:\/\/api.w.org\/{rel}","templated":true}]}}