{"id":15168,"date":"2022-01-18T19:52:37","date_gmt":"2022-01-18T18:52:37","guid":{"rendered":"https:\/\/serveiseducatius.xtec.cat\/riberadebre\/?p=15168"},"modified":"2022-01-18T19:54:11","modified_gmt":"2022-01-18T18:54:11","slug":"inscripcio-mostra-teatre-escolar-ribera-curs-2021-22","status":"publish","type":"post","link":"https:\/\/serveiseducatius.xtec.cat\/riberadebre\/portada\/inscripcio-mostra-teatre-escolar-ribera-curs-2021-22\/","title":{"rendered":"Inscripci\u00f3 Mostra Teatre Escolar Ribera curs 2021-22"},"content":{"rendered":"<p><strong>Estem iniciant l&#8217;organitzaci\u00f3 de la XXXVI Mostra de teatre\u00a0 Infantil i Juvenil de la Ribera d\u2019Ebre VIRTUAL per la darrera setmana de maig i primera de juny de 2022. <\/strong>\u00a0Els centres que vulgueu participar cal que empleneu el formulari d\u2019inscripci\u00f3.<\/p>\n<p>Durant el mes de febrer tamb\u00e9 cal presentar al CRP la fitxa t\u00e8cnica de cada obra.<\/p>\n<p>Properament comunicarem la data de reuni\u00f3 de les persones coordinadores de tots els centres inscrits i l&#8217;enlla\u00e7 meet.<\/p>\n<p>Els centres docents han rebut les bases de participaci\u00f3 i tenen fins a final de gener per a realitzar la inscripci\u00f3.<\/p>\n<p>A partir del suport de la Diputaci\u00f3 de Tarragona s\u2019estan planificant tallers de dramatitzaci\u00f3 i jornades virtuals, pendents d&#8217;aprovaci\u00f3.<\/p>\n<p>El recull, la Mostra i les jornades virtuals es realitzaran entre maig-juny.<\/p>\n<p>ENDAVANT AMB EL TEATRE A L&#8217;ESCOLA !!!!<\/p>\n<p><img loading=\"lazy\" decoding=\"async\" class=\"alignnone size-full wp-image-9532\" src=\"https:\/\/serveiseducatius.xtec.cat\/riberadebre\/wp-content\/uploads\/usu1126\/2018\/10\/logo-teatre.png\" alt=\"\" width=\"163\" height=\"199\" \/><\/p>\n<p>&nbsp;<\/p>\n","protected":false},"excerpt":{"rendered":"<p>Estem iniciant l&#8217;organitzaci\u00f3 de la XXXVI Mostra de teatre\u00a0 Infantil i Juvenil de la Ribera d\u2019Ebre VIRTUAL per la darrera setmana de maig i primera de juny de 2022. \u00a0Els centres que vulgueu participar cal que empleneu el formulari d\u2019inscripci\u00f3. Durant el mes de febrer tamb\u00e9 cal presentar al CRP la fitxa t\u00e8cnica de cada [&hellip;]<\/p>\n","protected":false},"author":3,"featured_media":8655,"comment_status":"open","ping_status":"closed","sticky":false,"template":"","format":"standard","meta":{"_bbp_topic_count":0,"_bbp_reply_count":0,"_bbp_total_topic_count":0,"_bbp_total_reply_count":0,"_bbp_voice_count":0,"_bbp_anonymous_reply_count":0,"_bbp_topic_count_hidden":0,"_bbp_reply_count_hidden":0,"_bbp_forum_subforum_count":0,"site-sidebar-layout":"default","site-content-layout":"","ast-site-content-layout":"","site-content-style":"default","site-sidebar-style":"default","ast-global-header-display":"","ast-banner-title-visibility":"","ast-main-header-display":"","ast-hfb-above-header-display":"","ast-hfb-below-header-display":"","ast-hfb-mobile-header-display":"","site-post-title":"","ast-breadcrumbs-content":"","ast-featured-img":"","footer-sml-layout":"","theme-transparent-header-meta":"","adv-header-id-meta":"","stick-header-meta":"","header-above-stick-meta":"","header-main-stick-meta":"","header-below-stick-meta":"","astra-migrate-meta-layouts":"default","ast-page-background-enabled":"default","ast-page-background-meta":{"desktop":{"background-color":"var(--ast-global-color-4)","background-image":"","background-repeat":"repeat","background-position":"center center","background-size":"auto","background-attachment":"scroll","background-type":"","background-media":"","overlay-type":"","overlay-color":"","overlay-opacity":"","overlay-gradient":""},"tablet":{"background-color":"","background-image":"","background-repeat":"repeat","background-position":"center center","background-size":"auto","background-attachment":"scroll","background-type":"","background-media":"","overlay-type":"","overlay-color":"","overlay-opacity":"","overlay-gradient":""},"mobile":{"background-color":"","background-image":"","background-repeat":"repeat","background-position":"center center","background-size":"auto","background-attachment":"scroll","background-type":"","background-media":"","overlay-type":"","overlay-color":"","overlay-opacity":"","overlay-gradient":""}},"ast-content-background-meta":{"desktop":{"background-color":"var(--ast-global-color-5)","background-image":"","background-repeat":"repeat","background-position":"center center","background-size":"auto","background-attachment":"scroll","background-type":"","background-media":"","overlay-type":"","overlay-color":"","overlay-opacity":"","overlay-gradient":""},"tablet":{"background-color":"var(--ast-global-color-5)","background-image":"","background-repeat":"repeat","background-position":"center center","background-size":"auto","background-attachment":"scroll","background-type":"","background-media":"","overlay-type":"","overlay-color":"","overlay-opacity":"","overlay-gradient":""},"mobile":{"background-color":"var(--ast-global-color-5)","background-image":"","background-repeat":"repeat","background-position":"center center","background-size":"auto","background-attachment":"scroll","background-type":"","background-media":"","overlay-type":"","overlay-color":"","overlay-opacity":"","overlay-gradient":""}},"footnotes":""},"categories":[65,308,310,73,1202,63,29],"tags":[],"class_list":["post-15168","post","type-post","status-publish","format-standard","has-post-thumbnail","hentry","category-crp","category-escoles","category-institut","category-mostra-de-teatre","category-mostra-de-teatre-escolar-2021-22","category-noticies","category-portada"],"post_mailing_queue_ids":[],"_links":{"self":[{"href":"https:\/\/serveiseducatius.xtec.cat\/riberadebre\/wp-json\/wp\/v2\/posts\/15168","targetHints":{"allow":["GET"]}}],"collection":[{"href":"https:\/\/serveiseducatius.xtec.cat\/riberadebre\/wp-json\/wp\/v2\/posts"}],"about":[{"href":"https:\/\/serveiseducatius.xtec.cat\/riberadebre\/wp-json\/wp\/v2\/types\/post"}],"author":[{"embeddable":true,"href":"https:\/\/serveiseducatius.xtec.cat\/riberadebre\/wp-json\/wp\/v2\/users\/3"}],"replies":[{"embeddable":true,"href":"https:\/\/serveiseducatius.xtec.cat\/riberadebre\/wp-json\/wp\/v2\/comments?post=15168"}],"version-history":[{"count":1,"href":"https:\/\/serveiseducatius.xtec.cat\/riberadebre\/wp-json\/wp\/v2\/posts\/15168\/revisions"}],"predecessor-version":[{"id":15169,"href":"https:\/\/serveiseducatius.xtec.cat\/riberadebre\/wp-json\/wp\/v2\/posts\/15168\/revisions\/15169"}],"wp:featuredmedia":[{"embeddable":true,"href":"https:\/\/serveiseducatius.xtec.cat\/riberadebre\/wp-json\/wp\/v2\/media\/8655"}],"wp:attachment":[{"href":"https:\/\/serveiseducatius.xtec.cat\/riberadebre\/wp-json\/wp\/v2\/media?parent=15168"}],"wp:term":[{"taxonomy":"category","embeddable":true,"href":"https:\/\/serveiseducatius.xtec.cat\/riberadebre\/wp-json\/wp\/v2\/categories?post=15168"},{"taxonomy":"post_tag","embeddable":true,"href":"https:\/\/serveiseducatius.xtec.cat\/riberadebre\/wp-json\/wp\/v2\/tags?post=15168"}],"curies":[{"name":"wp","href":"https:\/\/api.w.org\/{rel}","templated":true}]}}