{"id":15139,"date":"2022-01-13T08:24:40","date_gmt":"2022-01-13T07:24:40","guid":{"rendered":"https:\/\/serveiseducatius.xtec.cat\/riberadebre\/?p=15139"},"modified":"2022-01-28T09:37:06","modified_gmt":"2022-01-28T08:37:06","slug":"pla-de-formacio-del-professorat","status":"publish","type":"post","link":"https:\/\/serveiseducatius.xtec.cat\/riberadebre\/portada\/pla-de-formacio-del-professorat\/","title":{"rendered":"Pla de Formaci\u00f3 del Professorat"},"content":{"rendered":"<h5>Activitats obertes del Pla de Formaci\u00f3 de Zona de la Ribera d&#8217;Ebre per iniciar aquest trimestre<\/h5>\n<p><a href=\"http:\/\/xtec.gencat.cat\/ca\/formacio\/info-general\/cercador-activitats\/\" target=\"_blank\" rel=\"noopener\"><strong>Inscripci\u00f3 fins el 18 de gener a XTEC<\/strong><\/a><\/p>\n<p><a href=\"http:\/\/xtec.gencat.cat\/ca\/formacio\/\"><img loading=\"lazy\" decoding=\"async\" class=\"alignnone wp-image-15144\" src=\"https:\/\/serveiseducatius.xtec.cat\/riberadebre\/wp-content\/uploads\/usu1126\/2022\/01\/actualitat-553x553-oferta-formativa-2021-2022-2n-torn-sense-data.jpg_1595044798.jpg\" alt=\"\" width=\"277\" height=\"277\" srcset=\"https:\/\/serveiseducatius.xtec.cat\/riberadebre\/wp-content\/uploads\/usu1126\/2022\/01\/actualitat-553x553-oferta-formativa-2021-2022-2n-torn-sense-data.jpg_1595044798.jpg 538w, https:\/\/serveiseducatius.xtec.cat\/riberadebre\/wp-content\/uploads\/usu1126\/2022\/01\/actualitat-553x553-oferta-formativa-2021-2022-2n-torn-sense-data.jpg_1595044798-300x300.jpg 300w, https:\/\/serveiseducatius.xtec.cat\/riberadebre\/wp-content\/uploads\/usu1126\/2022\/01\/actualitat-553x553-oferta-formativa-2021-2022-2n-torn-sense-data.jpg_1595044798-150x150.jpg 150w\" sizes=\"auto, (max-width: 277px) 100vw, 277px\" \/><\/a><\/p>\n<p>Cada centre que ha sol\u00b7licitat formaci\u00f3 interna per comen\u00e7ar aquest segon trimestre t\u00e9 el codi d&#8217;activitat per a la inscripci\u00f3 del claustre.<\/p>\n<p>Aquesta \u00e9s la relaci\u00f3 d&#8217;activitats virtuals obertes a tots els centres i professorat participant de la comarca internivells:<\/p>\n<p><b>Seminaris, Grups de treball i Tallers d&#8217;equips de centres:<\/b><\/p>\n<p style=\"padding-left: 40px;\">&#8211;<b><a href=\"https:\/\/aplicacions.gestioeducativa.gencat.cat\/pls\/soloas\/pk_for_mod_ins.p_for_detall_activitat?p_header=Llista%20d%27activitats^pk_for_mod_ins.p_for_cons_activitats?p_any=2021-2022%26p_totes=N%26p_comarca=30%26p_inici=1%26p_excloure_crp_rec=T&amp;p_codi=8080261808&amp;p_curs=2021-2022&amp;p_excloure_crp_rec=T\">Coordinaci\u00f3 especialistes angl\u00e8s<\/a><\/b><\/p>\n<p style=\"padding-left: 40px;\">&#8211;<b><a href=\"https:\/\/aplicacions.gestioeducativa.gencat.cat\/pls\/soloas\/pk_for_mod_ins.p_for_detall_activitat?p_header=Llista%20d%27activitats^pk_for_mod_ins.p_for_cons_activitats?p_any=2021-2022%26p_totes=N%26p_comarca=30%26p_inici=1%26p_excloure_crp_rec=T&amp;p_codi=8080271808&amp;p_curs=2021-2022&amp;p_excloure_crp_rec=T\">Coordinaci\u00f3 Llars d&#8217;Infants Ribera. Creativitat i emocions amb visi\u00f3 coeducativa-inclusiva<\/a><\/b><\/p>\n<p style=\"padding-left: 40px;\">&#8211;<b><a href=\"https:\/\/aplicacions.gestioeducativa.gencat.cat\/pls\/soloas\/pk_for_mod_ins.p_for_detall_activitat?p_header=Llista%20d%27activitats^pk_for_mod_ins.p_for_cons_activitats?p_any=2021-2022%26p_totes=N%26p_comarca=30%26p_inici=1%26p_excloure_crp_rec=T&amp;p_codi=8080281808&amp;p_curs=2021-2022&amp;p_excloure_crp_rec=T\">Recursos per a l&#8217;educaci\u00f3 musical. Coordinaci\u00f3 especialistes de m\u00fasica (<\/a><\/b><a href=\"https:\/\/aplicacions.gestioeducativa.gencat.cat\/pls\/soloas\/pk_for_mod_ins.p_for_detall_activitat?p_header=Llista%20d%27activitats^pk_for_mod_ins.p_for_cons_activitats?p_any=2021-2022%26p_totes=N%26p_comarca=30%26p_inici=1%26p_excloure_crp_rec=T&amp;p_codi=8080281808&amp;p_curs=2021-2022&amp;p_excloure_crp_rec=T\">trobada)<\/a><\/p>\n<p style=\"padding-left: 40px;\">&#8211;<b><a href=\"https:\/\/aplicacions.gestioeducativa.gencat.cat\/pls\/soloas\/pk_for_mod_ins.p_for_detall_activitat?p_header=Llista%20d%27activitats^pk_for_mod_ins.p_for_cons_activitats?p_any=2021-2022%26p_totes=N%26p_comarca=30%26p_inici=1%26p_excloure_crp_rec=T&amp;p_codi=8080291808&amp;p_curs=2021-2022&amp;p_excloure_crp_rec=T\">Cam\u00ed de Sirga<\/a><\/b><\/p>\n<p style=\"padding-left: 40px;\">&#8211;<b><a href=\"https:\/\/aplicacions.gestioeducativa.gencat.cat\/pls\/soloas\/pk_for_mod_ins.p_for_detall_activitat?p_header=Llista%20d%27activitats^pk_for_mod_ins.p_for_cons_activitats?p_any=2021-2022%26p_totes=N%26p_comarca=30%26p_inici=1%26p_excloure_crp_rec=T&amp;p_codi=8080301808&amp;p_curs=2021-2022&amp;p_excloure_crp_rec=T\">Tradijoc 2022<\/a><\/b><\/p>\n<p style=\"padding-left: 40px;\">&#8211;<b><a href=\"https:\/\/aplicacions.gestioeducativa.gencat.cat\/pls\/soloas\/pk_for_mod_ins.p_for_detall_activitat?p_header=Llista%20d%27activitats^pk_for_mod_ins.p_for_cons_activitats?p_any=2021-2022%26p_totes=N%26p_comarca=30%26p_inici=1%26p_excloure_crp_rec=T&amp;p_codi=8080311808&amp;p_curs=2021-2022&amp;p_excloure_crp_rec=T\">Compartim oportunitats d&#8217;aprenentatge. Educaci\u00f3 360 a la Ribera<\/a><\/b><\/p>\n<p style=\"padding-left: 40px;\">&#8211;<b><a href=\"https:\/\/aplicacions.gestioeducativa.gencat.cat\/pls\/soloas\/pk_for_mod_ins.p_for_detall_activitat?p_header=Llista%20d%27activitats^pk_for_mod_ins.p_for_cons_activitats?p_any=2021-2022%26p_totes=N%26p_comarca=30%26p_inici=11%26p_excloure_crp_rec=T&amp;p_codi=8080351808&amp;p_curs=2021-2022&amp;p_excloure_crp_rec=T\">Rob\u00f2tica educativa internivells<\/a><\/b><\/p>\n<p style=\"padding-left: 40px;\">&#8211;<b><a href=\"https:\/\/aplicacions.gestioeducativa.gencat.cat\/pls\/soloas\/pk_for_mod_ins.p_for_detall_activitat?p_header=Llista%20d%27activitats^pk_for_mod_ins.p_for_cons_activitats?p_any=2021-2022%26p_totes=N%26p_comarca=30%26p_inici=11%26p_excloure_crp_rec=T&amp;p_codi=8080370509&amp;p_curs=2021-2022&amp;p_excloure_crp_rec=T\">Coeduca&#8217;t amb el curr\u00edculum<\/a><\/b><\/p>\n<p style=\"padding-left: 40px;\">&#8211;<b><a href=\"https:\/\/aplicacions.gestioeducativa.gencat.cat\/pls\/soloas\/pk_for_mod_ins.p_for_detall_activitat?p_header=Llista%20d%27activitats^pk_for_mod_ins.p_for_cons_activitats?p_any=2021-2022%26p_totes=N%26p_comarca=30%26p_inici=11%26p_excloure_crp_rec=T&amp;p_codi=8080570529&amp;p_curs=2021-2022&amp;p_excloure_crp_rec=T\">Subxarxa Territorial per a l\u2019Estrat\u00e8gia digital de centre<\/a><\/b><\/p>\n<p><strong>Confer\u00e8ncia<\/strong>:<\/p>\n<p style=\"padding-left: 40px;\">&#8211;<b><a href=\"https:\/\/aplicacions.gestioeducativa.gencat.cat\/pls\/soloas\/pk_for_mod_ins.p_for_detall_activitat?p_header=Llista%20d%27activitats^pk_for_mod_ins.p_for_cons_activitats?p_any=2021-2022%26p_totes=N%26p_comarca=30%26p_inici=11%26p_excloure_crp_rec=T&amp;p_codi=8080451808&amp;p_curs=2021-2022&amp;p_excloure_crp_rec=T\">Compartim la mirada Educaci\u00f3 360<\/a><\/b><\/p>\n<p><strong>Curs semipresencial:<\/strong><\/p>\n<p style=\"padding-left: 40px;\"><b><a href=\"https:\/\/aplicacions.gestioeducativa.gencat.cat\/pls\/soloas\/pk_for_mod_ins.p_for_detall_activitat?p_header=Llista%20d%27activitats^pk_for_mod_ins.p_for_cons_activitats?p_any=2021-2022%26p_totes=N%26p_comarca=30%26p_inici=1%26p_excloure_crp_rec=T&amp;p_codi=8080240500&amp;p_curs=2021-2022&amp;p_excloure_crp_rec=T\" target=\"_blank\" rel=\"noopener\">-Iniciaci\u00f3 al Programa de Suport Vital als centres educatius<\/a><\/b><\/p>\n<p>&nbsp;<\/p>\n<p>Tamb\u00e9 podeu consultar l&#8217;oferta a <a href=\"http:\/\/xtec.gencat.cat\/ca\/formacio\/formaciogeneralprofessorat\/\" target=\"_blank\" rel=\"noopener\">XTEC \/ FORMACI\u00d3<\/a> on trobareu cursos telem\u00e0tics, Kudis i autoformacions segons tem\u00e0tiques que prioritzeu.<\/p>\n<p>Especialment us recomanem les formacions d&#8217;aquests \u00e0mbits:<\/p>\n<p>&#8211;<a href=\"https:\/\/aplicacions.gestioeducativa.gencat.cat\/pls\/soloas\/pk_for_mod_ins.p_for_pre_cons_activitats?p_totes=N&amp;p_paginar=N&amp;p_any=&amp;p_tipus_act=CDDA,APIA,ADW2,DTKC,JCLA,LNKA,SCAP,CTED,CHM2,CDE2,CIB2,APD2,REXE\" target=\"_blank\" rel=\"noopener\">CULTURA DIGITAL<\/a><\/p>\n<p><a href=\"http:\/\/xtec.gencat.cat\/ca\/formacio\/formaciogeneralprofessorat\/benestar-i-salut-docent\/\" target=\"_blank\" rel=\"noopener\">-BENESTAR I SALUT DOCENT<\/a><\/p>\n<p><a href=\"http:\/\/xtec.gencat.cat\/ca\/formacio\/formaciogeneralprofessorat\/atencio_diversitat_inclusio\/\" target=\"_blank\" rel=\"noopener\">-ATENCI\u00d3 A LA DIVERSITAT I LA INCLUSI\u00d3<\/a><\/p>\n<p><a href=\"https:\/\/aplicacions.gestioeducativa.gencat.cat\/pls\/soloas\/pk_for_mod_ins.p_for_cons_activitats?p_any=&amp;p_tipus_act=PBE,BEEP,BEMD,BEB1,BEAL,BERI,BAMI,BE,BEBL&amp;p_totes=S\" target=\"_blank\" rel=\"noopener\">-BIBLIOTECA ESCOLAR<\/a><\/p>\n<p>Per qualsevol aclariment us podeu adre\u00e7ar al CRP.<\/p>\n","protected":false},"excerpt":{"rendered":"<p>Activitats obertes del Pla de Formaci\u00f3 de Zona de la Ribera d&#8217;Ebre per iniciar aquest trimestre Inscripci\u00f3 fins el 18 de gener a XTEC Cada centre que ha sol\u00b7licitat formaci\u00f3 interna per comen\u00e7ar aquest segon trimestre t\u00e9 el codi d&#8217;activitat per a la inscripci\u00f3 del claustre. Aquesta \u00e9s la relaci\u00f3 d&#8217;activitats virtuals obertes a tots [&hellip;]<\/p>\n","protected":false},"author":3,"featured_media":15144,"comment_status":"open","ping_status":"closed","sticky":false,"template":"","format":"standard","meta":{"_bbp_topic_count":0,"_bbp_reply_count":0,"_bbp_total_topic_count":0,"_bbp_total_reply_count":0,"_bbp_voice_count":0,"_bbp_anonymous_reply_count":0,"_bbp_topic_count_hidden":0,"_bbp_reply_count_hidden":0,"_bbp_forum_subforum_count":0,"site-sidebar-layout":"default","site-content-layout":"","ast-site-content-layout":"","site-content-style":"default","site-sidebar-style":"default","ast-global-header-display":"","ast-banner-title-visibility":"","ast-main-header-display":"","ast-hfb-above-header-display":"","ast-hfb-below-header-display":"","ast-hfb-mobile-header-display":"","site-post-title":"","ast-breadcrumbs-content":"","ast-featured-img":"","footer-sml-layout":"","theme-transparent-header-meta":"","adv-header-id-meta":"","stick-header-meta":"","header-above-stick-meta":"","header-main-stick-meta":"","header-below-stick-meta":"","astra-migrate-meta-layouts":"default","ast-page-background-enabled":"default","ast-page-background-meta":{"desktop":{"background-color":"var(--ast-global-color-4)","background-image":"","background-repeat":"repeat","background-position":"center center","background-size":"auto","background-attachment":"scroll","background-type":"","background-media":"","overlay-type":"","overlay-color":"","overlay-opacity":"","overlay-gradient":""},"tablet":{"background-color":"","background-image":"","background-repeat":"repeat","background-position":"center center","background-size":"auto","background-attachment":"scroll","background-type":"","background-media":"","overlay-type":"","overlay-color":"","overlay-opacity":"","overlay-gradient":""},"mobile":{"background-color":"","background-image":"","background-repeat":"repeat","background-position":"center center","background-size":"auto","background-attachment":"scroll","background-type":"","background-media":"","overlay-type":"","overlay-color":"","overlay-opacity":"","overlay-gradient":""}},"ast-content-background-meta":{"desktop":{"background-color":"var(--ast-global-color-5)","background-image":"","background-repeat":"repeat","background-position":"center center","background-size":"auto","background-attachment":"scroll","background-type":"","background-media":"","overlay-type":"","overlay-color":"","overlay-opacity":"","overlay-gradient":""},"tablet":{"background-color":"var(--ast-global-color-5)","background-image":"","background-repeat":"repeat","background-position":"center center","background-size":"auto","background-attachment":"scroll","background-type":"","background-media":"","overlay-type":"","overlay-color":"","overlay-opacity":"","overlay-gradient":""},"mobile":{"background-color":"var(--ast-global-color-5)","background-image":"","background-repeat":"repeat","background-position":"center center","background-size":"auto","background-attachment":"scroll","background-type":"","background-media":"","overlay-type":"","overlay-color":"","overlay-opacity":"","overlay-gradient":""}},"footnotes":""},"categories":[65,308,154,618,310,153,29],"tags":[],"class_list":["post-15139","post","type-post","status-publish","format-standard","has-post-thumbnail","hentry","category-crp","category-escoles","category-formacio","category-formacio-professorat-on-line","category-institut","category-pfz","category-portada"],"post_mailing_queue_ids":[],"_links":{"self":[{"href":"https:\/\/serveiseducatius.xtec.cat\/riberadebre\/wp-json\/wp\/v2\/posts\/15139","targetHints":{"allow":["GET"]}}],"collection":[{"href":"https:\/\/serveiseducatius.xtec.cat\/riberadebre\/wp-json\/wp\/v2\/posts"}],"about":[{"href":"https:\/\/serveiseducatius.xtec.cat\/riberadebre\/wp-json\/wp\/v2\/types\/post"}],"author":[{"embeddable":true,"href":"https:\/\/serveiseducatius.xtec.cat\/riberadebre\/wp-json\/wp\/v2\/users\/3"}],"replies":[{"embeddable":true,"href":"https:\/\/serveiseducatius.xtec.cat\/riberadebre\/wp-json\/wp\/v2\/comments?post=15139"}],"version-history":[{"count":3,"href":"https:\/\/serveiseducatius.xtec.cat\/riberadebre\/wp-json\/wp\/v2\/posts\/15139\/revisions"}],"predecessor-version":[{"id":15145,"href":"https:\/\/serveiseducatius.xtec.cat\/riberadebre\/wp-json\/wp\/v2\/posts\/15139\/revisions\/15145"}],"wp:featuredmedia":[{"embeddable":true,"href":"https:\/\/serveiseducatius.xtec.cat\/riberadebre\/wp-json\/wp\/v2\/media\/15144"}],"wp:attachment":[{"href":"https:\/\/serveiseducatius.xtec.cat\/riberadebre\/wp-json\/wp\/v2\/media?parent=15139"}],"wp:term":[{"taxonomy":"category","embeddable":true,"href":"https:\/\/serveiseducatius.xtec.cat\/riberadebre\/wp-json\/wp\/v2\/categories?post=15139"},{"taxonomy":"post_tag","embeddable":true,"href":"https:\/\/serveiseducatius.xtec.cat\/riberadebre\/wp-json\/wp\/v2\/tags?post=15139"}],"curies":[{"name":"wp","href":"https:\/\/api.w.org\/{rel}","templated":true}]}}