{"id":15112,"date":"2021-12-21T15:21:52","date_gmt":"2021-12-21T14:21:52","guid":{"rendered":"https:\/\/serveiseducatius.xtec.cat\/riberadebre\/?p=15112"},"modified":"2022-06-07T13:57:36","modified_gmt":"2022-06-07T11:57:36","slug":"recomanacions-lectores-biblioteques-escolars-per-nadal","status":"publish","type":"post","link":"https:\/\/serveiseducatius.xtec.cat\/riberadebre\/portada\/recomanacions-lectores-biblioteques-escolars-per-nadal\/","title":{"rendered":"Recomanacions lectores biblioteques escolars per Nadal"},"content":{"rendered":"<p>A les sessions del seminari de biblioteques escolars de la Ribera d&#8217;Ebre compartim propostes lectores i novetats per a recomanar a l&#8217;alumnat que cada referent de centre exposa.<\/p>\n<p>Partim de tem\u00e0tiques prioritzades com la coeducaci\u00f3, la inclusi\u00f3, la gesti\u00f3 emocional o l&#8217;educaci\u00f3 mediambiental-sostenible (ODS) i les obres d&#8217;autoria ebrenca dins la literatura infantil i juvenil.<\/p>\n<p>Seguim guies de lectura i seleccions d&#8217;especialistes i referents de biblioteca.<\/p>\n<p>A m\u00e9s de consultar les nostres biblioteques p\u00fabliques properes i deixar-nos guiar per la Biblioteca Comarcal de M\u00f3ra d&#8217;Ebre amb les novetats infantils.<\/p>\n<p>Les celebracions i commemoracions tamb\u00e9 s\u00f3n un dels nostres punts d&#8217;atenci\u00f3.<\/p>\n<p>Sempre recomanem alguns \u00e0lbums il\u00b7lustrats, a m\u00e9s de llibres, apps i webs, com les de poesia o d&#8217;altres g\u00e8neres per a tots els nivells lectors.<\/p>\n<p>Us enllacem aqu\u00ed alguns exemples de recomanacions per aquest Nadal:<\/p>\n<p><a href=\"https:\/\/agora.xtec.cat\/zerebre\/escola-sant-agusti\/recomanem-nadal-2021\/\" target=\"_blank\" rel=\"noopener\">BUTLLET\u00cd Biblioteca ESCOLA SANT AGUST\u00cd<\/a><\/p>\n<p><a href=\"https:\/\/agora.xtec.cat\/escbenissanet\/general\/larbre-de-nadal-illustrat\/\" target=\"_blank\" rel=\"noopener\"><em><strong>L&#8217;arbre de Nadal il\u00b7lustrat<\/strong> <\/em>de la Biblioteca de l&#8217;ESCOLA ANTONI NAT.<\/a><\/p>\n<p><a href=\"https:\/\/agora.xtec.cat\/ceipsantmiquel\/biblioteca\/amb-lhivern-arriba-nadal\/\" target=\"_blank\" rel=\"noopener\"><em><strong>Arriba el Nadal<\/strong><\/em> de la biblioteca de l&#8217;ESCOLA ST. MIQUEL.<\/a><\/p>\n<p>Destaquem de tem\u00e0tica nadalenca, dels que hem compartit al seminari :<\/p>\n<p><span style=\"color: #800080;\"><strong><em>On s\u00f3n les reines d&#8217;Orient ?<\/em><\/strong><\/span> com a conte coeducatiu.<\/p>\n<p><span style=\"color: #800080;\"><em><strong>Emerg\u00e8ncia al pa\u00eds de la m\u00e0gia,<\/strong><\/em><\/span> de Cinta Arasa amb la seva <a href=\"http:\/\/lamusca.cat\/producte\/llibre-emergencia-al-pais-de-la-magia-proposta\/\" target=\"_blank\" rel=\"noopener\">proposta de m\u00fasica<\/a> elaborada per la nostra companya N\u00faria Mauricio.<\/p>\n<p><em>Omplim el Nadal de lectures ben acompanyades !!!<\/em><\/p>\n<p><a href=\"https:\/\/agora.xtec.cat\/escbenissanet\/general\/larbre-de-nadal-illustrat\/\"><img loading=\"lazy\" decoding=\"async\" class=\"alignnone size-full wp-image-15114\" src=\"https:\/\/serveiseducatius.xtec.cat\/riberadebre\/wp-content\/uploads\/usu1126\/2021\/12\/arbre-de-Nadal-illustrat-biblioteca-escola-Benissanet.jpg\" alt=\"\" width=\"736\" height=\"604\" srcset=\"https:\/\/serveiseducatius.xtec.cat\/riberadebre\/wp-content\/uploads\/usu1126\/2021\/12\/arbre-de-Nadal-illustrat-biblioteca-escola-Benissanet.jpg 736w, https:\/\/serveiseducatius.xtec.cat\/riberadebre\/wp-content\/uploads\/usu1126\/2021\/12\/arbre-de-Nadal-illustrat-biblioteca-escola-Benissanet-300x246.jpg 300w\" sizes=\"auto, (max-width: 736px) 100vw, 736px\" \/><\/a><\/p>\n<p>&nbsp;<\/p>\n<p>&nbsp;<\/p>\n<p>&nbsp;<\/p>\n<p>&nbsp;<\/p>\n","protected":false},"excerpt":{"rendered":"<p>A les sessions del seminari de biblioteques escolars de la Ribera d&#8217;Ebre compartim propostes lectores i novetats per a recomanar a l&#8217;alumnat que cada referent de centre exposa. Partim de tem\u00e0tiques prioritzades com la coeducaci\u00f3, la inclusi\u00f3, la gesti\u00f3 emocional o l&#8217;educaci\u00f3 mediambiental-sostenible (ODS) i les obres d&#8217;autoria ebrenca dins la literatura infantil i juvenil. [&hellip;]<\/p>\n","protected":false},"author":3,"featured_media":15114,"comment_status":"open","ping_status":"closed","sticky":false,"template":"","format":"standard","meta":{"_bbp_topic_count":0,"_bbp_reply_count":0,"_bbp_total_topic_count":0,"_bbp_total_reply_count":0,"_bbp_voice_count":0,"_bbp_anonymous_reply_count":0,"_bbp_topic_count_hidden":0,"_bbp_reply_count_hidden":0,"_bbp_forum_subforum_count":0,"site-sidebar-layout":"default","site-content-layout":"","ast-site-content-layout":"","site-content-style":"default","site-sidebar-style":"default","ast-global-header-display":"","ast-banner-title-visibility":"","ast-main-header-display":"","ast-hfb-above-header-display":"","ast-hfb-below-header-display":"","ast-hfb-mobile-header-display":"","site-post-title":"","ast-breadcrumbs-content":"","ast-featured-img":"","footer-sml-layout":"","theme-transparent-header-meta":"","adv-header-id-meta":"","stick-header-meta":"","header-above-stick-meta":"","header-main-stick-meta":"","header-below-stick-meta":"","astra-migrate-meta-layouts":"default","ast-page-background-enabled":"default","ast-page-background-meta":{"desktop":{"background-color":"var(--ast-global-color-4)","background-image":"","background-repeat":"repeat","background-position":"center center","background-size":"auto","background-attachment":"scroll","background-type":"","background-media":"","overlay-type":"","overlay-color":"","overlay-opacity":"","overlay-gradient":""},"tablet":{"background-color":"","background-image":"","background-repeat":"repeat","background-position":"center center","background-size":"auto","background-attachment":"scroll","background-type":"","background-media":"","overlay-type":"","overlay-color":"","overlay-opacity":"","overlay-gradient":""},"mobile":{"background-color":"","background-image":"","background-repeat":"repeat","background-position":"center center","background-size":"auto","background-attachment":"scroll","background-type":"","background-media":"","overlay-type":"","overlay-color":"","overlay-opacity":"","overlay-gradient":""}},"ast-content-background-meta":{"desktop":{"background-color":"var(--ast-global-color-5)","background-image":"","background-repeat":"repeat","background-position":"center center","background-size":"auto","background-attachment":"scroll","background-type":"","background-media":"","overlay-type":"","overlay-color":"","overlay-opacity":"","overlay-gradient":""},"tablet":{"background-color":"var(--ast-global-color-5)","background-image":"","background-repeat":"repeat","background-position":"center center","background-size":"auto","background-attachment":"scroll","background-type":"","background-media":"","overlay-type":"","overlay-color":"","overlay-opacity":"","overlay-gradient":""},"mobile":{"background-color":"var(--ast-global-color-5)","background-image":"","background-repeat":"repeat","background-position":"center center","background-size":"auto","background-attachment":"scroll","background-type":"","background-media":"","overlay-type":"","overlay-color":"","overlay-opacity":"","overlay-gradient":""}},"footnotes":""},"categories":[81,505,65,673,647,308,296,1088,29,1022,791,648,671],"tags":[],"class_list":["post-15112","post","type-post","status-publish","format-standard","has-post-thumbnail","hentry","category-biblioteca-escolar","category-coeducacio","category-crp","category-escola-sant-miquel-dasco","category-escola-st-agusti-de-riba-roja-debre","category-escoles","category-full-novetats-crp","category-novetats-desembre-21","category-portada","category-propostes-lectores-coeducatives","category-seminari-biblioteques-escolars","category-zer-benissanet-miravet","category-zer-ebre"],"post_mailing_queue_ids":[],"_links":{"self":[{"href":"https:\/\/serveiseducatius.xtec.cat\/riberadebre\/wp-json\/wp\/v2\/posts\/15112","targetHints":{"allow":["GET"]}}],"collection":[{"href":"https:\/\/serveiseducatius.xtec.cat\/riberadebre\/wp-json\/wp\/v2\/posts"}],"about":[{"href":"https:\/\/serveiseducatius.xtec.cat\/riberadebre\/wp-json\/wp\/v2\/types\/post"}],"author":[{"embeddable":true,"href":"https:\/\/serveiseducatius.xtec.cat\/riberadebre\/wp-json\/wp\/v2\/users\/3"}],"replies":[{"embeddable":true,"href":"https:\/\/serveiseducatius.xtec.cat\/riberadebre\/wp-json\/wp\/v2\/comments?post=15112"}],"version-history":[{"count":2,"href":"https:\/\/serveiseducatius.xtec.cat\/riberadebre\/wp-json\/wp\/v2\/posts\/15112\/revisions"}],"predecessor-version":[{"id":15115,"href":"https:\/\/serveiseducatius.xtec.cat\/riberadebre\/wp-json\/wp\/v2\/posts\/15112\/revisions\/15115"}],"wp:featuredmedia":[{"embeddable":true,"href":"https:\/\/serveiseducatius.xtec.cat\/riberadebre\/wp-json\/wp\/v2\/media\/15114"}],"wp:attachment":[{"href":"https:\/\/serveiseducatius.xtec.cat\/riberadebre\/wp-json\/wp\/v2\/media?parent=15112"}],"wp:term":[{"taxonomy":"category","embeddable":true,"href":"https:\/\/serveiseducatius.xtec.cat\/riberadebre\/wp-json\/wp\/v2\/categories?post=15112"},{"taxonomy":"post_tag","embeddable":true,"href":"https:\/\/serveiseducatius.xtec.cat\/riberadebre\/wp-json\/wp\/v2\/tags?post=15112"}],"curies":[{"name":"wp","href":"https:\/\/api.w.org\/{rel}","templated":true}]}}