{"id":14766,"date":"2021-10-25T14:31:21","date_gmt":"2021-10-25T12:31:21","guid":{"rendered":"https:\/\/serveiseducatius.xtec.cat\/riberadebre\/?p=14766"},"modified":"2021-10-28T17:46:06","modified_gmt":"2021-10-28T15:46:06","slug":"subxarxes-xtcd-sessio-21-10-2021","status":"publish","type":"post","link":"https:\/\/serveiseducatius.xtec.cat\/riberadebre\/general\/subxarxes-xtcd-sessio-21-10-2021\/","title":{"rendered":"SUBXARXES XTCD. SESSI\u00d3 21\/10\/2021"},"content":{"rendered":"<p>El passat dijous 21 d&#8217;octubre va tenir la primera sessi\u00f3 de formaci\u00f3 de les 3 Subxarxes de la <a href=\"https:\/\/projectes.xtec.cat\/xtcd\/\" target=\"_blank\" rel=\"noopener\"><strong>XTCD<\/strong><\/a>. Va haver una part com\u00fa a les tres i despr\u00e9s cada subxarxa va tenir el seu webinar. Us enllacem totes les sessions i us destaquem la informaci\u00f3 m\u00e9s rellevant de totes tres.<\/p>\n<p><strong>PART COM\u00da A LES 3 SUBXARXES <\/strong><em>(17.30h-18h)<\/em><strong>:<\/strong> Una primera part on en\u00a0Francesc Rambla, del Servei d&#8217;Inclusi\u00f3 i Capacitaci\u00f3 Digital de la Secretaria de Pol\u00edtiques Digitals, en la que ens va par de la compet\u00e8ncia digital de la ciutadania i ens va informar de la nova certificaci\u00f3 ACTIC, que inclou la compet\u00e8ncia digital.<\/p>\n<ul>\n<li>Accediu a l&#8217;enlla\u00e7 de la sessi\u00f3&#8230;<a href=\"https:\/\/youtu.be\/NJyp0IzM5j8\" target=\"_blank\" rel=\"noopener\">aqu\u00ed\u00a0<\/a><\/li>\n<\/ul>\n<p><strong><a href=\"https:\/\/serveiseducatius.xtec.cat\/riberadebre\/wp-content\/uploads\/usu1126\/2021\/09\/marc-cdd.png\"><img loading=\"lazy\" decoding=\"async\" class=\"alignnone wp-image-14484\" src=\"https:\/\/serveiseducatius.xtec.cat\/riberadebre\/wp-content\/uploads\/usu1126\/2021\/09\/marc-cdd.png\" alt=\"\" width=\"63\" height=\"60\" srcset=\"https:\/\/serveiseducatius.xtec.cat\/riberadebre\/wp-content\/uploads\/usu1126\/2021\/09\/marc-cdd.png 755w, https:\/\/serveiseducatius.xtec.cat\/riberadebre\/wp-content\/uploads\/usu1126\/2021\/09\/marc-cdd-300x283.png 300w\" sizes=\"auto, (max-width: 63px) 100vw, 63px\" \/><\/a>SUBXARXA <a href=\"https:\/\/projectes.xtec.cat\/xtcd\/competencia-digital-docent\/\" target=\"_blank\" rel=\"noopener\">COMPET\u00c8NCIA DIGITAL DOCENT<\/a> (CDD)<\/strong>. Es va treballar la definici\u00f3 de compet\u00e8ncia digital docent, el marc normatiu, les \u00e0rees de la CDD i es va aprofundir en l&#8217;\u00c0rea 6 de la CDD, la compet\u00e8ncia digital de l&#8217;alumnat. Per finalitzar, vam comptar amb l&#8217;exposici\u00f3 de tres bones pr\u00e0ctiques de centres. Un d&#8217;ells va ser de l&#8217;Escola Enric Grau i Fontser\u00e9, amb el seu projecte <a href=\"https:\/\/agora.xtec.cat\/ceipflix\/categoria\/projectes\/infonodes\/\" target=\"_blank\" rel=\"noopener\">Periodistes Digitals<\/a> relacionat amb el programa M\u00f2bils.Edu.<\/p>\n<ul style=\"list-style-type: circle;\">\n<li>Accediu a l&#8217;enlla\u00e7 de la sessi\u00f3&#8230;<a href=\"https:\/\/projectes.xtec.cat\/xtcd\/competencia-digital-docent\/sessions-2021-22\/sessio-1-area6-desenvolupament-cda\/\" target=\"_blank\" rel=\"noopener\">aqu\u00ed\u00a0<\/a><\/li>\n<\/ul>\n<p><strong><a href=\"https:\/\/serveiseducatius.xtec.cat\/riberadebre\/wp-content\/uploads\/usu1126\/2021\/09\/edc.png\"><img loading=\"lazy\" decoding=\"async\" class=\"alignnone wp-image-14483\" src=\"https:\/\/serveiseducatius.xtec.cat\/riberadebre\/wp-content\/uploads\/usu1126\/2021\/09\/edc.png\" alt=\"\" width=\"104\" height=\"63\" srcset=\"https:\/\/serveiseducatius.xtec.cat\/riberadebre\/wp-content\/uploads\/usu1126\/2021\/09\/edc.png 626w, https:\/\/serveiseducatius.xtec.cat\/riberadebre\/wp-content\/uploads\/usu1126\/2021\/09\/edc-300x183.png 300w\" sizes=\"auto, (max-width: 104px) 100vw, 104px\" \/><\/a>SUBXARXA<a href=\"https:\/\/projectes.xtec.cat\/xtcd\/estrategia-digital-de-centre\/\" target=\"_blank\" rel=\"noopener\"> ESTRAT\u00c8GIA DIGITAL DE CENTRE<\/a> (EDC)<\/strong>. Es va treballar al voltant de la diagnosi com a primera part per iniciar l&#8217;EDC, recursos per a l&#8217;EDC i la cultura digital.<\/p>\n<ul style=\"list-style-type: square;\">\n<li>Accediu a l&#8217;enlla\u00e7 de la sessi\u00f3&#8230;<a href=\"https:\/\/projectes.xtec.cat\/xtcd\/estrategia-digital-de-centre\/sessions-2021-22\/sessio-1-diagnosi-cultura-digital\/\" target=\"_blank\" rel=\"noopener\">aqu\u00ed\u00a0<\/a><\/li>\n<\/ul>\n<p><strong><a href=\"https:\/\/serveiseducatius.xtec.cat\/riberadebre\/wp-content\/uploads\/usu1126\/2021\/09\/coordinador.jpg\"><img loading=\"lazy\" decoding=\"async\" class=\"alignnone wp-image-14486\" src=\"https:\/\/serveiseducatius.xtec.cat\/riberadebre\/wp-content\/uploads\/usu1126\/2021\/09\/coordinador.jpg\" alt=\"\" width=\"46\" height=\"59\" \/><\/a>SUBXARXA <a href=\"https:\/\/projectes.xtec.cat\/xtcd\/coordinacio-digital-de-centre\/\" target=\"_blank\" rel=\"noopener\">COORDINACI\u00d3 DIGITAL DE CENTRE<\/a> (CDC)<\/strong>. Es van treballar q\u00fcestions t\u00e8cniques referents al desplegament d&#8217;equips, les funcions de la Coordinador\/a digital a les diferents comissions i subxarxes, les funcions del metor o mentora digital, el sistema de gesti\u00f3 d&#8217;incid\u00e8ncies digitals, l&#8217;inventari digital i la interacci\u00f3 amb el SAU.<\/p>\n<ul style=\"list-style-type: circle;\">\n<li>Accediu a l&#8217;enlla\u00e7 de la sessi\u00f3&#8230;<a href=\"https:\/\/projectes.xtec.cat\/xtcd\/coordinacio-digital-de-centre\/sessions-2021-22\/sessio-1\/\" target=\"_blank\" rel=\"noopener\">aqu\u00ed\u00a0<\/a><\/li>\n<li>Presentaci\u00f3 de la sessi\u00f3&#8230;<a href=\"https:\/\/docs.google.com\/presentation\/d\/135WbjCFQSC2RTwDvw_Bl6_B2UoAMJhHkX3BMsg54Ro0\/edit?usp=sharing\" target=\"_blank\" rel=\"noopener\">aqu\u00ed\u00a0<\/a><\/li>\n<li>Nodes de suport de la CDC&#8230;<a href=\"https:\/\/projectes.xtec.cat\/coordinaciodigital\/\" target=\"_blank\" rel=\"noopener\">aqu\u00ed<\/a><\/li>\n<li>Si voleu certificar l&#8217;activitat, empleneu el formulari que hi ha al webinar i participeu al NUS<\/li>\n<\/ul>\n<p>Despr\u00e9s d&#8217;aquestes tres sessions webinars tindran lloc les sessions territorials de Ribera d&#8217;Ebre. Tots els inscrits i inscrites rebreu un correu informatiu amb la data exacta i l&#8217;enlla\u00e7 meet a la sessi\u00f3. Us avancem la previsi\u00f3:<\/p>\n<ul>\n<li>Subxarxa territorial de COORDINACI\u00d3 DIGITAL: dimecres 27 d&#8217;octubre a les 17.30h<\/li>\n<li>Subxarxa territorial de COMPET\u00c8NCIA DIGITAL DOCENT: dimarts 9 de novembre a les 17.30h<\/li>\n<\/ul>\n<p><a href=\"https:\/\/serveiseducatius.xtec.cat\/riberadebre\/wp-content\/uploads\/usu1126\/2021\/09\/baixa.jpg\"><img loading=\"lazy\" decoding=\"async\" class=\"alignnone size-full wp-image-14440\" src=\"https:\/\/serveiseducatius.xtec.cat\/riberadebre\/wp-content\/uploads\/usu1126\/2021\/09\/baixa.jpg\" alt=\"\" width=\"389\" height=\"129\" srcset=\"https:\/\/serveiseducatius.xtec.cat\/riberadebre\/wp-content\/uploads\/usu1126\/2021\/09\/baixa.jpg 389w, https:\/\/serveiseducatius.xtec.cat\/riberadebre\/wp-content\/uploads\/usu1126\/2021\/09\/baixa-300x99.jpg 300w\" sizes=\"auto, (max-width: 389px) 100vw, 389px\" \/><\/a><\/p>\n<p><span class=\"hashtag\">#sub-cdd-sessi\u00f31<\/span> #sub-edc-sessi\u00f31 #sub-cdc-sessi\u00f31#XTCD #XarxaTerritorialCulturaDigital<\/p>\n<p><a href=\"https:\/\/serveiseducatius.xtec.cat\/riberadebre\/wp-content\/uploads\/usu1126\/2021\/10\/Logo.Fondos.NextGenerationUE.jpg\"><img loading=\"lazy\" decoding=\"async\" class=\"alignnone wp-image-14775\" src=\"https:\/\/serveiseducatius.xtec.cat\/riberadebre\/wp-content\/uploads\/usu1126\/2021\/10\/Logo.Fondos.NextGenerationUE.jpg\" alt=\"\" width=\"457\" height=\"85\" srcset=\"https:\/\/serveiseducatius.xtec.cat\/riberadebre\/wp-content\/uploads\/usu1126\/2021\/10\/Logo.Fondos.NextGenerationUE.jpg 570w, https:\/\/serveiseducatius.xtec.cat\/riberadebre\/wp-content\/uploads\/usu1126\/2021\/10\/Logo.Fondos.NextGenerationUE-300x56.jpg 300w\" sizes=\"auto, (max-width: 457px) 100vw, 457px\" \/><\/a><a href=\"https:\/\/serveiseducatius.xtec.cat\/riberadebre\/wp-content\/uploads\/usu1126\/2021\/10\/MEFP.Gob_.Web_-scaled.jpg\"><img loading=\"lazy\" decoding=\"async\" class=\"alignnone wp-image-14777\" src=\"https:\/\/serveiseducatius.xtec.cat\/riberadebre\/wp-content\/uploads\/usu1126\/2021\/10\/MEFP.Gob_.Web_-1024x248.jpg\" alt=\"\" width=\"286\" height=\"69\" srcset=\"https:\/\/serveiseducatius.xtec.cat\/riberadebre\/wp-content\/uploads\/usu1126\/2021\/10\/MEFP.Gob_.Web_-1024x248.jpg 1024w, https:\/\/serveiseducatius.xtec.cat\/riberadebre\/wp-content\/uploads\/usu1126\/2021\/10\/MEFP.Gob_.Web_-300x73.jpg 300w, https:\/\/serveiseducatius.xtec.cat\/riberadebre\/wp-content\/uploads\/usu1126\/2021\/10\/MEFP.Gob_.Web_-768x186.jpg 768w, https:\/\/serveiseducatius.xtec.cat\/riberadebre\/wp-content\/uploads\/usu1126\/2021\/10\/MEFP.Gob_.Web_-1536x372.jpg 1536w, https:\/\/serveiseducatius.xtec.cat\/riberadebre\/wp-content\/uploads\/usu1126\/2021\/10\/MEFP.Gob_.Web_-2048x496.jpg 2048w\" sizes=\"auto, (max-width: 286px) 100vw, 286px\" \/><\/a><a href=\"https:\/\/serveiseducatius.xtec.cat\/riberadebre\/wp-content\/uploads\/usu1126\/2021\/10\/Logo.PRTR_.jpg\"><img loading=\"lazy\" decoding=\"async\" class=\"alignnone wp-image-14776\" src=\"https:\/\/serveiseducatius.xtec.cat\/riberadebre\/wp-content\/uploads\/usu1126\/2021\/10\/Logo.PRTR_.jpg\" alt=\"\" width=\"259\" height=\"80\" srcset=\"https:\/\/serveiseducatius.xtec.cat\/riberadebre\/wp-content\/uploads\/usu1126\/2021\/10\/Logo.PRTR_.jpg 570w, https:\/\/serveiseducatius.xtec.cat\/riberadebre\/wp-content\/uploads\/usu1126\/2021\/10\/Logo.PRTR_-300x93.jpg 300w\" sizes=\"auto, (max-width: 259px) 100vw, 259px\" \/><\/a><\/p>\n","protected":false},"excerpt":{"rendered":"<p>El passat dijous 21 d&#8217;octubre va tenir la primera sessi\u00f3 de formaci\u00f3 de les 3 Subxarxes de la XTCD. Va haver una part com\u00fa a les tres i despr\u00e9s cada subxarxa va tenir el seu webinar. Us enllacem totes les sessions i us destaquem la informaci\u00f3 m\u00e9s rellevant de totes tres. PART COM\u00da A LES [&hellip;]<\/p>\n","protected":false},"author":9,"featured_media":14440,"comment_status":"open","ping_status":"closed","sticky":false,"template":"","format":"standard","meta":{"_bbp_topic_count":0,"_bbp_reply_count":0,"_bbp_total_topic_count":0,"_bbp_total_reply_count":0,"_bbp_voice_count":0,"_bbp_anonymous_reply_count":0,"_bbp_topic_count_hidden":0,"_bbp_reply_count_hidden":0,"_bbp_forum_subforum_count":0,"site-sidebar-layout":"default","site-content-layout":"","ast-site-content-layout":"","site-content-style":"default","site-sidebar-style":"default","ast-global-header-display":"","ast-banner-title-visibility":"","ast-main-header-display":"","ast-hfb-above-header-display":"","ast-hfb-below-header-display":"","ast-hfb-mobile-header-display":"","site-post-title":"","ast-breadcrumbs-content":"","ast-featured-img":"","footer-sml-layout":"","theme-transparent-header-meta":"","adv-header-id-meta":"","stick-header-meta":"","header-above-stick-meta":"","header-main-stick-meta":"","header-below-stick-meta":"","astra-migrate-meta-layouts":"default","ast-page-background-enabled":"default","ast-page-background-meta":{"desktop":{"background-color":"var(--ast-global-color-4)","background-image":"","background-repeat":"repeat","background-position":"center center","background-size":"auto","background-attachment":"scroll","background-type":"","background-media":"","overlay-type":"","overlay-color":"","overlay-opacity":"","overlay-gradient":""},"tablet":{"background-color":"","background-image":"","background-repeat":"repeat","background-position":"center center","background-size":"auto","background-attachment":"scroll","background-type":"","background-media":"","overlay-type":"","overlay-color":"","overlay-opacity":"","overlay-gradient":""},"mobile":{"background-color":"","background-image":"","background-repeat":"repeat","background-position":"center center","background-size":"auto","background-attachment":"scroll","background-type":"","background-media":"","overlay-type":"","overlay-color":"","overlay-opacity":"","overlay-gradient":""}},"ast-content-background-meta":{"desktop":{"background-color":"var(--ast-global-color-5)","background-image":"","background-repeat":"repeat","background-position":"center center","background-size":"auto","background-attachment":"scroll","background-type":"","background-media":"","overlay-type":"","overlay-color":"","overlay-opacity":"","overlay-gradient":""},"tablet":{"background-color":"var(--ast-global-color-5)","background-image":"","background-repeat":"repeat","background-position":"center center","background-size":"auto","background-attachment":"scroll","background-type":"","background-media":"","overlay-type":"","overlay-color":"","overlay-opacity":"","overlay-gradient":""},"mobile":{"background-color":"var(--ast-global-color-5)","background-image":"","background-repeat":"repeat","background-position":"center center","background-size":"auto","background-attachment":"scroll","background-type":"","background-media":"","overlay-type":"","overlay-color":"","overlay-opacity":"","overlay-gradient":""}},"footnotes":""},"categories":[1030,1033,65,308,986,154,296,1,310,156,1088,153,29,76,78,534,859],"tags":[962,1034,881],"class_list":["post-14766","post","type-post","status-publish","format-standard","has-post-thumbnail","hentry","category-competencia-digital-docent","category-coordinacio-digital-centre","category-crp","category-escoles","category-edc","category-formacio","category-full-novetats-crp","category-general","category-institut","category-materials-de-formacio","category-novetats-desembre-21","category-pfz","category-portada","category-recursos","category-tac","category-xarxa-digital","category-xtcd","tag-xtcd","tag-xtcd-21-22","tag-xtcd-ribera-debre"],"post_mailing_queue_ids":[],"_links":{"self":[{"href":"https:\/\/serveiseducatius.xtec.cat\/riberadebre\/wp-json\/wp\/v2\/posts\/14766","targetHints":{"allow":["GET"]}}],"collection":[{"href":"https:\/\/serveiseducatius.xtec.cat\/riberadebre\/wp-json\/wp\/v2\/posts"}],"about":[{"href":"https:\/\/serveiseducatius.xtec.cat\/riberadebre\/wp-json\/wp\/v2\/types\/post"}],"author":[{"embeddable":true,"href":"https:\/\/serveiseducatius.xtec.cat\/riberadebre\/wp-json\/wp\/v2\/users\/9"}],"replies":[{"embeddable":true,"href":"https:\/\/serveiseducatius.xtec.cat\/riberadebre\/wp-json\/wp\/v2\/comments?post=14766"}],"version-history":[{"count":3,"href":"https:\/\/serveiseducatius.xtec.cat\/riberadebre\/wp-json\/wp\/v2\/posts\/14766\/revisions"}],"predecessor-version":[{"id":14803,"href":"https:\/\/serveiseducatius.xtec.cat\/riberadebre\/wp-json\/wp\/v2\/posts\/14766\/revisions\/14803"}],"wp:featuredmedia":[{"embeddable":true,"href":"https:\/\/serveiseducatius.xtec.cat\/riberadebre\/wp-json\/wp\/v2\/media\/14440"}],"wp:attachment":[{"href":"https:\/\/serveiseducatius.xtec.cat\/riberadebre\/wp-json\/wp\/v2\/media?parent=14766"}],"wp:term":[{"taxonomy":"category","embeddable":true,"href":"https:\/\/serveiseducatius.xtec.cat\/riberadebre\/wp-json\/wp\/v2\/categories?post=14766"},{"taxonomy":"post_tag","embeddable":true,"href":"https:\/\/serveiseducatius.xtec.cat\/riberadebre\/wp-json\/wp\/v2\/tags?post=14766"}],"curies":[{"name":"wp","href":"https:\/\/api.w.org\/{rel}","templated":true}]}}