{"id":14714,"date":"2021-10-18T15:33:05","date_gmt":"2021-10-18T13:33:05","guid":{"rendered":"https:\/\/serveiseducatius.xtec.cat\/riberadebre\/?p=14714"},"modified":"2022-02-11T13:58:21","modified_gmt":"2022-02-11T12:58:21","slug":"acte","status":"publish","type":"post","link":"https:\/\/serveiseducatius.xtec.cat\/riberadebre\/portada\/acte\/","title":{"rendered":"Acte i Llibres LGTBI del Consell Comarcal de la Ribera amb suport del SAI"},"content":{"rendered":"<p>Avui al migdia vora el riu a M\u00f3ra la Nova, davant el grafit i sota el lema &#8220;la diversitat \u00e9s riquesa&#8221; ha tingut lloc l&#8217;acte del Dia Internacional per la Despatologitzaci\u00f3 Trans, amb la lectura del manifest, els parlaments i l&#8217;<a href=\"https:\/\/www.youtube.com\/watch?v=NAFTTgAkpaM\" target=\"_blank\" rel=\"noopener\">activitat po\u00e8tica i de performance dels alumnes de 4rt d&#8217;ESO de l&#8217;I-E 3 d&#8217;Abril.<\/a><\/p>\n<p>Els Serveis Educatius de la Ribera hem rebut de part de la presidenta del Consell Comarcal de la Ribera d&#8217;Ebre, Gemma Carim,\u00a0 el lot de llibres per al professorat de secund\u00e0ria que es poden demanar en pr\u00e9stec al CRP.<\/p>\n<p>Aquesta proposta ve acompanyada de l&#8217;assessorament de l&#8217;especialista del SAI (Servei d&#8217;Atenci\u00f3 Integral del Consell Comarcal) segons necessitats educatives que puguin sorgir als centres de secund\u00e0ria sobre aquests temes.<\/p>\n<p>Ha finalitzat l&#8217;acte amb els alumnes de l<a href=\"https:\/\/agora.xtec.cat\/ie3dabril\/\" target=\"_blank\" rel=\"noopener\">\u2019Institut-escola 3 d&#8217;Abril<\/a> recitant poemes i trencant unes<br \/>\nfrases de sensibilitzaci\u00f3 sobre LGTBI i eradicaci\u00f3 de viol\u00e8ncies masclistes.<\/p>\n<p>Els centres de secund\u00e0ria rebran la proposta m\u00e9s detallada i podran demanar el suport del SAI.<\/p>\n<p>Tamb\u00e9 hem rebut nous llibres per a\u00a0l&#8217;ampliaci\u00f3 de la maleta de contes coeducatius iniciada fa anys amb nous t\u00edtols per a les escoles.<\/p>\n<p><img loading=\"lazy\" decoding=\"async\" class=\"alignnone size-large wp-image-14715\" src=\"https:\/\/serveiseducatius.xtec.cat\/riberadebre\/wp-content\/uploads\/usu1126\/2021\/10\/Acte-CC-Mora-la-Nova20211018_SE-1024x768.jpg\" alt=\"\" width=\"1024\" height=\"768\" srcset=\"https:\/\/serveiseducatius.xtec.cat\/riberadebre\/wp-content\/uploads\/usu1126\/2021\/10\/Acte-CC-Mora-la-Nova20211018_SE-1024x768.jpg 1024w, https:\/\/serveiseducatius.xtec.cat\/riberadebre\/wp-content\/uploads\/usu1126\/2021\/10\/Acte-CC-Mora-la-Nova20211018_SE-300x225.jpg 300w, https:\/\/serveiseducatius.xtec.cat\/riberadebre\/wp-content\/uploads\/usu1126\/2021\/10\/Acte-CC-Mora-la-Nova20211018_SE-768x576.jpg 768w, https:\/\/serveiseducatius.xtec.cat\/riberadebre\/wp-content\/uploads\/usu1126\/2021\/10\/Acte-CC-Mora-la-Nova20211018_SE-1536x1152.jpg 1536w, https:\/\/serveiseducatius.xtec.cat\/riberadebre\/wp-content\/uploads\/usu1126\/2021\/10\/Acte-CC-Mora-la-Nova20211018_SE-2048x1536.jpg 2048w, https:\/\/serveiseducatius.xtec.cat\/riberadebre\/wp-content\/uploads\/usu1126\/2021\/10\/Acte-CC-Mora-la-Nova20211018_SE-200x150.jpg 200w\" sizes=\"auto, (max-width: 1024px) 100vw, 1024px\" \/><\/p>\n","protected":false},"excerpt":{"rendered":"<p>Avui al migdia vora el riu a M\u00f3ra la Nova, davant el grafit i sota el lema &#8220;la diversitat \u00e9s riquesa&#8221; ha tingut lloc l&#8217;acte del Dia Internacional per la Despatologitzaci\u00f3 Trans, amb la lectura del manifest, els parlaments i l&#8217;activitat po\u00e8tica i de performance dels alumnes de 4rt d&#8217;ESO de l&#8217;I-E 3 d&#8217;Abril. Els [&hellip;]<\/p>\n","protected":false},"author":3,"featured_media":14740,"comment_status":"open","ping_status":"closed","sticky":false,"template":"","format":"standard","meta":{"_bbp_topic_count":0,"_bbp_reply_count":0,"_bbp_total_topic_count":0,"_bbp_total_reply_count":0,"_bbp_voice_count":0,"_bbp_anonymous_reply_count":0,"_bbp_topic_count_hidden":0,"_bbp_reply_count_hidden":0,"_bbp_forum_subforum_count":0,"site-sidebar-layout":"default","site-content-layout":"","ast-site-content-layout":"","site-content-style":"default","site-sidebar-style":"default","ast-global-header-display":"","ast-banner-title-visibility":"","ast-main-header-display":"","ast-hfb-above-header-display":"","ast-hfb-below-header-display":"","ast-hfb-mobile-header-display":"","site-post-title":"","ast-breadcrumbs-content":"","ast-featured-img":"","footer-sml-layout":"","theme-transparent-header-meta":"","adv-header-id-meta":"","stick-header-meta":"","header-above-stick-meta":"","header-main-stick-meta":"","header-below-stick-meta":"","astra-migrate-meta-layouts":"default","ast-page-background-enabled":"default","ast-page-background-meta":{"desktop":{"background-color":"var(--ast-global-color-4)","background-image":"","background-repeat":"repeat","background-position":"center center","background-size":"auto","background-attachment":"scroll","background-type":"","background-media":"","overlay-type":"","overlay-color":"","overlay-opacity":"","overlay-gradient":""},"tablet":{"background-color":"","background-image":"","background-repeat":"repeat","background-position":"center center","background-size":"auto","background-attachment":"scroll","background-type":"","background-media":"","overlay-type":"","overlay-color":"","overlay-opacity":"","overlay-gradient":""},"mobile":{"background-color":"","background-image":"","background-repeat":"repeat","background-position":"center center","background-size":"auto","background-attachment":"scroll","background-type":"","background-media":"","overlay-type":"","overlay-color":"","overlay-opacity":"","overlay-gradient":""}},"ast-content-background-meta":{"desktop":{"background-color":"var(--ast-global-color-5)","background-image":"","background-repeat":"repeat","background-position":"center center","background-size":"auto","background-attachment":"scroll","background-type":"","background-media":"","overlay-type":"","overlay-color":"","overlay-opacity":"","overlay-gradient":""},"tablet":{"background-color":"var(--ast-global-color-5)","background-image":"","background-repeat":"repeat","background-position":"center center","background-size":"auto","background-attachment":"scroll","background-type":"","background-media":"","overlay-type":"","overlay-color":"","overlay-opacity":"","overlay-gradient":""},"mobile":{"background-color":"var(--ast-global-color-5)","background-image":"","background-repeat":"repeat","background-position":"center center","background-size":"auto","background-attachment":"scroll","background-type":"","background-media":"","overlay-type":"","overlay-color":"","overlay-opacity":"","overlay-gradient":""}},"footnotes":""},"categories":[505,1085,65,904,296,656,310,1086,936,1171,63,1031,735,878,29,76,497],"tags":[],"class_list":["post-14714","post","type-post","status-publish","format-standard","has-post-thumbnail","hentry","category-coeducacio","category-consell-comarcal","category-crp","category-diada","category-full-novetats-crp","category-institut-escola-3-dabril-de-mora-la-nova","category-institut","category-lgtbi","category-maleta-coeducativa","category-maleta-lgtbi","category-noticies","category-novetats-octubre-2021","category-ods","category-ods-5","category-portada","category-recursos","category-ribera-debre"],"post_mailing_queue_ids":[],"_links":{"self":[{"href":"https:\/\/serveiseducatius.xtec.cat\/riberadebre\/wp-json\/wp\/v2\/posts\/14714","targetHints":{"allow":["GET"]}}],"collection":[{"href":"https:\/\/serveiseducatius.xtec.cat\/riberadebre\/wp-json\/wp\/v2\/posts"}],"about":[{"href":"https:\/\/serveiseducatius.xtec.cat\/riberadebre\/wp-json\/wp\/v2\/types\/post"}],"author":[{"embeddable":true,"href":"https:\/\/serveiseducatius.xtec.cat\/riberadebre\/wp-json\/wp\/v2\/users\/3"}],"replies":[{"embeddable":true,"href":"https:\/\/serveiseducatius.xtec.cat\/riberadebre\/wp-json\/wp\/v2\/comments?post=14714"}],"version-history":[{"count":3,"href":"https:\/\/serveiseducatius.xtec.cat\/riberadebre\/wp-json\/wp\/v2\/posts\/14714\/revisions"}],"predecessor-version":[{"id":14739,"href":"https:\/\/serveiseducatius.xtec.cat\/riberadebre\/wp-json\/wp\/v2\/posts\/14714\/revisions\/14739"}],"wp:featuredmedia":[{"embeddable":true,"href":"https:\/\/serveiseducatius.xtec.cat\/riberadebre\/wp-json\/wp\/v2\/media\/14740"}],"wp:attachment":[{"href":"https:\/\/serveiseducatius.xtec.cat\/riberadebre\/wp-json\/wp\/v2\/media?parent=14714"}],"wp:term":[{"taxonomy":"category","embeddable":true,"href":"https:\/\/serveiseducatius.xtec.cat\/riberadebre\/wp-json\/wp\/v2\/categories?post=14714"},{"taxonomy":"post_tag","embeddable":true,"href":"https:\/\/serveiseducatius.xtec.cat\/riberadebre\/wp-json\/wp\/v2\/tags?post=14714"}],"curies":[{"name":"wp","href":"https:\/\/api.w.org\/{rel}","templated":true}]}}