{"id":14682,"date":"2021-10-15T09:27:11","date_gmt":"2021-10-15T07:27:11","guid":{"rendered":"https:\/\/serveiseducatius.xtec.cat\/riberadebre\/?p=14682"},"modified":"2021-10-15T09:30:48","modified_gmt":"2021-10-15T07:30:48","slug":"viii-jornada-dadolescencia-la-salut-mental-dels-joves-i-adolescents-de-les-terres-de-lebre","status":"publish","type":"post","link":"https:\/\/serveiseducatius.xtec.cat\/riberadebre\/general\/viii-jornada-dadolescencia-la-salut-mental-dels-joves-i-adolescents-de-les-terres-de-lebre\/","title":{"rendered":"VIII JORNADA D&#8217;ADOLESC\u00c8NCIA &#8220;La salut mental dels joves i adolescents de les Terres de l&#8217;Ebre&#8221;"},"content":{"rendered":"<p style=\"font-weight: 400;\"><strong>VIII Jornada d\u2019Adolesc\u00e8ncia <\/strong>amb el tema<strong> \u201cLa salut mental dels joves i adolescents de les Terres de l\u2019Ebre\u201d. <\/strong>Jornada en format presencial adre\u00e7ada als professionals que treballen amb adolescents, especialment del sector de la salut, l\u2019ensenyament i professionals de joventut.<\/p>\n<p style=\"font-weight: 400;\"><strong>Data i horari: <\/strong>27 d\u2019Octubre de 2021, de 8:30h a 14h<\/p>\n<p><strong>Lloc:<\/strong> Auditori Felip Pedrell (Tortosa)<\/p>\n<p style=\"font-weight: 400;\">Per assistir a la Jornada cal inscripci\u00f3 pr\u00e8via amb el codi: <strong>8000300508 VIII Jornada d&#8217;Adolesc\u00e8ncia<\/strong> (<a href=\"https:\/\/aplicacions.gestioeducativa.gencat.cat\/pls\/soloas\/pk_for_mod_ins.p_for_detall_activitat?p_header=Llista%20d%27activitats^pk_for_mod_ins.p_for_cons_activitats?p_any=2021-2022%26p_modalitat=50,22,53,51,40,52%26p_totes=N%26p_comarca=09%26p_inici=1%26p_excloure_crp_rec=T&amp;p_codi=8000300508&amp;p_curs=2021-2022&amp;p_excloure_crp_rec=T\" target=\"_blank\" rel=\"noopener\">enlla\u00e7 per accedir a la inscripci\u00f3<\/a>).<\/p>\n<p><strong>Objectius de la sessi\u00f3:\u00a0<\/strong><\/p>\n<p>.Continuar la coordinaci\u00f3 interdepartamental.<br \/>\n.Donar a con\u00e8ixer el que fan diversos organismes sobre el tema a tractar.<br \/>\n.Reflexionar sobre com aquest tema pot afectar als infants i adolescents.<\/p>\n<p><strong>Programa de la sessi\u00f3:\u00a0<\/strong><\/p>\n<ul style=\"list-style-type: square;\">\n<li>8:15 Recepci\u00f3<\/li>\n<li>8:45h Inauguraci\u00f3 institucional<\/li>\n<li>9h Confer\u00e8ncia Inaugural a c\u00e0rrec de la Dra. Cabezas, secret\u00e0ria de Salut P\u00fablica (via Teams)<\/li>\n<li>9:30h Col\u00b7loqui: Influ\u00efm tots i totes. Promoci\u00f3 de la salut mental i prevenci\u00f3 dels trastorns mentals<\/li>\n<li>10:30h: Esmorzar saludable<\/li>\n<li>11h: Taula rodona<\/li>\n<li>12:30h Confer\u00e8ncia de clausura a c\u00e0rrec de David Bueno<\/li>\n<li>14h: Cloenda institucional i comiat<\/li>\n<\/ul>\n<p><a href=\"https:\/\/serveiseducatius.xtec.cat\/riberadebre\/wp-content\/uploads\/usu1126\/2021\/10\/Programa_Adolescencia-salut-mental-2021-V2_page-0001.jpg\"><img loading=\"lazy\" decoding=\"async\" class=\"alignnone wp-image-14683\" src=\"https:\/\/serveiseducatius.xtec.cat\/riberadebre\/wp-content\/uploads\/usu1126\/2021\/10\/Programa_Adolescencia-salut-mental-2021-V2_page-0001-696x1024.jpg\" alt=\"\" width=\"463\" height=\"682\" srcset=\"https:\/\/serveiseducatius.xtec.cat\/riberadebre\/wp-content\/uploads\/usu1126\/2021\/10\/Programa_Adolescencia-salut-mental-2021-V2_page-0001-696x1024.jpg 696w, https:\/\/serveiseducatius.xtec.cat\/riberadebre\/wp-content\/uploads\/usu1126\/2021\/10\/Programa_Adolescencia-salut-mental-2021-V2_page-0001-204x300.jpg 204w, https:\/\/serveiseducatius.xtec.cat\/riberadebre\/wp-content\/uploads\/usu1126\/2021\/10\/Programa_Adolescencia-salut-mental-2021-V2_page-0001-768x1130.jpg 768w, https:\/\/serveiseducatius.xtec.cat\/riberadebre\/wp-content\/uploads\/usu1126\/2021\/10\/Programa_Adolescencia-salut-mental-2021-V2_page-0001.jpg 1004w\" sizes=\"auto, (max-width: 463px) 100vw, 463px\" \/><\/a> <a href=\"https:\/\/serveiseducatius.xtec.cat\/riberadebre\/wp-content\/uploads\/usu1126\/2021\/10\/Programa_Adolescencia-salut-mental-2021-V2_page-0002.jpg\"><img loading=\"lazy\" decoding=\"async\" class=\"alignnone wp-image-14685\" src=\"https:\/\/serveiseducatius.xtec.cat\/riberadebre\/wp-content\/uploads\/usu1126\/2021\/10\/Programa_Adolescencia-salut-mental-2021-V2_page-0002-696x1024.jpg\" alt=\"\" width=\"512\" height=\"753\" srcset=\"https:\/\/serveiseducatius.xtec.cat\/riberadebre\/wp-content\/uploads\/usu1126\/2021\/10\/Programa_Adolescencia-salut-mental-2021-V2_page-0002-696x1024.jpg 696w, https:\/\/serveiseducatius.xtec.cat\/riberadebre\/wp-content\/uploads\/usu1126\/2021\/10\/Programa_Adolescencia-salut-mental-2021-V2_page-0002-204x300.jpg 204w, https:\/\/serveiseducatius.xtec.cat\/riberadebre\/wp-content\/uploads\/usu1126\/2021\/10\/Programa_Adolescencia-salut-mental-2021-V2_page-0002-768x1130.jpg 768w, https:\/\/serveiseducatius.xtec.cat\/riberadebre\/wp-content\/uploads\/usu1126\/2021\/10\/Programa_Adolescencia-salut-mental-2021-V2_page-0002.jpg 1004w\" sizes=\"auto, (max-width: 512px) 100vw, 512px\" \/><\/a><\/p>\n","protected":false},"excerpt":{"rendered":"<p>VIII Jornada d\u2019Adolesc\u00e8ncia amb el tema \u201cLa salut mental dels joves i adolescents de les Terres de l\u2019Ebre\u201d. Jornada en format presencial adre\u00e7ada als professionals que treballen amb adolescents, especialment del sector de la salut, l\u2019ensenyament i professionals de joventut. Data i horari: 27 d\u2019Octubre de 2021, de 8:30h a 14h Lloc: Auditori Felip Pedrell [&hellip;]<\/p>\n","protected":false},"author":9,"featured_media":14683,"comment_status":"open","ping_status":"closed","sticky":false,"template":"","format":"standard","meta":{"_bbp_topic_count":0,"_bbp_reply_count":0,"_bbp_total_topic_count":0,"_bbp_total_reply_count":0,"_bbp_voice_count":0,"_bbp_anonymous_reply_count":0,"_bbp_topic_count_hidden":0,"_bbp_reply_count_hidden":0,"_bbp_forum_subforum_count":0,"site-sidebar-layout":"default","site-content-layout":"","ast-site-content-layout":"","site-content-style":"default","site-sidebar-style":"default","ast-global-header-display":"","ast-banner-title-visibility":"","ast-main-header-display":"","ast-hfb-above-header-display":"","ast-hfb-below-header-display":"","ast-hfb-mobile-header-display":"","site-post-title":"","ast-breadcrumbs-content":"","ast-featured-img":"","footer-sml-layout":"","theme-transparent-header-meta":"","adv-header-id-meta":"","stick-header-meta":"","header-above-stick-meta":"","header-main-stick-meta":"","header-below-stick-meta":"","astra-migrate-meta-layouts":"default","ast-page-background-enabled":"default","ast-page-background-meta":{"desktop":{"background-color":"var(--ast-global-color-4)","background-image":"","background-repeat":"repeat","background-position":"center center","background-size":"auto","background-attachment":"scroll","background-type":"","background-media":"","overlay-type":"","overlay-color":"","overlay-opacity":"","overlay-gradient":""},"tablet":{"background-color":"","background-image":"","background-repeat":"repeat","background-position":"center center","background-size":"auto","background-attachment":"scroll","background-type":"","background-media":"","overlay-type":"","overlay-color":"","overlay-opacity":"","overlay-gradient":""},"mobile":{"background-color":"","background-image":"","background-repeat":"repeat","background-position":"center center","background-size":"auto","background-attachment":"scroll","background-type":"","background-media":"","overlay-type":"","overlay-color":"","overlay-opacity":"","overlay-gradient":""}},"ast-content-background-meta":{"desktop":{"background-color":"var(--ast-global-color-5)","background-image":"","background-repeat":"repeat","background-position":"center center","background-size":"auto","background-attachment":"scroll","background-type":"","background-media":"","overlay-type":"","overlay-color":"","overlay-opacity":"","overlay-gradient":""},"tablet":{"background-color":"var(--ast-global-color-5)","background-image":"","background-repeat":"repeat","background-position":"center center","background-size":"auto","background-attachment":"scroll","background-type":"","background-media":"","overlay-type":"","overlay-color":"","overlay-opacity":"","overlay-gradient":""},"mobile":{"background-color":"var(--ast-global-color-5)","background-image":"","background-repeat":"repeat","background-position":"center center","background-size":"auto","background-attachment":"scroll","background-type":"","background-media":"","overlay-type":"","overlay-color":"","overlay-opacity":"","overlay-gradient":""}},"footnotes":""},"categories":[65,1,310,504,29,670],"tags":[1079,395,1048],"class_list":["post-14682","post","type-post","status-publish","format-standard","has-post-thumbnail","hentry","category-crp","category-general","category-institut","category-jornades","category-portada","category-secundaria","tag-jornada-adolescencia-i-la-salut-mental","tag-jornades","tag-salut-mental"],"post_mailing_queue_ids":[],"_links":{"self":[{"href":"https:\/\/serveiseducatius.xtec.cat\/riberadebre\/wp-json\/wp\/v2\/posts\/14682","targetHints":{"allow":["GET"]}}],"collection":[{"href":"https:\/\/serveiseducatius.xtec.cat\/riberadebre\/wp-json\/wp\/v2\/posts"}],"about":[{"href":"https:\/\/serveiseducatius.xtec.cat\/riberadebre\/wp-json\/wp\/v2\/types\/post"}],"author":[{"embeddable":true,"href":"https:\/\/serveiseducatius.xtec.cat\/riberadebre\/wp-json\/wp\/v2\/users\/9"}],"replies":[{"embeddable":true,"href":"https:\/\/serveiseducatius.xtec.cat\/riberadebre\/wp-json\/wp\/v2\/comments?post=14682"}],"version-history":[{"count":3,"href":"https:\/\/serveiseducatius.xtec.cat\/riberadebre\/wp-json\/wp\/v2\/posts\/14682\/revisions"}],"predecessor-version":[{"id":14692,"href":"https:\/\/serveiseducatius.xtec.cat\/riberadebre\/wp-json\/wp\/v2\/posts\/14682\/revisions\/14692"}],"wp:featuredmedia":[{"embeddable":true,"href":"https:\/\/serveiseducatius.xtec.cat\/riberadebre\/wp-json\/wp\/v2\/media\/14683"}],"wp:attachment":[{"href":"https:\/\/serveiseducatius.xtec.cat\/riberadebre\/wp-json\/wp\/v2\/media?parent=14682"}],"wp:term":[{"taxonomy":"category","embeddable":true,"href":"https:\/\/serveiseducatius.xtec.cat\/riberadebre\/wp-json\/wp\/v2\/categories?post=14682"},{"taxonomy":"post_tag","embeddable":true,"href":"https:\/\/serveiseducatius.xtec.cat\/riberadebre\/wp-json\/wp\/v2\/tags?post=14682"}],"curies":[{"name":"wp","href":"https:\/\/api.w.org\/{rel}","templated":true}]}}