{"id":14587,"date":"2021-10-05T08:44:14","date_gmt":"2021-10-05T06:44:14","guid":{"rendered":"https:\/\/serveiseducatius.xtec.cat\/riberadebre\/?p=14587"},"modified":"2021-10-05T08:44:28","modified_gmt":"2021-10-05T06:44:28","slug":"xix-trobada-de-corals-primaria-i-corarts-curs-21-22","status":"publish","type":"post","link":"https:\/\/serveiseducatius.xtec.cat\/riberadebre\/portada\/xix-trobada-de-corals-primaria-i-corarts-curs-21-22\/","title":{"rendered":"XIX TROBADA DE CORALS PRIM\u00c0RIA I CORARTS 2022"},"content":{"rendered":"<p>El Departament d\u2019Educaci\u00f3 organitza la <a href=\"http:\/\/xtec.gencat.cat\/ca\/curriculum\/professionals\/artistics\/musica\/corals\/\" target=\"_blank\" rel=\"noopener\"><strong>XIX Trobada de corals d&#8217;Educaci\u00f3 Infantil i Prim\u00e0ria i al CorArts (secund\u00e0ria) 2022<\/strong><\/a>.<\/p>\n<p><strong>TROBADA DE CORALS PRIM\u00c0RIA\u00a0<\/strong><\/p>\n<p><em>La novetat d&#8217;aquest curs \u00e9s que els centres participants podran incorporar una part o tot el repertori de la cantata La Clika. Es tracta d\u2019un projecte sociomusical que ja t\u00e9 recorregut en el panorama educatiu de les terres de parla catalana i del qual en podeu ampliar la informaci\u00f3 en <a href=\"https:\/\/laclika.cat\/\" target=\"_blank\" rel=\"noopener\">aquest enlla\u00e7<\/a>. A les nostres terres est\u00e0 previst que la trobada es realitzi entre abril i maig a l<b>&#8216;Auditori Felip Pedrell<\/b>, tot i que la data encara est\u00e0 pendent de confirmar.<\/em><\/p>\n<ul>\n<li><strong>Termini inscripci\u00f3<\/strong> (<a href=\"https:\/\/aplicacions.gestioeducativa.gencat.cat\/pls\/apex\/f?p=2011021:LOGIN:406919743482025:::::\" target=\"_blank\" rel=\"noopener\">cliqueu enlla\u00e7<\/a>): del\u2019<strong>1 al 22 d&#8217;octubre de 2021. <\/strong><em>A la inscripci\u00f3 s&#8217;accedeix amb usuari de centre*<\/em><\/li>\n<li><strong>Repertori:<\/strong> la pe\u00e7a de cant com\u00fa ser\u00e0 <a href=\"https:\/\/laclika.cat\/recursos\/tema-11-la-clika\" target=\"_blank\" rel=\"noopener\"><strong>La Clika<\/strong><\/a><\/li>\n<li>Formaci\u00f3: les sessions de formaci\u00f3 seran el 5 de novembre de 2021 i l&#8217;11 de febrer de 2022.<\/li>\n<li>Consulteu <strong>tota la informaci\u00f3 sobre l&#8217;edici\u00f3 actual&#8230;<a href=\"http:\/\/xtec.gencat.cat\/ca\/curriculum\/professionals\/artistics\/musica\/corals\/primaria\/curs-2021-2022\/\" target=\"_blank\" rel=\"noopener\">aqu\u00ed\u00a0<\/a><\/strong><\/li>\n<li>Si voleu consultar les edicions d&#8217;altres cursos&#8230;<a href=\"http:\/\/xtec.gencat.cat\/ca\/curriculum\/professionals\/artistics\/musica\/corals\/primaria\/\" target=\"_blank\" rel=\"noopener\">aqu\u00ed\u00a0<\/a><\/li>\n<\/ul>\n<p><strong>CORARTS SECUND\u00c0RIA<\/strong><\/p>\n<p><em>L&#8217;organitzaci\u00f3 encara una nova etapa\u00a0 amb la participaci\u00f3 directa del <a href=\"http:\/\/cdapaucasals.com\/\" target=\"_blank\" rel=\"noopener\"><strong>Camp d&#8217;Aprenentatge Pau Casals<\/strong><\/a> d&#8217;El Vendrell. Els instituts que hi participin podran incorporar una part o tot el repertori de la <a href=\"http:\/\/cdapaucasals.com\/la-veu-de-la-terra\/\" target=\"_blank\" rel=\"noopener\"><strong>cantata La veu de la Terra<\/strong><\/a>, un projecte pedag\u00f2gic de l\u2019equip del Camp d&#8217;Aprenentatge Pau Casals. Si les mesures sanit\u00e0ries ho permeten, les trobades seran presencials i es comptar\u00e0 amb l&#8217;acompanyament de conjunts instrumentals de m\u00fasica moderna dels conservatoris d\u2019arreu del pa\u00eds. A les nostres terres est\u00e0 previst que la trobada es realitzi entre abril i maig a l&#8217;<b>Auditori Felip Pedrell<\/b>, tot i que la data encara est\u00e0 pendent de confirmar.<\/em><\/p>\n<ul>\n<li><strong>Termini inscripci\u00f3<\/strong> (<a href=\"https:\/\/aplicacions.gestioeducativa.gencat.cat\/pls\/apex\/f?p=2011021:LOGIN:406919743482025:::::\" target=\"_blank\" rel=\"noopener\">cliqueu enlla\u00e7<\/a>): del\u2019<strong>1 al 22 d&#8217;octubre de 2021. <\/strong><em>A la inscripci\u00f3 s&#8217;accedeix amb usuari de centre*<\/em><\/li>\n<li><strong>Repertori:<\/strong> la pe\u00e7a de cant com\u00fa ser\u00e0 Vict\u00f2ria de la Cantata La veu de la Terra. <a style=\"font-family: inherit; font-size: 1em;\" href=\"http:\/\/laveudelaterra.cat\/09-victoria\/\" target=\"_blank\" rel=\"noopener\">Recursos per treballar la can\u00e7\u00f3 Vict\u00f2ria<\/a><\/li>\n<li>Formaci\u00f3: les sessions de formaci\u00f3 seran el 12 de novembre de 2021 i el 25 de febrer de 2022.<\/li>\n<li>Consulteu <strong>tota la informaci\u00f3 sobre l&#8217;edici\u00f3 actual&#8230;<a href=\"http:\/\/xtec.gencat.cat\/ca\/curriculum\/professionals\/artistics\/musica\/corals\/secundaria\/curs-2021-2022\/\" target=\"_blank\" rel=\"noopener\">aqu\u00ed\u00a0<\/a><\/strong><\/li>\n<li>Si voleu consultar les trobades d&#8217;altres cursos&#8230;<a href=\"http:\/\/xtec.gencat.cat\/ca\/curriculum\/professionals\/artistics\/musica\/corals\/secundaria\/\" target=\"_blank\" rel=\"noopener\">aqu\u00ed\u00a0<\/a><\/li>\n<\/ul>\n<p><a href=\"https:\/\/serveiseducatius.xtec.cat\/riberadebre\/wp-content\/uploads\/usu1126\/2021\/10\/images.png\"><img loading=\"lazy\" decoding=\"async\" class=\"alignnone wp-image-14589\" src=\"https:\/\/serveiseducatius.xtec.cat\/riberadebre\/wp-content\/uploads\/usu1126\/2021\/10\/images.png\" alt=\"\" width=\"314\" height=\"176\" \/><\/a><\/p>\n","protected":false},"excerpt":{"rendered":"<p>El Departament d\u2019Educaci\u00f3 organitza la XIX Trobada de corals d&#8217;Educaci\u00f3 Infantil i Prim\u00e0ria i al CorArts (secund\u00e0ria) 2022. TROBADA DE CORALS PRIM\u00c0RIA\u00a0 La novetat d&#8217;aquest curs \u00e9s que els centres participants podran incorporar una part o tot el repertori de la cantata La Clika. Es tracta d\u2019un projecte sociomusical que ja t\u00e9 recorregut en el [&hellip;]<\/p>\n","protected":false},"author":9,"featured_media":14589,"comment_status":"open","ping_status":"closed","sticky":false,"template":"","format":"standard","meta":{"_bbp_topic_count":0,"_bbp_reply_count":0,"_bbp_total_topic_count":0,"_bbp_total_reply_count":0,"_bbp_voice_count":0,"_bbp_anonymous_reply_count":0,"_bbp_topic_count_hidden":0,"_bbp_reply_count_hidden":0,"_bbp_forum_subforum_count":0,"site-sidebar-layout":"default","site-content-layout":"","ast-site-content-layout":"","site-content-style":"default","site-sidebar-style":"default","ast-global-header-display":"","ast-banner-title-visibility":"","ast-main-header-display":"","ast-hfb-above-header-display":"","ast-hfb-below-header-display":"","ast-hfb-mobile-header-display":"","site-post-title":"","ast-breadcrumbs-content":"","ast-featured-img":"","footer-sml-layout":"","theme-transparent-header-meta":"","adv-header-id-meta":"","stick-header-meta":"","header-above-stick-meta":"","header-main-stick-meta":"","header-below-stick-meta":"","astra-migrate-meta-layouts":"default","ast-page-background-enabled":"default","ast-page-background-meta":{"desktop":{"background-color":"var(--ast-global-color-4)","background-image":"","background-repeat":"repeat","background-position":"center center","background-size":"auto","background-attachment":"scroll","background-type":"","background-media":"","overlay-type":"","overlay-color":"","overlay-opacity":"","overlay-gradient":""},"tablet":{"background-color":"","background-image":"","background-repeat":"repeat","background-position":"center center","background-size":"auto","background-attachment":"scroll","background-type":"","background-media":"","overlay-type":"","overlay-color":"","overlay-opacity":"","overlay-gradient":""},"mobile":{"background-color":"","background-image":"","background-repeat":"repeat","background-position":"center center","background-size":"auto","background-attachment":"scroll","background-type":"","background-media":"","overlay-type":"","overlay-color":"","overlay-opacity":"","overlay-gradient":""}},"ast-content-background-meta":{"desktop":{"background-color":"var(--ast-global-color-5)","background-image":"","background-repeat":"repeat","background-position":"center center","background-size":"auto","background-attachment":"scroll","background-type":"","background-media":"","overlay-type":"","overlay-color":"","overlay-opacity":"","overlay-gradient":""},"tablet":{"background-color":"var(--ast-global-color-5)","background-image":"","background-repeat":"repeat","background-position":"center center","background-size":"auto","background-attachment":"scroll","background-type":"","background-media":"","overlay-type":"","overlay-color":"","overlay-opacity":"","overlay-gradient":""},"mobile":{"background-color":"var(--ast-global-color-5)","background-image":"","background-repeat":"repeat","background-position":"center center","background-size":"auto","background-attachment":"scroll","background-type":"","background-media":"","overlay-type":"","overlay-color":"","overlay-opacity":"","overlay-gradient":""}},"footnotes":""},"categories":[65,66,308,310,649,29,1063],"tags":[780,1062,779,1061],"class_list":["post-14587","post","type-post","status-publish","format-standard","has-post-thumbnail","hentry","category-crp","category-dinamitzacio","category-escoles","category-institut","category-musica","category-portada","category-trobada-de-corals-i-corarts","tag-corarts","tag-corarts-2022","tag-trobada-de-corals","tag-trobada-de-corals-2022"],"post_mailing_queue_ids":[],"_links":{"self":[{"href":"https:\/\/serveiseducatius.xtec.cat\/riberadebre\/wp-json\/wp\/v2\/posts\/14587","targetHints":{"allow":["GET"]}}],"collection":[{"href":"https:\/\/serveiseducatius.xtec.cat\/riberadebre\/wp-json\/wp\/v2\/posts"}],"about":[{"href":"https:\/\/serveiseducatius.xtec.cat\/riberadebre\/wp-json\/wp\/v2\/types\/post"}],"author":[{"embeddable":true,"href":"https:\/\/serveiseducatius.xtec.cat\/riberadebre\/wp-json\/wp\/v2\/users\/9"}],"replies":[{"embeddable":true,"href":"https:\/\/serveiseducatius.xtec.cat\/riberadebre\/wp-json\/wp\/v2\/comments?post=14587"}],"version-history":[{"count":3,"href":"https:\/\/serveiseducatius.xtec.cat\/riberadebre\/wp-json\/wp\/v2\/posts\/14587\/revisions"}],"predecessor-version":[{"id":14594,"href":"https:\/\/serveiseducatius.xtec.cat\/riberadebre\/wp-json\/wp\/v2\/posts\/14587\/revisions\/14594"}],"wp:featuredmedia":[{"embeddable":true,"href":"https:\/\/serveiseducatius.xtec.cat\/riberadebre\/wp-json\/wp\/v2\/media\/14589"}],"wp:attachment":[{"href":"https:\/\/serveiseducatius.xtec.cat\/riberadebre\/wp-json\/wp\/v2\/media?parent=14587"}],"wp:term":[{"taxonomy":"category","embeddable":true,"href":"https:\/\/serveiseducatius.xtec.cat\/riberadebre\/wp-json\/wp\/v2\/categories?post=14587"},{"taxonomy":"post_tag","embeddable":true,"href":"https:\/\/serveiseducatius.xtec.cat\/riberadebre\/wp-json\/wp\/v2\/tags?post=14587"}],"curies":[{"name":"wp","href":"https:\/\/api.w.org\/{rel}","templated":true}]}}