{"id":14568,"date":"2021-10-04T10:28:06","date_gmt":"2021-10-04T08:28:06","guid":{"rendered":"https:\/\/serveiseducatius.xtec.cat\/riberadebre\/?p=14568"},"modified":"2021-10-04T10:38:04","modified_gmt":"2021-10-04T08:38:04","slug":"fem-i-compartim-virtual-21-recull-dexperiencies","status":"publish","type":"post","link":"https:\/\/serveiseducatius.xtec.cat\/riberadebre\/general\/fem-i-compartim-virtual-21-recull-dexperiencies\/","title":{"rendered":"FEM I COMPARTIM VIRTUAL 2021. Recull d&#8217;experi\u00e8ncies"},"content":{"rendered":"<p>El passat dilluns 27 de setembre gaireb\u00e9 un centenar de docents de la Ribera d&#8217;Ebre vam poder gaudir de la jornada\u00a0 <a href=\"https:\/\/serveiseducatius.xtec.cat\/riberadebre\/general\/compartim-experiencies-a-la-ribera-fem-i-compartim-virtual-2021\/\" target=\"_blank\" rel=\"noopener\"><strong>Fem i compartim virtual<\/strong><\/a>.<\/p>\n<p>Quatre centres educatius i un grup de treball del PFZ Ribera d&#8217;Ebre van compartir les seves bones pr\u00e0ctiques o experi\u00e8ncies amb la resta de docents de la comarca. Les experi\u00e8ncies presentades van ser:<\/p>\n<ul>\n<li><a href=\"https:\/\/agora.xtec.cat\/iesjulioantonio\/categoria\/mobilitateso\/\" target=\"_blank\" rel=\"noopener\"><strong>Projecte LIRA (Living In a Rural Area)<\/strong><\/a>, de l&#8217;<a href=\"https:\/\/agora.xtec.cat\/iesjulioantonio\/\" target=\"_blank\" rel=\"noopener\">Institut Julio Antonio<\/a> (M\u00f3ra d&#8217;Ebre): les professores Mireia Simon, Neus Jornet i Marta Montagut ens van explicar com va sorgir el seu projecte Erasmus, les actuacions que han realitzat i quines en tenen de previstes.<\/li>\n<li><a href=\"https:\/\/agora.xtec.cat\/ceipflix\/portada\/participacio-en-el-projecte-enfocat\/\" target=\"_blank\" rel=\"noopener\"><strong>Enfocat<\/strong><\/a>, experi\u00e8ncia conjunta de l&#8217;<a href=\"https:\/\/agora.xtec.cat\/ceipflix\/\" target=\"_blank\" rel=\"noopener\">Escola Enric Grau i Fontser\u00e9<\/a> (Flix) i l&#8217;<a href=\"https:\/\/agora.xtec.cat\/esc-pamiesdeginestar\/\" target=\"_blank\" rel=\"noopener\">Escola P\u00e0mies<\/a> (Ginestar) en col\u00b7laboraci\u00f3 amb el Grup Natura Freixe i el CdA Flix: Josep M. Albiac i Gisela Farn\u00f3s ens van explicar la seva experi\u00e8ncia educativa a un dels espais afectats per l&#8217;incendi de l&#8217;estiu del 2018.<\/li>\n<li><a href=\"https:\/\/serveiseducatius.xtec.cat\/riberadebre\/portada\/observacio-entre-iguals-de-lescola-lluis-vinas-presentada-a-la-jornada-final-xcbt6\/\" target=\"_blank\" rel=\"noopener\"><strong>Observaci\u00f3 entre iguals<\/strong><\/a>, de l&#8217;<a href=\"https:\/\/agora.xtec.cat\/ceipmoradebre\/\" target=\"_blank\" rel=\"noopener\">Escola Llu\u00eds Vi\u00f1as<\/a> (M\u00f3ra d&#8221;Ebre: la Meritxell Masip i la Neus Marches van compartir com han dut a terme la experi\u00e8ncia de la codoc\u00e8ncia al seu centre, a partir de la participaci\u00f3 a la Xarxa de Compet\u00e8ncies B\u00e0siques.<\/li>\n<li><a href=\"https:\/\/agora.xtec.cat\/ceipflix\/general\/creacio-sala-multisensorial-snoezelen\/\" target=\"_blank\" rel=\"noopener\"><strong>Creaci\u00f3 aula multisensorial Snoezelen<\/strong><\/a>, de l&#8217;<a href=\"https:\/\/agora.xtec.cat\/ceipflix\/\" target=\"_blank\" rel=\"noopener\">Escola Enric Grau i Fontser\u00e9<\/a> (Flix): el Josep M. Albiac i la Laura Sanclemente ens van explicar quin ha estat el proc\u00e9s de creaci\u00f3 de l&#8217;aula multisensorial&#8230;com va sorgir la idea, qu\u00e8 \u00e9s el que tenen fet fins ara i quines actuacions de futur tenen previstes.<\/li>\n<li><strong>Our Ribera d&#8217;Ebre Towns<\/strong>, del Grup de Mestres d&#8217;Angl\u00e8s de la Ribera d&#8217;Ebre: la Maribel Garcia (mestra d&#8217;angl\u00e8s de la ZER Benissanet-Miravet) va fer visible la tasca realitzada pel grup de treball i va animar a tots els docents i totes les docents d&#8217;angl\u00e8s de la comarca (prim\u00e0ria i secund\u00e0ria) a formar-hi part. Com m\u00e9s seran m\u00e9s es podr\u00e0 enriquir el grup i m\u00e9s xarxa entre centres es podr\u00e0 establir!<\/li>\n<\/ul>\n<p>Va ser tot un goig veure com els docents de la nostra comarca aposten per fer xarxa, per compartir les seves experi\u00e8ncies i per oferir-se a donar un cop de m\u00e0 als altres centres que vulguin engegar actuacions semblants a les exposades. Endavant amb el Fem i Compartim!<\/p>\n<p><a href=\"https:\/\/serveiseducatius.xtec.cat\/riberadebre\/wp-content\/uploads\/usu1126\/2021\/09\/Cartell-Fem-i-compartim21_esborrany3.png\"><img loading=\"lazy\" decoding=\"async\" class=\"alignnone wp-image-14505\" src=\"https:\/\/serveiseducatius.xtec.cat\/riberadebre\/wp-content\/uploads\/usu1126\/2021\/09\/Cartell-Fem-i-compartim21_esborrany3-724x1024.png\" alt=\"\" width=\"281\" height=\"398\" srcset=\"https:\/\/serveiseducatius.xtec.cat\/riberadebre\/wp-content\/uploads\/usu1126\/2021\/09\/Cartell-Fem-i-compartim21_esborrany3-724x1024.png 724w, https:\/\/serveiseducatius.xtec.cat\/riberadebre\/wp-content\/uploads\/usu1126\/2021\/09\/Cartell-Fem-i-compartim21_esborrany3-212x300.png 212w, https:\/\/serveiseducatius.xtec.cat\/riberadebre\/wp-content\/uploads\/usu1126\/2021\/09\/Cartell-Fem-i-compartim21_esborrany3-768x1086.png 768w, https:\/\/serveiseducatius.xtec.cat\/riberadebre\/wp-content\/uploads\/usu1126\/2021\/09\/Cartell-Fem-i-compartim21_esborrany3-1086x1536.png 1086w, https:\/\/serveiseducatius.xtec.cat\/riberadebre\/wp-content\/uploads\/usu1126\/2021\/09\/Cartell-Fem-i-compartim21_esborrany3-1448x2048.png 1448w, https:\/\/serveiseducatius.xtec.cat\/riberadebre\/wp-content\/uploads\/usu1126\/2021\/09\/Cartell-Fem-i-compartim21_esborrany3.png 1587w\" sizes=\"auto, (max-width: 281px) 100vw, 281px\" \/><\/a><\/p>\n","protected":false},"excerpt":{"rendered":"<p>El passat dilluns 27 de setembre gaireb\u00e9 un centenar de docents de la Ribera d&#8217;Ebre vam poder gaudir de la jornada\u00a0 Fem i compartim virtual. Quatre centres educatius i un grup de treball del PFZ Ribera d&#8217;Ebre van compartir les seves bones pr\u00e0ctiques o experi\u00e8ncies amb la resta de docents de la comarca. Les experi\u00e8ncies [&hellip;]<\/p>\n","protected":false},"author":9,"featured_media":14584,"comment_status":"open","ping_status":"closed","sticky":false,"template":"","format":"standard","meta":{"_bbp_topic_count":0,"_bbp_reply_count":0,"_bbp_total_topic_count":0,"_bbp_total_reply_count":0,"_bbp_voice_count":0,"_bbp_anonymous_reply_count":0,"_bbp_topic_count_hidden":0,"_bbp_reply_count_hidden":0,"_bbp_forum_subforum_count":0,"site-sidebar-layout":"default","site-content-layout":"","ast-site-content-layout":"","site-content-style":"default","site-sidebar-style":"default","ast-global-header-display":"","ast-banner-title-visibility":"","ast-main-header-display":"","ast-hfb-above-header-display":"","ast-hfb-below-header-display":"","ast-hfb-mobile-header-display":"","site-post-title":"","ast-breadcrumbs-content":"","ast-featured-img":"","footer-sml-layout":"","theme-transparent-header-meta":"","adv-header-id-meta":"","stick-header-meta":"","header-above-stick-meta":"","header-main-stick-meta":"","header-below-stick-meta":"","astra-migrate-meta-layouts":"default","ast-page-background-enabled":"default","ast-page-background-meta":{"desktop":{"background-color":"var(--ast-global-color-4)","background-image":"","background-repeat":"repeat","background-position":"center center","background-size":"auto","background-attachment":"scroll","background-type":"","background-media":"","overlay-type":"","overlay-color":"","overlay-opacity":"","overlay-gradient":""},"tablet":{"background-color":"","background-image":"","background-repeat":"repeat","background-position":"center center","background-size":"auto","background-attachment":"scroll","background-type":"","background-media":"","overlay-type":"","overlay-color":"","overlay-opacity":"","overlay-gradient":""},"mobile":{"background-color":"","background-image":"","background-repeat":"repeat","background-position":"center center","background-size":"auto","background-attachment":"scroll","background-type":"","background-media":"","overlay-type":"","overlay-color":"","overlay-opacity":"","overlay-gradient":""}},"ast-content-background-meta":{"desktop":{"background-color":"var(--ast-global-color-5)","background-image":"","background-repeat":"repeat","background-position":"center center","background-size":"auto","background-attachment":"scroll","background-type":"","background-media":"","overlay-type":"","overlay-color":"","overlay-opacity":"","overlay-gradient":""},"tablet":{"background-color":"var(--ast-global-color-5)","background-image":"","background-repeat":"repeat","background-position":"center center","background-size":"auto","background-attachment":"scroll","background-type":"","background-media":"","overlay-type":"","overlay-color":"","overlay-opacity":"","overlay-gradient":""},"mobile":{"background-color":"var(--ast-global-color-5)","background-image":"","background-repeat":"repeat","background-position":"center center","background-size":"auto","background-attachment":"scroll","background-type":"","background-media":"","overlay-type":"","overlay-color":"","overlay-opacity":"","overlay-gradient":""}},"footnotes":""},"categories":[499,65,251,674,661,675,308,467,1037,296,1,989,665,310,1031,29,76,643,658],"tags":[1043,1044,1045],"class_list":["post-14568","post","type-post","status-publish","format-standard","has-post-thumbnail","hentry","category-bones-practiques","category-crp","category-dinamica-educativa","category-escola-enric-grau-fontsere-de-flix","category-escola-lluis-vinas","category-escola-pamies-de-ginestar","category-escoles","category-fem-i-compartim-2","category-fem-i-compartim-21-22","category-full-novetats-crp","category-general","category-grup-mestres-angles","category-institut-julio-antonio","category-institut","category-novetats-octubre-2021","category-portada","category-recursos","category-ribera-docent","category-zer-font-de-laiguadi","tag-fem-i-compartim","tag-fem-i-compartim-virtual","tag-fem-i-compartim-virtual-2021"],"post_mailing_queue_ids":[],"_links":{"self":[{"href":"https:\/\/serveiseducatius.xtec.cat\/riberadebre\/wp-json\/wp\/v2\/posts\/14568","targetHints":{"allow":["GET"]}}],"collection":[{"href":"https:\/\/serveiseducatius.xtec.cat\/riberadebre\/wp-json\/wp\/v2\/posts"}],"about":[{"href":"https:\/\/serveiseducatius.xtec.cat\/riberadebre\/wp-json\/wp\/v2\/types\/post"}],"author":[{"embeddable":true,"href":"https:\/\/serveiseducatius.xtec.cat\/riberadebre\/wp-json\/wp\/v2\/users\/9"}],"replies":[{"embeddable":true,"href":"https:\/\/serveiseducatius.xtec.cat\/riberadebre\/wp-json\/wp\/v2\/comments?post=14568"}],"version-history":[{"count":3,"href":"https:\/\/serveiseducatius.xtec.cat\/riberadebre\/wp-json\/wp\/v2\/posts\/14568\/revisions"}],"predecessor-version":[{"id":14586,"href":"https:\/\/serveiseducatius.xtec.cat\/riberadebre\/wp-json\/wp\/v2\/posts\/14568\/revisions\/14586"}],"wp:featuredmedia":[{"embeddable":true,"href":"https:\/\/serveiseducatius.xtec.cat\/riberadebre\/wp-json\/wp\/v2\/media\/14584"}],"wp:attachment":[{"href":"https:\/\/serveiseducatius.xtec.cat\/riberadebre\/wp-json\/wp\/v2\/media?parent=14568"}],"wp:term":[{"taxonomy":"category","embeddable":true,"href":"https:\/\/serveiseducatius.xtec.cat\/riberadebre\/wp-json\/wp\/v2\/categories?post=14568"},{"taxonomy":"post_tag","embeddable":true,"href":"https:\/\/serveiseducatius.xtec.cat\/riberadebre\/wp-json\/wp\/v2\/tags?post=14568"}],"curies":[{"name":"wp","href":"https:\/\/api.w.org\/{rel}","templated":true}]}}