{"id":14468,"date":"2021-09-17T09:19:26","date_gmt":"2021-09-17T07:19:26","guid":{"rendered":"https:\/\/serveiseducatius.xtec.cat\/riberadebre\/?p=14468"},"modified":"2021-10-01T08:49:05","modified_gmt":"2021-10-01T06:49:05","slug":"conferencia-virtual-inaugural-curs-21-22-neuroeducacio-i-tic-marta-portero","status":"publish","type":"post","link":"https:\/\/serveiseducatius.xtec.cat\/riberadebre\/general\/conferencia-virtual-inaugural-curs-21-22-neuroeducacio-i-tic-marta-portero\/","title":{"rendered":"CONFER\u00c8NCIA VIRTUAL INAUGURAL CURS 21-22 &#8220;NEUROEDUCACI\u00d3 I TIC&#8221; Marta Portero"},"content":{"rendered":"<p><strong>Des del Pla de Formaci\u00f3 de Zona de la Ribera d&#8217;Ebre us convidem a la Confer\u00e8ncia Inaugural, en format virtual, adre\u00e7ada a tot el professorat:<\/strong><\/p>\n<p><strong>Data:<\/strong> dijous 30 de setembre<\/p>\n<p><strong>Horari:<\/strong> 17.30h-19.00h<\/p>\n<p><strong>&#8220;NEUROEDUCACI\u00d3 I TIC&#8221;<\/strong>.<\/p>\n<p>a c\u00e0rrec de l&#8217;especialista en neuroci\u00e8ncia Sra. <a href=\"https:\/\/www.udg.edu\/ca\/directori\/pagina-personal?ID=7700832\" target=\"_blank\" rel=\"noopener\"><strong>Marta Portero Tresserra. <\/strong><\/a>Doctora en Neuroci\u00e8ncia (UAB). Investigadora en diferents universitats internacionals i actualment a l&#8217;UdG i a <a href=\"https:\/\/inc.uab.cat\/ca\/qui-som\/presentacio\" target=\"_blank\" rel=\"noopener\">l&#8217;Institut de Neuroci\u00e8ncies de la Universitat Aut\u00f2noma de Barcelona.<\/a><\/p>\n<p>Ens aportar\u00e0 estudis des de la vessant de la neuroeducaci\u00f3 en la pr\u00e0ctica de les tecnologies de la informaci\u00f3 i la comunicaci\u00f3 als centres docents.<\/p>\n<p>Codi activitat PFZ <strong>8080421808<\/strong> (<a href=\"https:\/\/aplicacions.gestioeducativa.gencat.cat\/pls\/soloas\/pk_for_mod_ins.p_for_detall_activitat?p_header=Llista%20d%27activitats^pk_for_mod_ins.p_for_cons_activitats?p_any=2021-2022%26p_totes=N%26p_comarca=30%26p_inici=31%26p_excloure_crp_rec=T&amp;p_codi=8080421808&amp;p_curs=2021-2022&amp;p_excloure_crp_rec=T\" target=\"_blank\" rel=\"noopener\">enlla\u00e7 per fer inscripci\u00f3<\/a>).<\/p>\n<p>Enviarem l&#8217;enlla\u00e7 per accedir a la sessi\u00f3 virtual per correu electr\u00f2nic als participants, pr\u00e8via inscripci\u00f3.<\/p>\n<p><em>*Recordeu que per la tipologia de l&#8217;activitat (confer\u00e8ncia) no hi ha certificaci\u00f3<\/em><\/p>\n<p><a href=\"https:\/\/serveiseducatius.xtec.cat\/riberadebre\/wp-content\/uploads\/usu1126\/2021\/09\/Conferencia-inaugural-21-22_MartaPortero.jpg\"><img loading=\"lazy\" decoding=\"async\" class=\"alignnone wp-image-14470\" src=\"https:\/\/serveiseducatius.xtec.cat\/riberadebre\/wp-content\/uploads\/usu1126\/2021\/09\/Conferencia-inaugural-21-22_MartaPortero-1024x576.jpg\" alt=\"\" width=\"690\" height=\"388\" srcset=\"https:\/\/serveiseducatius.xtec.cat\/riberadebre\/wp-content\/uploads\/usu1126\/2021\/09\/Conferencia-inaugural-21-22_MartaPortero-1024x576.jpg 1024w, https:\/\/serveiseducatius.xtec.cat\/riberadebre\/wp-content\/uploads\/usu1126\/2021\/09\/Conferencia-inaugural-21-22_MartaPortero-300x169.jpg 300w, https:\/\/serveiseducatius.xtec.cat\/riberadebre\/wp-content\/uploads\/usu1126\/2021\/09\/Conferencia-inaugural-21-22_MartaPortero-768x432.jpg 768w, https:\/\/serveiseducatius.xtec.cat\/riberadebre\/wp-content\/uploads\/usu1126\/2021\/09\/Conferencia-inaugural-21-22_MartaPortero-1536x864.jpg 1536w, https:\/\/serveiseducatius.xtec.cat\/riberadebre\/wp-content\/uploads\/usu1126\/2021\/09\/Conferencia-inaugural-21-22_MartaPortero.jpg 1920w\" sizes=\"auto, (max-width: 690px) 100vw, 690px\" \/><\/a><\/p>\n","protected":false},"excerpt":{"rendered":"<p>Des del Pla de Formaci\u00f3 de Zona de la Ribera d&#8217;Ebre us convidem a la Confer\u00e8ncia Inaugural, en format virtual, adre\u00e7ada a tot el professorat: Data: dijous 30 de setembre Horari: 17.30h-19.00h &#8220;NEUROEDUCACI\u00d3 I TIC&#8221;. a c\u00e0rrec de l&#8217;especialista en neuroci\u00e8ncia Sra. Marta Portero Tresserra. Doctora en Neuroci\u00e8ncia (UAB). Investigadora en diferents universitats internacionals i [&hellip;]<\/p>\n","protected":false},"author":9,"featured_media":14470,"comment_status":"open","ping_status":"closed","sticky":false,"template":"","format":"standard","meta":{"_bbp_topic_count":0,"_bbp_reply_count":0,"_bbp_total_topic_count":0,"_bbp_total_reply_count":0,"_bbp_voice_count":0,"_bbp_anonymous_reply_count":0,"_bbp_topic_count_hidden":0,"_bbp_reply_count_hidden":0,"_bbp_forum_subforum_count":0,"site-sidebar-layout":"default","site-content-layout":"","ast-site-content-layout":"","site-content-style":"default","site-sidebar-style":"default","ast-global-header-display":"","ast-banner-title-visibility":"","ast-main-header-display":"","ast-hfb-above-header-display":"","ast-hfb-below-header-display":"","ast-hfb-mobile-header-display":"","site-post-title":"","ast-breadcrumbs-content":"","ast-featured-img":"","footer-sml-layout":"","theme-transparent-header-meta":"","adv-header-id-meta":"","stick-header-meta":"","header-above-stick-meta":"","header-main-stick-meta":"","header-below-stick-meta":"","astra-migrate-meta-layouts":"default","ast-page-background-enabled":"default","ast-page-background-meta":{"desktop":{"background-color":"var(--ast-global-color-4)","background-image":"","background-repeat":"repeat","background-position":"center center","background-size":"auto","background-attachment":"scroll","background-type":"","background-media":"","overlay-type":"","overlay-color":"","overlay-opacity":"","overlay-gradient":""},"tablet":{"background-color":"","background-image":"","background-repeat":"repeat","background-position":"center center","background-size":"auto","background-attachment":"scroll","background-type":"","background-media":"","overlay-type":"","overlay-color":"","overlay-opacity":"","overlay-gradient":""},"mobile":{"background-color":"","background-image":"","background-repeat":"repeat","background-position":"center center","background-size":"auto","background-attachment":"scroll","background-type":"","background-media":"","overlay-type":"","overlay-color":"","overlay-opacity":"","overlay-gradient":""}},"ast-content-background-meta":{"desktop":{"background-color":"var(--ast-global-color-5)","background-image":"","background-repeat":"repeat","background-position":"center center","background-size":"auto","background-attachment":"scroll","background-type":"","background-media":"","overlay-type":"","overlay-color":"","overlay-opacity":"","overlay-gradient":""},"tablet":{"background-color":"var(--ast-global-color-5)","background-image":"","background-repeat":"repeat","background-position":"center center","background-size":"auto","background-attachment":"scroll","background-type":"","background-media":"","overlay-type":"","overlay-color":"","overlay-opacity":"","overlay-gradient":""},"mobile":{"background-color":"var(--ast-global-color-5)","background-image":"","background-repeat":"repeat","background-position":"center center","background-size":"auto","background-attachment":"scroll","background-type":"","background-media":"","overlay-type":"","overlay-color":"","overlay-opacity":"","overlay-gradient":""}},"footnotes":""},"categories":[1040,935,65,308,154,1,310,504,490,153,29],"tags":[],"class_list":["post-14468","post","type-post","status-publish","format-standard","has-post-thumbnail","hentry","category-conferencia-inaugural","category-conferencia-pfz","category-crp","category-escoles","category-formacio","category-general","category-institut","category-jornades","category-neurociencia-i-educacio","category-pfz","category-portada"],"post_mailing_queue_ids":[],"_links":{"self":[{"href":"https:\/\/serveiseducatius.xtec.cat\/riberadebre\/wp-json\/wp\/v2\/posts\/14468","targetHints":{"allow":["GET"]}}],"collection":[{"href":"https:\/\/serveiseducatius.xtec.cat\/riberadebre\/wp-json\/wp\/v2\/posts"}],"about":[{"href":"https:\/\/serveiseducatius.xtec.cat\/riberadebre\/wp-json\/wp\/v2\/types\/post"}],"author":[{"embeddable":true,"href":"https:\/\/serveiseducatius.xtec.cat\/riberadebre\/wp-json\/wp\/v2\/users\/9"}],"replies":[{"embeddable":true,"href":"https:\/\/serveiseducatius.xtec.cat\/riberadebre\/wp-json\/wp\/v2\/comments?post=14468"}],"version-history":[{"count":3,"href":"https:\/\/serveiseducatius.xtec.cat\/riberadebre\/wp-json\/wp\/v2\/posts\/14468\/revisions"}],"predecessor-version":[{"id":14473,"href":"https:\/\/serveiseducatius.xtec.cat\/riberadebre\/wp-json\/wp\/v2\/posts\/14468\/revisions\/14473"}],"wp:featuredmedia":[{"embeddable":true,"href":"https:\/\/serveiseducatius.xtec.cat\/riberadebre\/wp-json\/wp\/v2\/media\/14470"}],"wp:attachment":[{"href":"https:\/\/serveiseducatius.xtec.cat\/riberadebre\/wp-json\/wp\/v2\/media?parent=14468"}],"wp:term":[{"taxonomy":"category","embeddable":true,"href":"https:\/\/serveiseducatius.xtec.cat\/riberadebre\/wp-json\/wp\/v2\/categories?post=14468"},{"taxonomy":"post_tag","embeddable":true,"href":"https:\/\/serveiseducatius.xtec.cat\/riberadebre\/wp-json\/wp\/v2\/tags?post=14468"}],"curies":[{"name":"wp","href":"https:\/\/api.w.org\/{rel}","templated":true}]}}