{"id":14358,"date":"2021-09-02T18:10:08","date_gmt":"2021-09-02T16:10:08","guid":{"rendered":"https:\/\/serveiseducatius.xtec.cat\/riberadebre\/?p=14358"},"modified":"2021-10-13T10:13:48","modified_gmt":"2021-10-13T08:13:48","slug":"benvinguda-pla-dorganitzacio-del-servei-educatiu-inici-de-curs","status":"publish","type":"post","link":"https:\/\/serveiseducatius.xtec.cat\/riberadebre\/portada\/benvinguda-pla-dorganitzacio-del-servei-educatiu-inici-de-curs\/","title":{"rendered":"Benvinguda. Pla d&#8217;Organitzaci\u00f3 del Servei Educatiu. Inici de curs"},"content":{"rendered":"<p><strong>Donem la benvinguda al curs i als equips docents de la Ribera d&#8217;Ebre !<\/strong><\/p>\n<p>Des del Servei Educatiu de la Ribera estem acordant el Pla d&#8217;Organitzaci\u00f3 i comptem amb vosaltres per a oferir-vos la millor atenci\u00f3, seguint les Directrius del Departament d&#8217;Educaci\u00f3 de la Generalitat de Catalunya.<\/p>\n<p>Recordem que l&#8217;atenci\u00f3 presencial a la seu de M\u00f3ra d&#8217;Ebre continua sent amb <strong>CITA PR\u00c8VIA.<\/strong><\/p>\n<p>(Cal concertar amb l&#8217;EAP o amb el CRP hora de visita).<\/p>\n<p>Partim del Pla de Conting\u00e8ncia b\u00e0sic, enlla\u00e7at aqu\u00ed, en cas de serveis m\u00ednims en temps de pand\u00e8mia.<\/p>\n<p><a href=\"https:\/\/serveiseducatius.xtec.cat\/riberadebre\/wp-content\/uploads\/usu1126\/2021\/09\/Pla-contingencia-SE-Ribera-dEbre-set-2021-1.pdf\">Pla conting\u00e8ncia SE Ribera d&#8217;Ebre set 2021<\/a><\/p>\n<p>Aquest \u00e9s l&#8217;horari d&#8217;atenci\u00f3 oberta al p\u00fablic a partir del 13 de setembre:<\/p>\n<p><a href=\"https:\/\/serveiseducatius.xtec.cat\/riberadebre\/wp-content\/uploads\/usu1126\/2021\/09\/cartell-horari-SE-Ribera-19-20.pdf\">cartell horari servei obert a la seu -SE Ribera d&#8217;Ebre, jornada partida.<\/a><\/p>\n<p>Recomanem que ens feu arribar qualsevol petici\u00f3 al correu de cada servei.<\/p>\n<p>Tamb\u00e9 teniu els tel\u00e8fons de les direccions de cada servei per a contactar.<\/p>\n<p>Properament acordarem amb els equips directius i coordinacions el Pla Anual a cada centre des del SE.<\/p>\n<p><strong>US DESITGEM UN MOLT BON CURS !<\/strong><\/p>\n<p><strong>ESTEM AL VOSTRE SERVEI !!<\/strong><\/p>\n<h5><span style=\"color: #800080;\"><em>COMENCEM\u00a0 AMB\u00a0 IL\u00b7LUSI\u00d3 !!!<\/em><\/span><\/h5>\n<p><a href=\"https:\/\/serveiseducatius.xtec.cat\/riberadebre\/wp-content\/uploads\/usu1126\/2021\/09\/Grafic-prioritats-Pla-Anual-SE-Ribera-dEbre.pdf\">Gr\u00e0fic prioritats Pla Anual SE Ribera d&#8217;Ebre per a l&#8217;atenci\u00f3 a centres docents de la comarca. Acordem actuacions i assessoraments en equip i en xarxa.<\/a><\/p>\n<p><a href=\"https:\/\/serveiseducatius.xtec.cat\/riberadebre\/wp-content\/uploads\/usu1126\/2021\/09\/Pla-Organitzacio-SE-Ribera-dEbre.jpg\"><img loading=\"lazy\" decoding=\"async\" class=\"alignnone size-full wp-image-14366\" src=\"https:\/\/serveiseducatius.xtec.cat\/riberadebre\/wp-content\/uploads\/usu1126\/2021\/09\/Pla-Organitzacio-SE-Ribera-dEbre.jpg\" alt=\"\" width=\"625\" height=\"511\" srcset=\"https:\/\/serveiseducatius.xtec.cat\/riberadebre\/wp-content\/uploads\/usu1126\/2021\/09\/Pla-Organitzacio-SE-Ribera-dEbre.jpg 625w, https:\/\/serveiseducatius.xtec.cat\/riberadebre\/wp-content\/uploads\/usu1126\/2021\/09\/Pla-Organitzacio-SE-Ribera-dEbre-300x245.jpg 300w\" sizes=\"auto, (max-width: 625px) 100vw, 625px\" \/><\/a><\/p>\n<p>Podeu consultar el nostre PLA D&#8217;ORGANITZACI\u00d3 del SE en aquest enlla\u00e7:<\/p>\n<p><strong><a href=\"https:\/\/serveiseducatius.xtec.cat\/riberadebre\/wp-content\/uploads\/usu1126\/2021\/09\/PLA-DORGANITZACIO-DEL-SERVEI-EDUCATIU-DE-LA-RIBERA-DEBRE-public.pdf\" target=\"_blank\" rel=\"noopener\">PLA D\u2019ORGANITZACI\u00d3 DEL SERVEI EDUCATIU DE LA RIBERA D\u2019EBRE p\u00fablic<\/a><\/strong><\/p>\n<p>&nbsp;<\/p>\n<p>&nbsp;<\/p>\n<p>&nbsp;<\/p>\n","protected":false},"excerpt":{"rendered":"<p>Donem la benvinguda al curs i als equips docents de la Ribera d&#8217;Ebre ! Des del Servei Educatiu de la Ribera estem acordant el Pla d&#8217;Organitzaci\u00f3 i comptem amb vosaltres per a oferir-vos la millor atenci\u00f3, seguint les Directrius del Departament d&#8217;Educaci\u00f3 de la Generalitat de Catalunya. Recordem que l&#8217;atenci\u00f3 presencial a la seu de [&hellip;]<\/p>\n","protected":false},"author":3,"featured_media":14366,"comment_status":"open","ping_status":"closed","sticky":false,"template":"","format":"standard","meta":{"_bbp_topic_count":0,"_bbp_reply_count":0,"_bbp_total_topic_count":0,"_bbp_total_reply_count":0,"_bbp_voice_count":0,"_bbp_anonymous_reply_count":0,"_bbp_topic_count_hidden":0,"_bbp_reply_count_hidden":0,"_bbp_forum_subforum_count":0,"site-sidebar-layout":"default","site-content-layout":"","ast-site-content-layout":"","site-content-style":"default","site-sidebar-style":"default","ast-global-header-display":"","ast-banner-title-visibility":"","ast-main-header-display":"","ast-hfb-above-header-display":"","ast-hfb-below-header-display":"","ast-hfb-mobile-header-display":"","site-post-title":"","ast-breadcrumbs-content":"","ast-featured-img":"","footer-sml-layout":"","theme-transparent-header-meta":"","adv-header-id-meta":"","stick-header-meta":"","header-above-stick-meta":"","header-main-stick-meta":"","header-below-stick-meta":"","astra-migrate-meta-layouts":"default","ast-page-background-enabled":"default","ast-page-background-meta":{"desktop":{"background-color":"var(--ast-global-color-4)","background-image":"","background-repeat":"repeat","background-position":"center center","background-size":"auto","background-attachment":"scroll","background-type":"","background-media":"","overlay-type":"","overlay-color":"","overlay-opacity":"","overlay-gradient":""},"tablet":{"background-color":"","background-image":"","background-repeat":"repeat","background-position":"center center","background-size":"auto","background-attachment":"scroll","background-type":"","background-media":"","overlay-type":"","overlay-color":"","overlay-opacity":"","overlay-gradient":""},"mobile":{"background-color":"","background-image":"","background-repeat":"repeat","background-position":"center center","background-size":"auto","background-attachment":"scroll","background-type":"","background-media":"","overlay-type":"","overlay-color":"","overlay-opacity":"","overlay-gradient":""}},"ast-content-background-meta":{"desktop":{"background-color":"var(--ast-global-color-5)","background-image":"","background-repeat":"repeat","background-position":"center center","background-size":"auto","background-attachment":"scroll","background-type":"","background-media":"","overlay-type":"","overlay-color":"","overlay-opacity":"","overlay-gradient":""},"tablet":{"background-color":"var(--ast-global-color-5)","background-image":"","background-repeat":"repeat","background-position":"center center","background-size":"auto","background-attachment":"scroll","background-type":"","background-media":"","overlay-type":"","overlay-color":"","overlay-opacity":"","overlay-gradient":""},"mobile":{"background-color":"var(--ast-global-color-5)","background-image":"","background-repeat":"repeat","background-position":"center center","background-size":"auto","background-attachment":"scroll","background-type":"","background-media":"","overlay-type":"","overlay-color":"","overlay-opacity":"","overlay-gradient":""}},"footnotes":""},"categories":[651,65,67,308,310,63,29],"tags":[],"class_list":["post-14358","post","type-post","status-publish","format-standard","has-post-thumbnail","hentry","category-acompanyament","category-crp","category-eap","category-escoles","category-institut","category-noticies","category-portada"],"post_mailing_queue_ids":[],"_links":{"self":[{"href":"https:\/\/serveiseducatius.xtec.cat\/riberadebre\/wp-json\/wp\/v2\/posts\/14358","targetHints":{"allow":["GET"]}}],"collection":[{"href":"https:\/\/serveiseducatius.xtec.cat\/riberadebre\/wp-json\/wp\/v2\/posts"}],"about":[{"href":"https:\/\/serveiseducatius.xtec.cat\/riberadebre\/wp-json\/wp\/v2\/types\/post"}],"author":[{"embeddable":true,"href":"https:\/\/serveiseducatius.xtec.cat\/riberadebre\/wp-json\/wp\/v2\/users\/3"}],"replies":[{"embeddable":true,"href":"https:\/\/serveiseducatius.xtec.cat\/riberadebre\/wp-json\/wp\/v2\/comments?post=14358"}],"version-history":[{"count":4,"href":"https:\/\/serveiseducatius.xtec.cat\/riberadebre\/wp-json\/wp\/v2\/posts\/14358\/revisions"}],"predecessor-version":[{"id":14497,"href":"https:\/\/serveiseducatius.xtec.cat\/riberadebre\/wp-json\/wp\/v2\/posts\/14358\/revisions\/14497"}],"wp:featuredmedia":[{"embeddable":true,"href":"https:\/\/serveiseducatius.xtec.cat\/riberadebre\/wp-json\/wp\/v2\/media\/14366"}],"wp:attachment":[{"href":"https:\/\/serveiseducatius.xtec.cat\/riberadebre\/wp-json\/wp\/v2\/media?parent=14358"}],"wp:term":[{"taxonomy":"category","embeddable":true,"href":"https:\/\/serveiseducatius.xtec.cat\/riberadebre\/wp-json\/wp\/v2\/categories?post=14358"},{"taxonomy":"post_tag","embeddable":true,"href":"https:\/\/serveiseducatius.xtec.cat\/riberadebre\/wp-json\/wp\/v2\/tags?post=14358"}],"curies":[{"name":"wp","href":"https:\/\/api.w.org\/{rel}","templated":true}]}}