{"id":14302,"date":"2021-06-21T11:17:09","date_gmt":"2021-06-21T09:17:09","guid":{"rendered":"http:\/\/serveiseducatius.xtec.cat\/riberadebre\/?p=14302"},"modified":"2021-06-21T11:37:58","modified_gmt":"2021-06-21T09:37:58","slug":"21-de-juny-dia-internacional-per-a-leducacio-no-sexista-2","status":"publish","type":"post","link":"https:\/\/serveiseducatius.xtec.cat\/riberadebre\/general\/21-de-juny-dia-internacional-per-a-leducacio-no-sexista-2\/","title":{"rendered":"21 DE JUNY. DIA INTERNACIONAL PER A L&#8217;EDUCACI\u00d3 NO SEXISTA"},"content":{"rendered":"<p>21 de juny, <a href=\"http:\/\/xtec.gencat.cat\/ca\/curriculum\/coeducacio\/dates-interes\/Dia-Internacional-per-a-Educacio-No-Sexista\/\" target=\"_blank\" rel=\"noopener noreferrer\"><strong>Dia Internacional per a l&#8217;Educaci\u00f3 no Sexista<\/strong><\/a>. Jornada conscienciar que cal superar el sexisme i l\u2019androcentrisme en la pr\u00e0ctica educativa. <em>Per aconseguir-ho, cal que els i les docents i tota la comunitat educativa ens reinventem i treballem perqu\u00e8 l\u2019alumne\/alumna desenvolupi el propi potencial,\u00a0 creant un m\u00f3n m\u00e9s just per a dones i homes, educant persones completes i respectuoses.<\/em><\/p>\n<p>Recursos del Departament d&#8217;Educaci\u00f3. Destaquem:<\/p>\n<ul>\n<li><a href=\"https:\/\/youtu.be\/ScinKwzCBBc\" target=\"_blank\" rel=\"noopener noreferrer\"><strong>Jornades d&#8217;Escoles Lliures de Viol\u00e8ncia: <\/strong><\/a>jornada completa<\/li>\n<li><a href=\"https:\/\/blocs.xtec.cat\/coeducacioiigualtat\/?_ga=2.95534362.78166062.1624265504-383262211.1607688499\" target=\"_blank\" rel=\"noopener noreferrer\"><strong>Bloc Coeduca&#8217;t<\/strong><\/a><\/li>\n<li><strong><strong><a href=\"http:\/\/xtec.gencat.cat\/ca\/centres\/projeducatiu\/convivencia\/prog-form-prev-violencia-masclista\/\" target=\"_blank\" rel=\"noopener noreferrer\">Programa formatiu prevenci\u00f3 viol\u00e8ncia masclista: <\/a><\/strong><\/strong><em>Aquest programa formatiu de prevenci\u00f3 de la viol\u00e8ncia masclista consta de formaci\u00f3 per a docents, per l\u2019alumnat de cicle superior d\u2019Educaci\u00f3 Prim\u00e0ria i alumnat\u00a0 3r i 4t d\u2019ESO i formaci\u00f3 per les fam\u00edlies.\u00a0<\/em><\/li>\n<li><strong><a href=\"http:\/\/xtec.gencat.cat\/ca\/curriculum\/coeducacio\/\" target=\"_blank\" rel=\"noopener noreferrer\">Coeducaci\u00f3 i igualtat de g\u00e8nere<\/a><\/strong>: recull de recursos, protocols, bibliografia, activitats de formaci\u00f3 i normativa.<\/li>\n<\/ul>\n<p>Recursos f\u00edsics que disposem i recursos virtuals que publiquem com a SE Ribera d&#8217;Ebre:<\/p>\n<ul>\n<li><a href=\"https:\/\/serveiseducatius.xtec.cat\/riberadebre\/maletes-crp-ribera-debre\/programa-coeducat\/\" target=\"_blank\" rel=\"noopener noreferrer\"><strong>Recursos del Programa COEDUCA&#8217;T<\/strong><\/a><\/li>\n<li><strong>Maletes coeducatives:<\/strong> <a href=\"https:\/\/serveiseducatius.xtec.cat\/riberadebre\/portada\/maleta-de-les-emocions-petits\/\" target=\"_blank\" rel=\"noopener noreferrer\">Emocions Petits<\/a>, <a href=\"https:\/\/serveiseducatius.xtec.cat\/riberadebre\/general\/maleta-de-les-emocions-grans\/\" target=\"_blank\" rel=\"noopener noreferrer\">Emocions Grans<\/a>, <a href=\"https:\/\/serveiseducatius.xtec.cat\/riberadebre\/portada\/maleta-de-contes-coeducatius-del-consell-comarcal\/\" target=\"_blank\" rel=\"noopener noreferrer\">Coeducativa 1 Consell Comarcal<\/a>, <a href=\"https:\/\/serveiseducatius.xtec.cat\/riberadebre\/general\/maleta-coeducativa-2-nou-recurs\/\" target=\"_blank\" rel=\"noopener noreferrer\">Coeducativa 2 Consell Comarcal<\/a>, <a href=\"https:\/\/serveiseducatius.xtec.cat\/riberadebre\/general\/maleta-coeducativa-3-coeducat\/\" target=\"_blank\" rel=\"noopener noreferrer\">Coeducativa 3<\/a> i <a href=\"https:\/\/serveiseducatius.xtec.cat\/riberadebre\/general\/maleta-coeducativa-4\/\" target=\"_blank\" rel=\"noopener noreferrer\">Coeducativa 4<\/a><\/li>\n<li>Publicaci\u00f3 setmanal <a href=\"https:\/\/serveiseducatius.xtec.cat\/riberadebre\/tag\/divendrescoeducatiu\/\" target=\"_blank\" rel=\"noopener noreferrer\"><strong>#divendrescoeducatiu<\/strong><\/a><\/li>\n<li><a href=\"https:\/\/serveiseducatius.xtec.cat\/riberadebre\/categoria\/coeducacio\/propostes-lectores-coeducatives\/\" target=\"_blank\" rel=\"noopener noreferrer\"><strong>Propostes lectores coeducatives<\/strong><\/a><\/li>\n<li><a href=\"https:\/\/serveiseducatius.xtec.cat\/riberadebre\/?s=MONOGR%C3%80FIC+COEDUCACI%C3%93\" target=\"_blank\" rel=\"noopener noreferrer\">Monogr\u00e0fic trimestral de coeducaci\u00f3<\/a><\/li>\n<li><a href=\"https:\/\/serveiseducatius.xtec.cat\/riberadebre\/general\/materials-coeducat-jocs-tractament-de-les-emocions-i-la-prevencio-de-lassetjament-escolar\/\" target=\"_blank\" rel=\"noopener noreferrer\"><strong>Jocs educatius<\/strong><\/a><\/li>\n<\/ul>\n<p><a href=\"https:\/\/serveiseducatius.xtec.cat\/riberadebre\/wp-content\/uploads\/usu1126\/2021\/06\/ods5.jpg_1595044798.jpg\"><img loading=\"lazy\" decoding=\"async\" class=\"alignnone wp-image-14303\" src=\"https:\/\/serveiseducatius.xtec.cat\/riberadebre\/wp-content\/uploads\/usu1126\/2021\/06\/ods5.jpg_1595044798.jpg\" alt=\"\" width=\"201\" height=\"201\" srcset=\"https:\/\/serveiseducatius.xtec.cat\/riberadebre\/wp-content\/uploads\/usu1126\/2021\/06\/ods5.jpg_1595044798.jpg 538w, https:\/\/serveiseducatius.xtec.cat\/riberadebre\/wp-content\/uploads\/usu1126\/2021\/06\/ods5.jpg_1595044798-150x150.jpg 150w, https:\/\/serveiseducatius.xtec.cat\/riberadebre\/wp-content\/uploads\/usu1126\/2021\/06\/ods5.jpg_1595044798-300x300.jpg 300w\" sizes=\"auto, (max-width: 201px) 100vw, 201px\" \/><\/a><a href=\"https:\/\/serveiseducatius.xtec.cat\/riberadebre\/wp-content\/uploads\/usu1126\/2020\/10\/ODS_Objectius_Desenvolupament_Sostenible_Respon.cat_SDG_Icons_CAT-01-05.jpg\"><img loading=\"lazy\" decoding=\"async\" class=\"alignnone wp-image-12370\" src=\"https:\/\/serveiseducatius.xtec.cat\/riberadebre\/wp-content\/uploads\/usu1126\/2020\/10\/ODS_Objectius_Desenvolupament_Sostenible_Respon.cat_SDG_Icons_CAT-01-05.jpg\" alt=\"\" width=\"228\" height=\"228\" srcset=\"https:\/\/serveiseducatius.xtec.cat\/riberadebre\/wp-content\/uploads\/usu1126\/2020\/10\/ODS_Objectius_Desenvolupament_Sostenible_Respon.cat_SDG_Icons_CAT-01-05.jpg 466w, https:\/\/serveiseducatius.xtec.cat\/riberadebre\/wp-content\/uploads\/usu1126\/2020\/10\/ODS_Objectius_Desenvolupament_Sostenible_Respon.cat_SDG_Icons_CAT-01-05-150x150.jpg 150w, https:\/\/serveiseducatius.xtec.cat\/riberadebre\/wp-content\/uploads\/usu1126\/2020\/10\/ODS_Objectius_Desenvolupament_Sostenible_Respon.cat_SDG_Icons_CAT-01-05-300x300.jpg 300w\" sizes=\"auto, (max-width: 228px) 100vw, 228px\" \/><\/a><\/p>\n","protected":false},"excerpt":{"rendered":"<p>21 de juny, Dia Internacional per a l&#8217;Educaci\u00f3 no Sexista. Jornada conscienciar que cal superar el sexisme i l\u2019androcentrisme en la pr\u00e0ctica educativa. Per aconseguir-ho, cal que els i les docents i tota la comunitat educativa ens reinventem i treballem perqu\u00e8 l\u2019alumne\/alumna desenvolupi el propi potencial,\u00a0 creant un m\u00f3n m\u00e9s just per a dones i [&hellip;]<\/p>\n","protected":false},"author":9,"featured_media":12370,"comment_status":"open","ping_status":"closed","sticky":false,"template":"","format":"standard","meta":{"_bbp_topic_count":0,"_bbp_reply_count":0,"_bbp_total_topic_count":0,"_bbp_total_reply_count":0,"_bbp_voice_count":0,"_bbp_anonymous_reply_count":0,"_bbp_topic_count_hidden":0,"_bbp_reply_count_hidden":0,"_bbp_forum_subforum_count":0,"site-sidebar-layout":"default","site-content-layout":"","ast-site-content-layout":"","site-content-style":"default","site-sidebar-style":"default","ast-global-header-display":"","ast-banner-title-visibility":"","ast-main-header-display":"","ast-hfb-above-header-display":"","ast-hfb-below-header-display":"","ast-hfb-mobile-header-display":"","site-post-title":"","ast-breadcrumbs-content":"","ast-featured-img":"","footer-sml-layout":"","theme-transparent-header-meta":"","adv-header-id-meta":"","stick-header-meta":"","header-above-stick-meta":"","header-main-stick-meta":"","header-below-stick-meta":"","astra-migrate-meta-layouts":"default","ast-page-background-enabled":"default","ast-page-background-meta":{"desktop":{"background-color":"var(--ast-global-color-4)","background-image":"","background-repeat":"repeat","background-position":"center center","background-size":"auto","background-attachment":"scroll","background-type":"","background-media":"","overlay-type":"","overlay-color":"","overlay-opacity":"","overlay-gradient":""},"tablet":{"background-color":"","background-image":"","background-repeat":"repeat","background-position":"center center","background-size":"auto","background-attachment":"scroll","background-type":"","background-media":"","overlay-type":"","overlay-color":"","overlay-opacity":"","overlay-gradient":""},"mobile":{"background-color":"","background-image":"","background-repeat":"repeat","background-position":"center center","background-size":"auto","background-attachment":"scroll","background-type":"","background-media":"","overlay-type":"","overlay-color":"","overlay-opacity":"","overlay-gradient":""}},"ast-content-background-meta":{"desktop":{"background-color":"var(--ast-global-color-5)","background-image":"","background-repeat":"repeat","background-position":"center center","background-size":"auto","background-attachment":"scroll","background-type":"","background-media":"","overlay-type":"","overlay-color":"","overlay-opacity":"","overlay-gradient":""},"tablet":{"background-color":"var(--ast-global-color-5)","background-image":"","background-repeat":"repeat","background-position":"center center","background-size":"auto","background-attachment":"scroll","background-type":"","background-media":"","overlay-type":"","overlay-color":"","overlay-opacity":"","overlay-gradient":""},"mobile":{"background-color":"var(--ast-global-color-5)","background-image":"","background-repeat":"repeat","background-position":"center center","background-size":"auto","background-attachment":"scroll","background-type":"","background-media":"","overlay-type":"","overlay-color":"","overlay-opacity":"","overlay-gradient":""}},"footnotes":""},"categories":[612,505,65,904,296,1,981,735,878,29,76],"tags":[],"class_list":["post-14302","post","type-post","status-publish","format-standard","has-post-thumbnail","hentry","category-coeducat","category-coeducacio","category-crp","category-diada","category-full-novetats-crp","category-general","category-novetats-juny-2021","category-ods","category-ods-5","category-portada","category-recursos"],"post_mailing_queue_ids":[],"_links":{"self":[{"href":"https:\/\/serveiseducatius.xtec.cat\/riberadebre\/wp-json\/wp\/v2\/posts\/14302","targetHints":{"allow":["GET"]}}],"collection":[{"href":"https:\/\/serveiseducatius.xtec.cat\/riberadebre\/wp-json\/wp\/v2\/posts"}],"about":[{"href":"https:\/\/serveiseducatius.xtec.cat\/riberadebre\/wp-json\/wp\/v2\/types\/post"}],"author":[{"embeddable":true,"href":"https:\/\/serveiseducatius.xtec.cat\/riberadebre\/wp-json\/wp\/v2\/users\/9"}],"replies":[{"embeddable":true,"href":"https:\/\/serveiseducatius.xtec.cat\/riberadebre\/wp-json\/wp\/v2\/comments?post=14302"}],"version-history":[{"count":2,"href":"https:\/\/serveiseducatius.xtec.cat\/riberadebre\/wp-json\/wp\/v2\/posts\/14302\/revisions"}],"predecessor-version":[{"id":14305,"href":"https:\/\/serveiseducatius.xtec.cat\/riberadebre\/wp-json\/wp\/v2\/posts\/14302\/revisions\/14305"}],"wp:featuredmedia":[{"embeddable":true,"href":"https:\/\/serveiseducatius.xtec.cat\/riberadebre\/wp-json\/wp\/v2\/media\/12370"}],"wp:attachment":[{"href":"https:\/\/serveiseducatius.xtec.cat\/riberadebre\/wp-json\/wp\/v2\/media?parent=14302"}],"wp:term":[{"taxonomy":"category","embeddable":true,"href":"https:\/\/serveiseducatius.xtec.cat\/riberadebre\/wp-json\/wp\/v2\/categories?post=14302"},{"taxonomy":"post_tag","embeddable":true,"href":"https:\/\/serveiseducatius.xtec.cat\/riberadebre\/wp-json\/wp\/v2\/tags?post=14302"}],"curies":[{"name":"wp","href":"https:\/\/api.w.org\/{rel}","templated":true}]}}