{"id":14251,"date":"2021-06-16T09:01:58","date_gmt":"2021-06-16T07:01:58","guid":{"rendered":"http:\/\/serveiseducatius.xtec.cat\/riberadebre\/?p=14251"},"modified":"2021-06-16T09:01:58","modified_gmt":"2021-06-16T07:01:58","slug":"jornada-la-lectura-facil-recurs-escola-inclusiva","status":"publish","type":"post","link":"https:\/\/serveiseducatius.xtec.cat\/riberadebre\/general\/jornada-la-lectura-facil-recurs-escola-inclusiva\/","title":{"rendered":"JORNADA &#8220;LA LECTURA F\u00c0CIL&#8221; RECURS ESCOLA INCLUSIVA"},"content":{"rendered":"<p>Obert el termini d&#8217;inscripci\u00f3 a la jornada <a href=\"http:\/\/xtec.gencat.cat\/ca\/agenda\/Inscripcio-a-la-Jornada-La-Lectura-Facil-un-recurs-per-a-lescola-inclusiva\" target=\"_blank\" rel=\"noopener noreferrer\"><strong>La Lectura F\u00e0cil<\/strong><\/a>, un recurs per a l&#8217;escola inclusiva. Adre\u00e7ada\u00a0 personal docent de prim\u00e0ria, ESO, batxillerat, cicles formatius i escoles d&#8217;adults. La jornada tindr\u00e0 lloc en dos dies:<\/p>\n<ul>\n<li><strong>Dates:<\/strong> 28 de juny i 5 de juliol<\/li>\n<li><strong>Horari:<\/strong> 9h-11.30h<\/li>\n<\/ul>\n<p><a href=\"https:\/\/aplicacions.gestioeducativa.gencat.cat\/pls\/soloas\/pk_for_mod_ins.p_for_pre_cons_activitats?p_any=2020-2021&amp;p_codi=9000390555\" target=\"_blank\" rel=\"noopener noreferrer\"><strong>Inscripci\u00f3 (enlla\u00e7)<\/strong> <\/a>: fins el 22 de juny<\/p>\n<table style=\"width: 579px;\" border=\"0\" cellspacing=\"0\" cellpadding=\"0\">\n<tbody>\n<tr>\n<td style=\"width: 95.4545px;\" align=\"RIGHT\" valign=\"TOP\"><b><span style=\"font-family: arial, helvetica, geneva; font-size: small;\">Descripci\u00f3\u00a0\u00a0<\/span><\/b><\/td>\n<td style=\"width: 480.909px;\" valign=\"TOP\"><span style=\"font-family: arial, helvetica, geneva; font-size: small;\">Jornada per donar visibilitat a algunes experi\u00e8ncies en l&#8217;\u00fas de materials de LF a les aules, el coneixement dels quals pot ser d\u2019inter\u00e8s per a d\u2019altres centres educatius.<br \/>\n<\/span><\/td>\n<\/tr>\n<tr>\n<td style=\"width: 95.4545px;\"><\/td>\n<td style=\"width: 480.909px;\"><\/td>\n<\/tr>\n<tr>\n<td style=\"width: 95.4545px;\" align=\"RIGHT\" valign=\"TOP\"><b><span style=\"font-family: arial, helvetica, geneva; font-size: small;\">Objectius\u00a0\u00a0<\/span><\/b><\/td>\n<td style=\"width: 480.909px;\" valign=\"TOP\"><span style=\"font-family: arial, helvetica, geneva; font-size: small;\">Descobrir la Lectura F\u00e0cil com a eina per potenciar les habilitats lectores i fomentar el gust per la lectura.<br \/>\nCon\u00e8ixer experi\u00e8ncies d\u2019\u00e8xit en l\u2019\u00fas de materials de Lectura F\u00e0cil a l\u2019aula.<br \/>\nExplorar propostes i activitats per complementar la lectura, dins i fora de l\u2019aula.<br \/>\nCon\u00e8ixer pautes i estrat\u00e8gies per dinamitzar grups de lectura.<br \/>\n<\/span><\/td>\n<\/tr>\n<tr>\n<td style=\"width: 95.4545px;\"><\/td>\n<td style=\"width: 480.909px;\"><\/td>\n<\/tr>\n<tr>\n<td style=\"width: 95.4545px;\" align=\"RIGHT\" valign=\"TOP\"><b><span style=\"font-family: arial, helvetica, geneva; font-size: small;\">Continguts\u00a0\u00a0<\/span><\/b><\/td>\n<td style=\"width: 480.909px;\" valign=\"TOP\"><span style=\"font-family: arial, helvetica, geneva; font-size: small;\">Tallers de lectura<br \/>\nLectura compartida<br \/>\nEstrat\u00e8gies de lectura<br \/>\nProc\u00e9s de dol<br \/>\nInclusi\u00f3<\/span><\/td>\n<\/tr>\n<\/tbody>\n<\/table>\n<p><a href=\"https:\/\/serveiseducatius.xtec.cat\/riberadebre\/wp-content\/uploads\/usu1126\/2021\/06\/lectura-facil-agenda.jpg_1637373458.jpg\"><img loading=\"lazy\" decoding=\"async\" class=\"alignnone size-full wp-image-14252\" src=\"https:\/\/serveiseducatius.xtec.cat\/riberadebre\/wp-content\/uploads\/usu1126\/2021\/06\/lectura-facil-agenda.jpg_1637373458.jpg\" alt=\"\" width=\"410\" height=\"275\" srcset=\"https:\/\/serveiseducatius.xtec.cat\/riberadebre\/wp-content\/uploads\/usu1126\/2021\/06\/lectura-facil-agenda.jpg_1637373458.jpg 410w, https:\/\/serveiseducatius.xtec.cat\/riberadebre\/wp-content\/uploads\/usu1126\/2021\/06\/lectura-facil-agenda.jpg_1637373458-300x201.jpg 300w\" sizes=\"auto, (max-width: 410px) 100vw, 410px\" \/><\/a><\/p>\n<p>&nbsp;<\/p>\n<p>&nbsp;<\/p>\n","protected":false},"excerpt":{"rendered":"<p>Obert el termini d&#8217;inscripci\u00f3 a la jornada La Lectura F\u00e0cil, un recurs per a l&#8217;escola inclusiva. Adre\u00e7ada\u00a0 personal docent de prim\u00e0ria, ESO, batxillerat, cicles formatius i escoles d&#8217;adults. La jornada tindr\u00e0 lloc en dos dies: Dates: 28 de juny i 5 de juliol Horari: 9h-11.30h Inscripci\u00f3 (enlla\u00e7) : fins el 22 de juny Descripci\u00f3\u00a0\u00a0 Jornada [&hellip;]<\/p>\n","protected":false},"author":9,"featured_media":14252,"comment_status":"open","ping_status":"closed","sticky":false,"template":"","format":"standard","meta":{"_bbp_topic_count":0,"_bbp_reply_count":0,"_bbp_total_topic_count":0,"_bbp_total_reply_count":0,"_bbp_voice_count":0,"_bbp_anonymous_reply_count":0,"_bbp_topic_count_hidden":0,"_bbp_reply_count_hidden":0,"_bbp_forum_subforum_count":0,"site-sidebar-layout":"default","site-content-layout":"","ast-site-content-layout":"","site-content-style":"default","site-sidebar-style":"default","ast-global-header-display":"","ast-banner-title-visibility":"","ast-main-header-display":"","ast-hfb-above-header-display":"","ast-hfb-below-header-display":"","ast-hfb-mobile-header-display":"","site-post-title":"","ast-breadcrumbs-content":"","ast-featured-img":"","footer-sml-layout":"","theme-transparent-header-meta":"","adv-header-id-meta":"","stick-header-meta":"","header-above-stick-meta":"","header-main-stick-meta":"","header-below-stick-meta":"","astra-migrate-meta-layouts":"default","ast-page-background-enabled":"default","ast-page-background-meta":{"desktop":{"background-color":"var(--ast-global-color-4)","background-image":"","background-repeat":"repeat","background-position":"center center","background-size":"auto","background-attachment":"scroll","background-type":"","background-media":"","overlay-type":"","overlay-color":"","overlay-opacity":"","overlay-gradient":""},"tablet":{"background-color":"","background-image":"","background-repeat":"repeat","background-position":"center center","background-size":"auto","background-attachment":"scroll","background-type":"","background-media":"","overlay-type":"","overlay-color":"","overlay-opacity":"","overlay-gradient":""},"mobile":{"background-color":"","background-image":"","background-repeat":"repeat","background-position":"center center","background-size":"auto","background-attachment":"scroll","background-type":"","background-media":"","overlay-type":"","overlay-color":"","overlay-opacity":"","overlay-gradient":""}},"ast-content-background-meta":{"desktop":{"background-color":"var(--ast-global-color-5)","background-image":"","background-repeat":"repeat","background-position":"center center","background-size":"auto","background-attachment":"scroll","background-type":"","background-media":"","overlay-type":"","overlay-color":"","overlay-opacity":"","overlay-gradient":""},"tablet":{"background-color":"var(--ast-global-color-5)","background-image":"","background-repeat":"repeat","background-position":"center center","background-size":"auto","background-attachment":"scroll","background-type":"","background-media":"","overlay-type":"","overlay-color":"","overlay-opacity":"","overlay-gradient":""},"mobile":{"background-color":"var(--ast-global-color-5)","background-image":"","background-repeat":"repeat","background-position":"center center","background-size":"auto","background-attachment":"scroll","background-type":"","background-media":"","overlay-type":"","overlay-color":"","overlay-opacity":"","overlay-gradient":""}},"footnotes":""},"categories":[65,67,333,308,154,618,1,310,981,29],"tags":[351,100],"class_list":["post-14251","post","type-post","status-publish","format-standard","has-post-thumbnail","hentry","category-crp","category-eap","category-escola-inclusiva","category-escoles","category-formacio","category-formacio-professorat-on-line","category-general","category-institut","category-novetats-juny-2021","category-portada","tag-escola-inclusiva","tag-lectura"],"post_mailing_queue_ids":[],"_links":{"self":[{"href":"https:\/\/serveiseducatius.xtec.cat\/riberadebre\/wp-json\/wp\/v2\/posts\/14251","targetHints":{"allow":["GET"]}}],"collection":[{"href":"https:\/\/serveiseducatius.xtec.cat\/riberadebre\/wp-json\/wp\/v2\/posts"}],"about":[{"href":"https:\/\/serveiseducatius.xtec.cat\/riberadebre\/wp-json\/wp\/v2\/types\/post"}],"author":[{"embeddable":true,"href":"https:\/\/serveiseducatius.xtec.cat\/riberadebre\/wp-json\/wp\/v2\/users\/9"}],"replies":[{"embeddable":true,"href":"https:\/\/serveiseducatius.xtec.cat\/riberadebre\/wp-json\/wp\/v2\/comments?post=14251"}],"version-history":[{"count":3,"href":"https:\/\/serveiseducatius.xtec.cat\/riberadebre\/wp-json\/wp\/v2\/posts\/14251\/revisions"}],"predecessor-version":[{"id":14264,"href":"https:\/\/serveiseducatius.xtec.cat\/riberadebre\/wp-json\/wp\/v2\/posts\/14251\/revisions\/14264"}],"wp:featuredmedia":[{"embeddable":true,"href":"https:\/\/serveiseducatius.xtec.cat\/riberadebre\/wp-json\/wp\/v2\/media\/14252"}],"wp:attachment":[{"href":"https:\/\/serveiseducatius.xtec.cat\/riberadebre\/wp-json\/wp\/v2\/media?parent=14251"}],"wp:term":[{"taxonomy":"category","embeddable":true,"href":"https:\/\/serveiseducatius.xtec.cat\/riberadebre\/wp-json\/wp\/v2\/categories?post=14251"},{"taxonomy":"post_tag","embeddable":true,"href":"https:\/\/serveiseducatius.xtec.cat\/riberadebre\/wp-json\/wp\/v2\/tags?post=14251"}],"curies":[{"name":"wp","href":"https:\/\/api.w.org\/{rel}","templated":true}]}}