{"id":14061,"date":"2021-05-26T11:13:47","date_gmt":"2021-05-26T09:13:47","guid":{"rendered":"http:\/\/serveiseducatius.xtec.cat\/riberadebre\/?p=14061"},"modified":"2021-05-26T11:13:47","modified_gmt":"2021-05-26T09:13:47","slug":"guies-per-a-la-intervencio-en-infancia-i-adolescencia-en-casos-de-revelacio-de-violencia-sexual-recomanacions-per-a-professionals-recomanacions-per-a-familiars-el-proper-11-de-juny","status":"publish","type":"post","link":"https:\/\/serveiseducatius.xtec.cat\/riberadebre\/general\/guies-per-a-la-intervencio-en-infancia-i-adolescencia-en-casos-de-revelacio-de-violencia-sexual-recomanacions-per-a-professionals-recomanacions-per-a-familiars-el-proper-11-de-juny\/","title":{"rendered":"&#8220;Guies per a la intervenci\u00f3 en inf\u00e0ncia i adolesc\u00e8ncia en casos de revelaci\u00f3 de viol\u00e8ncia sexual. Recomanacions per a professionals. Recomanacions per a familiars&#8221;, el proper 11 de juny"},"content":{"rendered":"<p>En aquesta <a href=\"http:\/\/cejfe.gencat.cat\/ca\/detalls\/noticia\/Obertes-les-inscripcions-per-a-la-jornada-sobre-la-intervencio-en-infancia-i-adolescencia-en-casos-de-revelacio-de-violencia-sexual?s=080\">jornada<\/a> es presentaran les guies per a la intervenci\u00f3 en inf\u00e0ncia i adolesc\u00e8ncia en casos de revelaci\u00f3 de viol\u00e8ncia sexual. S\u2019han editat unes\u00a0<strong>recomanacions per a professionals<\/strong>\u00a0i unes\u00a0<strong>recomanacions per a familiars<\/strong>. Aquest material neix com una de les respostes a donar en les conclusions i propostes d\u2019una recerca elaborada pels autors i finan\u00e7ada pel CEJFE.<\/p>\n<p>Aquestes recomanacions i orientacions volen servir com a pauta inicial en el moment de la revelaci\u00f3 o del descobriment de la viol\u00e8ncia sexual que han viscut nens, nenes i adolescents (NNA) i estan enfocades a dos col\u00b7lectius: a) la fam\u00edlia i persones properes a l\u2019entorn del NNA i b) els equips de professionals que es trobin acompanyant-los a partir de la revelaci\u00f3, amb una finalitat clara de reduir la victimitzaci\u00f3 secund\u00e0ria.<\/p>\n<p>Les guies s\u2019han dissenyat com un material de suport que destaquin les pautes d\u2019actuaci\u00f3 a seguir per part de les institucions i persones adultes que es troben i\/o actuen a partir de la revelaci\u00f3 de la viol\u00e8ncia sexual. En la presentaci\u00f3 es far\u00e0 \u00e8mfasi en l\u2019obligaci\u00f3 que aquests i altres materials siguin sent molt respectuosos amb les necessitats, personalitat i circumst\u00e0ncies particulars dels NNA, a m\u00e9s de tenir en compte la viv\u00e8ncia pr\u00f2pia que hagin pogut tenir de la viol\u00e8ncia sexual. Les guies volen ser una eina m\u00e9s cap el treball interdisciplinar i interinstitucional que permeti minimitzar l\u2019impacte que aquesta experi\u00e8ncia traum\u00e0tica pot tenir en la vida dels NNA, per la formaci\u00f3 encara molt embrion\u00e0ria de la personalitat i la seva depend\u00e8ncia de les figures adultes que els\/les haur\u00edem de protegir.<\/p>\n<p>Les guies es poden consultar i descarregar en aquest\u00a0<a title=\"Descarregat les guies\" href=\"http:\/\/cejfe.gencat.cat\/ca\/publicacions\/destacats-recerca\/guies\/\" target=\"_blank\" rel=\"noopener noreferrer\">enlla\u00e7<\/a>.<\/p>\n<p>Inscripcions obertes fins el 9 de juny de 2021 o fins que s\u2019exhaureixin les places<\/p>\n","protected":false},"excerpt":{"rendered":"<p>En aquesta jornada es presentaran les guies per a la intervenci\u00f3 en inf\u00e0ncia i adolesc\u00e8ncia en casos de revelaci\u00f3 de viol\u00e8ncia sexual. S\u2019han editat unes\u00a0recomanacions per a professionals\u00a0i unes\u00a0recomanacions per a familiars. Aquest material neix com una de les respostes a donar en les conclusions i propostes d\u2019una recerca elaborada pels autors i finan\u00e7ada pel [&hellip;]<\/p>\n","protected":false},"author":26,"featured_media":14063,"comment_status":"open","ping_status":"closed","sticky":false,"template":"","format":"standard","meta":{"_bbp_topic_count":0,"_bbp_reply_count":0,"_bbp_total_topic_count":0,"_bbp_total_reply_count":0,"_bbp_voice_count":0,"_bbp_anonymous_reply_count":0,"_bbp_topic_count_hidden":0,"_bbp_reply_count_hidden":0,"_bbp_forum_subforum_count":0,"site-sidebar-layout":"default","site-content-layout":"","ast-site-content-layout":"","site-content-style":"default","site-sidebar-style":"default","ast-global-header-display":"","ast-banner-title-visibility":"","ast-main-header-display":"","ast-hfb-above-header-display":"","ast-hfb-below-header-display":"","ast-hfb-mobile-header-display":"","site-post-title":"","ast-breadcrumbs-content":"","ast-featured-img":"","footer-sml-layout":"","theme-transparent-header-meta":"","adv-header-id-meta":"","stick-header-meta":"","header-above-stick-meta":"","header-main-stick-meta":"","header-below-stick-meta":"","astra-migrate-meta-layouts":"default","ast-page-background-enabled":"default","ast-page-background-meta":{"desktop":{"background-color":"var(--ast-global-color-4)","background-image":"","background-repeat":"repeat","background-position":"center center","background-size":"auto","background-attachment":"scroll","background-type":"","background-media":"","overlay-type":"","overlay-color":"","overlay-opacity":"","overlay-gradient":""},"tablet":{"background-color":"","background-image":"","background-repeat":"repeat","background-position":"center center","background-size":"auto","background-attachment":"scroll","background-type":"","background-media":"","overlay-type":"","overlay-color":"","overlay-opacity":"","overlay-gradient":""},"mobile":{"background-color":"","background-image":"","background-repeat":"repeat","background-position":"center center","background-size":"auto","background-attachment":"scroll","background-type":"","background-media":"","overlay-type":"","overlay-color":"","overlay-opacity":"","overlay-gradient":""}},"ast-content-background-meta":{"desktop":{"background-color":"var(--ast-global-color-5)","background-image":"","background-repeat":"repeat","background-position":"center center","background-size":"auto","background-attachment":"scroll","background-type":"","background-media":"","overlay-type":"","overlay-color":"","overlay-opacity":"","overlay-gradient":""},"tablet":{"background-color":"var(--ast-global-color-5)","background-image":"","background-repeat":"repeat","background-position":"center center","background-size":"auto","background-attachment":"scroll","background-type":"","background-media":"","overlay-type":"","overlay-color":"","overlay-opacity":"","overlay-gradient":""},"mobile":{"background-color":"var(--ast-global-color-5)","background-image":"","background-repeat":"repeat","background-position":"center center","background-size":"auto","background-attachment":"scroll","background-type":"","background-media":"","overlay-type":"","overlay-color":"","overlay-opacity":"","overlay-gradient":""}},"footnotes":""},"categories":[651,232,505,892,65,67,771,667,333,326,709,1,310,29,657,621,652],"tags":[],"class_list":["post-14061","post","type-post","status-publish","format-standard","has-post-thumbnail","hentry","category-acompanyament","category-asc","category-coeducacio","category-convivencia","category-crp","category-eap","category-educacio-360","category-educacio-emocional","category-escola-inclusiva","category-escoles-verdes","category-familia-i-escola","category-general","category-institut","category-portada","category-recomanem-a-les-families","category-recursos-en-linia-families","category-recursos-que-compartim"],"post_mailing_queue_ids":[],"_links":{"self":[{"href":"https:\/\/serveiseducatius.xtec.cat\/riberadebre\/wp-json\/wp\/v2\/posts\/14061","targetHints":{"allow":["GET"]}}],"collection":[{"href":"https:\/\/serveiseducatius.xtec.cat\/riberadebre\/wp-json\/wp\/v2\/posts"}],"about":[{"href":"https:\/\/serveiseducatius.xtec.cat\/riberadebre\/wp-json\/wp\/v2\/types\/post"}],"author":[{"embeddable":true,"href":"https:\/\/serveiseducatius.xtec.cat\/riberadebre\/wp-json\/wp\/v2\/users\/26"}],"replies":[{"embeddable":true,"href":"https:\/\/serveiseducatius.xtec.cat\/riberadebre\/wp-json\/wp\/v2\/comments?post=14061"}],"version-history":[{"count":1,"href":"https:\/\/serveiseducatius.xtec.cat\/riberadebre\/wp-json\/wp\/v2\/posts\/14061\/revisions"}],"predecessor-version":[{"id":14064,"href":"https:\/\/serveiseducatius.xtec.cat\/riberadebre\/wp-json\/wp\/v2\/posts\/14061\/revisions\/14064"}],"wp:featuredmedia":[{"embeddable":true,"href":"https:\/\/serveiseducatius.xtec.cat\/riberadebre\/wp-json\/wp\/v2\/media\/14063"}],"wp:attachment":[{"href":"https:\/\/serveiseducatius.xtec.cat\/riberadebre\/wp-json\/wp\/v2\/media?parent=14061"}],"wp:term":[{"taxonomy":"category","embeddable":true,"href":"https:\/\/serveiseducatius.xtec.cat\/riberadebre\/wp-json\/wp\/v2\/categories?post=14061"},{"taxonomy":"post_tag","embeddable":true,"href":"https:\/\/serveiseducatius.xtec.cat\/riberadebre\/wp-json\/wp\/v2\/tags?post=14061"}],"curies":[{"name":"wp","href":"https:\/\/api.w.org\/{rel}","templated":true}]}}