{"id":13858,"date":"2021-05-11T11:26:29","date_gmt":"2021-05-11T09:26:29","guid":{"rendered":"http:\/\/serveiseducatius.xtec.cat\/riberadebre\/?p=13858"},"modified":"2021-06-10T10:01:03","modified_gmt":"2021-06-10T08:01:03","slug":"jocs-florals-escolars-a-la-ribera-debre","status":"publish","type":"post","link":"https:\/\/serveiseducatius.xtec.cat\/riberadebre\/general\/jocs-florals-escolars-a-la-ribera-debre\/","title":{"rendered":"VIII JOCS FLORALS ESCOLARS A LA RIBERA D&#8217;EBRE"},"content":{"rendered":"<p>Fase comarcal dels <a href=\"https:\/\/serveiseducatius.xtec.cat\/riberadebre\/?s=jocs+florals\" target=\"_blank\" rel=\"noopener noreferrer\"><strong>Jocs Florals Escolars<\/strong><\/a> de Catalunya a la Ribera d&#8217;Ebre. Aquest curs comptem amb vint treballs presentats a la fase comarcal, la participaci\u00f3 en totes les categories del concurs (poesia i prosa)\u00a0 i amb els seg\u00fcents centres:<\/p>\n<ul>\n<li><a href=\"https:\/\/agora.xtec.cat\/col-santateresa\/\" target=\"_blank\" rel=\"noopener noreferrer\">Col\u00b7legi Santa Teresa<\/a>, M\u00f3ra d&#8217;Ebre<\/li>\n<li><a href=\"https:\/\/agora.xtec.cat\/ceip-leseres\/\" target=\"_blank\" rel=\"noopener noreferrer\">Escola Les Eres<\/a>, Rasquera<\/li>\n<li><a href=\"https:\/\/agora.xtec.cat\/ceipflix\/\" target=\"_blank\" rel=\"noopener noreferrer\">Escola Enric Grau i Fontser\u00e8<\/a>, Flix<\/li>\n<li><a href=\"http:\/\/www.xtec.cat\/ceipsantmiquel\/\" target=\"_blank\" rel=\"noopener noreferrer\">Escola Sant Miquel<\/a>, Asc\u00f3<\/li>\n<li><a href=\"https:\/\/agora.xtec.cat\/ie3dabril\/\" target=\"_blank\" rel=\"noopener noreferrer\">IE 3 d&#8217;Abril,<\/a> M\u00f3ra la Nova<\/li>\n<li><a href=\"https:\/\/iesflix.cat\/\" target=\"_blank\" rel=\"noopener noreferrer\">INS Flix<\/a><\/li>\n<\/ul>\n<p>Des d&#8217;aqu\u00ed els felicitem per la seva implicaci\u00f3 i participaci\u00f3 a tots els centres participants i els desitgem molt\u00edssima sort en la fase territorial.<\/p>\n<p><a href=\"https:\/\/serveiseducatius.xtec.cat\/riberadebre\/wp-content\/uploads\/usu1126\/2019\/02\/jocs_florals-1.png\"><img loading=\"lazy\" decoding=\"async\" class=\"alignnone size-full wp-image-9921\" src=\"https:\/\/serveiseducatius.xtec.cat\/riberadebre\/wp-content\/uploads\/usu1126\/2019\/02\/jocs_florals-1.png\" alt=\"\" width=\"200\" height=\"136\" \/><\/a><\/p>\n","protected":false},"excerpt":{"rendered":"<p>Fase comarcal dels Jocs Florals Escolars de Catalunya a la Ribera d&#8217;Ebre. Aquest curs comptem amb vint treballs presentats a la fase comarcal, la participaci\u00f3 en totes les categories del concurs (poesia i prosa)\u00a0 i amb els seg\u00fcents centres: Col\u00b7legi Santa Teresa, M\u00f3ra d&#8217;Ebre Escola Les Eres, Rasquera Escola Enric Grau i Fontser\u00e8, Flix Escola [&hellip;]<\/p>\n","protected":false},"author":9,"featured_media":9921,"comment_status":"open","ping_status":"closed","sticky":false,"template":"","format":"standard","meta":{"_bbp_topic_count":0,"_bbp_reply_count":0,"_bbp_total_topic_count":0,"_bbp_total_reply_count":0,"_bbp_voice_count":0,"_bbp_anonymous_reply_count":0,"_bbp_topic_count_hidden":0,"_bbp_reply_count_hidden":0,"_bbp_forum_subforum_count":0,"site-sidebar-layout":"default","site-content-layout":"","ast-site-content-layout":"","site-content-style":"default","site-sidebar-style":"default","ast-global-header-display":"","ast-banner-title-visibility":"","ast-main-header-display":"","ast-hfb-above-header-display":"","ast-hfb-below-header-display":"","ast-hfb-mobile-header-display":"","site-post-title":"","ast-breadcrumbs-content":"","ast-featured-img":"","footer-sml-layout":"","theme-transparent-header-meta":"","adv-header-id-meta":"","stick-header-meta":"","header-above-stick-meta":"","header-main-stick-meta":"","header-below-stick-meta":"","astra-migrate-meta-layouts":"default","ast-page-background-enabled":"default","ast-page-background-meta":{"desktop":{"background-color":"var(--ast-global-color-4)","background-image":"","background-repeat":"repeat","background-position":"center center","background-size":"auto","background-attachment":"scroll","background-type":"","background-media":"","overlay-type":"","overlay-color":"","overlay-opacity":"","overlay-gradient":""},"tablet":{"background-color":"","background-image":"","background-repeat":"repeat","background-position":"center center","background-size":"auto","background-attachment":"scroll","background-type":"","background-media":"","overlay-type":"","overlay-color":"","overlay-opacity":"","overlay-gradient":""},"mobile":{"background-color":"","background-image":"","background-repeat":"repeat","background-position":"center center","background-size":"auto","background-attachment":"scroll","background-type":"","background-media":"","overlay-type":"","overlay-color":"","overlay-opacity":"","overlay-gradient":""}},"ast-content-background-meta":{"desktop":{"background-color":"var(--ast-global-color-5)","background-image":"","background-repeat":"repeat","background-position":"center center","background-size":"auto","background-attachment":"scroll","background-type":"","background-media":"","overlay-type":"","overlay-color":"","overlay-opacity":"","overlay-gradient":""},"tablet":{"background-color":"var(--ast-global-color-5)","background-image":"","background-repeat":"repeat","background-position":"center center","background-size":"auto","background-attachment":"scroll","background-type":"","background-media":"","overlay-type":"","overlay-color":"","overlay-opacity":"","overlay-gradient":""},"mobile":{"background-color":"var(--ast-global-color-5)","background-image":"","background-repeat":"repeat","background-position":"center center","background-size":"auto","background-attachment":"scroll","background-type":"","background-media":"","overlay-type":"","overlay-color":"","overlay-opacity":"","overlay-gradient":""}},"footnotes":""},"categories":[662,328,65,66,668,983,674,666,661,673,296,1,656,71,981,29,334,497,658],"tags":[],"class_list":["post-13858","post","type-post","status-publish","format-standard","has-post-thumbnail","hentry","category-collegi-santa-teresa","category-concurs","category-crp","category-dinamitzacio","category-educacio-primaria","category-educacio-secundaria","category-escola-enric-grau-fontsere-de-flix","category-escola-les-eres-de-rasquera","category-escola-lluis-vinas","category-escola-sant-miquel-dasco","category-full-novetats-crp","category-general","category-institut-escola-3-dabril-de-mora-la-nova","category-jocs-florals","category-novetats-juny-2021","category-portada","category-premis","category-ribera-debre","category-zer-font-de-laiguadi"],"post_mailing_queue_ids":[],"_links":{"self":[{"href":"https:\/\/serveiseducatius.xtec.cat\/riberadebre\/wp-json\/wp\/v2\/posts\/13858","targetHints":{"allow":["GET"]}}],"collection":[{"href":"https:\/\/serveiseducatius.xtec.cat\/riberadebre\/wp-json\/wp\/v2\/posts"}],"about":[{"href":"https:\/\/serveiseducatius.xtec.cat\/riberadebre\/wp-json\/wp\/v2\/types\/post"}],"author":[{"embeddable":true,"href":"https:\/\/serveiseducatius.xtec.cat\/riberadebre\/wp-json\/wp\/v2\/users\/9"}],"replies":[{"embeddable":true,"href":"https:\/\/serveiseducatius.xtec.cat\/riberadebre\/wp-json\/wp\/v2\/comments?post=13858"}],"version-history":[{"count":3,"href":"https:\/\/serveiseducatius.xtec.cat\/riberadebre\/wp-json\/wp\/v2\/posts\/13858\/revisions"}],"predecessor-version":[{"id":14223,"href":"https:\/\/serveiseducatius.xtec.cat\/riberadebre\/wp-json\/wp\/v2\/posts\/13858\/revisions\/14223"}],"wp:featuredmedia":[{"embeddable":true,"href":"https:\/\/serveiseducatius.xtec.cat\/riberadebre\/wp-json\/wp\/v2\/media\/9921"}],"wp:attachment":[{"href":"https:\/\/serveiseducatius.xtec.cat\/riberadebre\/wp-json\/wp\/v2\/media?parent=13858"}],"wp:term":[{"taxonomy":"category","embeddable":true,"href":"https:\/\/serveiseducatius.xtec.cat\/riberadebre\/wp-json\/wp\/v2\/categories?post=13858"},{"taxonomy":"post_tag","embeddable":true,"href":"https:\/\/serveiseducatius.xtec.cat\/riberadebre\/wp-json\/wp\/v2\/tags?post=13858"}],"curies":[{"name":"wp","href":"https:\/\/api.w.org\/{rel}","templated":true}]}}