{"id":13851,"date":"2021-05-04T20:25:02","date_gmt":"2021-05-04T18:25:02","guid":{"rendered":"http:\/\/serveiseducatius.xtec.cat\/riberadebre\/?p=13851"},"modified":"2021-05-05T08:49:44","modified_gmt":"2021-05-05T06:49:44","slug":"video-de-la-biblioteca-escola-lluis-vinas","status":"publish","type":"post","link":"https:\/\/serveiseducatius.xtec.cat\/riberadebre\/portada\/video-de-la-biblioteca-escola-lluis-vinas\/","title":{"rendered":"V\u00eddeo biblioteca escola LLu\u00eds Vi\u00f1as"},"content":{"rendered":"<p>L&#8217;escola Llu\u00eds Vi\u00f1as Vi\u00f1oles de M\u00f3ra d&#8217;Ebre ens presenta el nou <a href=\"https:\/\/agora.xtec.cat\/ceipmoradebre\/categoria\/apadrinament-lector\/\" target=\"_blank\" rel=\"noopener noreferrer\">v\u00eddeo de la biblioteca escolar<\/a> al seminari de biblioteques escolars de la Ribera.<\/p>\n<p>La coordinadora de la biblioteca del centre Imma Melendez i l&#8217;equip directiu impulsen les activitats lectores i la dinamitzaci\u00f3 d&#8217;aquest espai.<\/p>\n<p>En aquests moments cal reinventar-se i readaptar-se per continuar promocionant la lectura i oferint espais lectors a l&#8217;alumnat, seguint els protocols COVID.<\/p>\n<p>Podeu consultar el <a href=\"https:\/\/agora.xtec.cat\/ceipmoradebre\/portada\/general\/biblioteca-escola-lluis-vinas\/\" target=\"_blank\" rel=\"noopener noreferrer\">v\u00eddeo enlla\u00e7at aqu\u00ed<\/a> i que tenen publicat a la seva <a href=\"https:\/\/agora.xtec.cat\/ceipmoradebre\/\" target=\"_blank\" rel=\"noopener noreferrer\">web de centre.<\/a><\/p>\n<p><a href=\"https:\/\/serveiseducatius.xtec.cat\/riberadebre\/wp-content\/uploads\/usu1126\/2021\/05\/Caratula-BIBLIO-LL-VI\u00d1AS.jpg\"><img loading=\"lazy\" decoding=\"async\" class=\"alignnone size-full wp-image-13852\" src=\"https:\/\/serveiseducatius.xtec.cat\/riberadebre\/wp-content\/uploads\/usu1126\/2021\/05\/Caratula-BIBLIO-LL-VI\u00d1AS.jpg\" alt=\"\" width=\"780\" height=\"95\" srcset=\"https:\/\/serveiseducatius.xtec.cat\/riberadebre\/wp-content\/uploads\/usu1126\/2021\/05\/Caratula-BIBLIO-LL-VI\u00d1AS.jpg 780w, https:\/\/serveiseducatius.xtec.cat\/riberadebre\/wp-content\/uploads\/usu1126\/2021\/05\/Caratula-BIBLIO-LL-VI\u00d1AS-300x37.jpg 300w, https:\/\/serveiseducatius.xtec.cat\/riberadebre\/wp-content\/uploads\/usu1126\/2021\/05\/Caratula-BIBLIO-LL-VI\u00d1AS-768x94.jpg 768w\" sizes=\"auto, (max-width: 780px) 100vw, 780px\" \/><\/a><\/p>\n","protected":false},"excerpt":{"rendered":"<p>L&#8217;escola Llu\u00eds Vi\u00f1as Vi\u00f1oles de M\u00f3ra d&#8217;Ebre ens presenta el nou v\u00eddeo de la biblioteca escolar al seminari de biblioteques escolars de la Ribera. La coordinadora de la biblioteca del centre Imma Melendez i l&#8217;equip directiu impulsen les activitats lectores i la dinamitzaci\u00f3 d&#8217;aquest espai. En aquests moments cal reinventar-se i readaptar-se per continuar promocionant [&hellip;]<\/p>\n","protected":false},"author":3,"featured_media":13854,"comment_status":"open","ping_status":"closed","sticky":false,"template":"","format":"standard","meta":{"_bbp_topic_count":0,"_bbp_reply_count":0,"_bbp_total_topic_count":0,"_bbp_total_reply_count":0,"_bbp_voice_count":0,"_bbp_anonymous_reply_count":0,"_bbp_topic_count_hidden":0,"_bbp_reply_count_hidden":0,"_bbp_forum_subforum_count":0,"site-sidebar-layout":"default","site-content-layout":"","ast-site-content-layout":"","site-content-style":"default","site-sidebar-style":"default","ast-global-header-display":"","ast-banner-title-visibility":"","ast-main-header-display":"","ast-hfb-above-header-display":"","ast-hfb-below-header-display":"","ast-hfb-mobile-header-display":"","site-post-title":"","ast-breadcrumbs-content":"","ast-featured-img":"","footer-sml-layout":"","theme-transparent-header-meta":"","adv-header-id-meta":"","stick-header-meta":"","header-above-stick-meta":"","header-main-stick-meta":"","header-below-stick-meta":"","astra-migrate-meta-layouts":"default","ast-page-background-enabled":"default","ast-page-background-meta":{"desktop":{"background-color":"var(--ast-global-color-4)","background-image":"","background-repeat":"repeat","background-position":"center center","background-size":"auto","background-attachment":"scroll","background-type":"","background-media":"","overlay-type":"","overlay-color":"","overlay-opacity":"","overlay-gradient":""},"tablet":{"background-color":"","background-image":"","background-repeat":"repeat","background-position":"center center","background-size":"auto","background-attachment":"scroll","background-type":"","background-media":"","overlay-type":"","overlay-color":"","overlay-opacity":"","overlay-gradient":""},"mobile":{"background-color":"","background-image":"","background-repeat":"repeat","background-position":"center center","background-size":"auto","background-attachment":"scroll","background-type":"","background-media":"","overlay-type":"","overlay-color":"","overlay-opacity":"","overlay-gradient":""}},"ast-content-background-meta":{"desktop":{"background-color":"var(--ast-global-color-5)","background-image":"","background-repeat":"repeat","background-position":"center center","background-size":"auto","background-attachment":"scroll","background-type":"","background-media":"","overlay-type":"","overlay-color":"","overlay-opacity":"","overlay-gradient":""},"tablet":{"background-color":"var(--ast-global-color-5)","background-image":"","background-repeat":"repeat","background-position":"center center","background-size":"auto","background-attachment":"scroll","background-type":"","background-media":"","overlay-type":"","overlay-color":"","overlay-opacity":"","overlay-gradient":""},"mobile":{"background-color":"var(--ast-global-color-5)","background-image":"","background-repeat":"repeat","background-position":"center center","background-size":"auto","background-attachment":"scroll","background-type":"","background-media":"","overlay-type":"","overlay-color":"","overlay-opacity":"","overlay-gradient":""}},"footnotes":""},"categories":[81,65,661,308,63,29,497,791],"tags":[],"class_list":["post-13851","post","type-post","status-publish","format-standard","has-post-thumbnail","hentry","category-biblioteca-escolar","category-crp","category-escola-lluis-vinas","category-escoles","category-noticies","category-portada","category-ribera-debre","category-seminari-biblioteques-escolars"],"post_mailing_queue_ids":[],"_links":{"self":[{"href":"https:\/\/serveiseducatius.xtec.cat\/riberadebre\/wp-json\/wp\/v2\/posts\/13851","targetHints":{"allow":["GET"]}}],"collection":[{"href":"https:\/\/serveiseducatius.xtec.cat\/riberadebre\/wp-json\/wp\/v2\/posts"}],"about":[{"href":"https:\/\/serveiseducatius.xtec.cat\/riberadebre\/wp-json\/wp\/v2\/types\/post"}],"author":[{"embeddable":true,"href":"https:\/\/serveiseducatius.xtec.cat\/riberadebre\/wp-json\/wp\/v2\/users\/3"}],"replies":[{"embeddable":true,"href":"https:\/\/serveiseducatius.xtec.cat\/riberadebre\/wp-json\/wp\/v2\/comments?post=13851"}],"version-history":[{"count":3,"href":"https:\/\/serveiseducatius.xtec.cat\/riberadebre\/wp-json\/wp\/v2\/posts\/13851\/revisions"}],"predecessor-version":[{"id":13856,"href":"https:\/\/serveiseducatius.xtec.cat\/riberadebre\/wp-json\/wp\/v2\/posts\/13851\/revisions\/13856"}],"wp:featuredmedia":[{"embeddable":true,"href":"https:\/\/serveiseducatius.xtec.cat\/riberadebre\/wp-json\/wp\/v2\/media\/13854"}],"wp:attachment":[{"href":"https:\/\/serveiseducatius.xtec.cat\/riberadebre\/wp-json\/wp\/v2\/media?parent=13851"}],"wp:term":[{"taxonomy":"category","embeddable":true,"href":"https:\/\/serveiseducatius.xtec.cat\/riberadebre\/wp-json\/wp\/v2\/categories?post=13851"},{"taxonomy":"post_tag","embeddable":true,"href":"https:\/\/serveiseducatius.xtec.cat\/riberadebre\/wp-json\/wp\/v2\/tags?post=13851"}],"curies":[{"name":"wp","href":"https:\/\/api.w.org\/{rel}","templated":true}]}}