{"id":13756,"date":"2021-04-28T09:54:53","date_gmt":"2021-04-28T07:54:53","guid":{"rendered":"http:\/\/serveiseducatius.xtec.cat\/riberadebre\/?p=13756"},"modified":"2021-04-28T09:59:39","modified_gmt":"2021-04-28T07:59:39","slug":"mooc-la-tasca-docent-en-educacio-hibrida","status":"publish","type":"post","link":"https:\/\/serveiseducatius.xtec.cat\/riberadebre\/general\/mooc-la-tasca-docent-en-educacio-hibrida\/","title":{"rendered":"MOOC LA TASCA DOCENT EN EDUCACI\u00d3 H\u00cdBRIDA"},"content":{"rendered":"<p style=\"font-weight: 400;\">MOOC adre\u00e7ada a personal docent de secund\u00e0ria (ESO, BAT) i cicles formatius.<\/p>\n<p style=\"font-weight: 400;\"><a href=\"https:\/\/aplicacions.gestioeducativa.gencat.cat\/pls\/soloas\/pk_for_mod_ins.p_for_detall_activitat?p_codi=9003030545&amp;p_curs=2020-2021&amp;p_es_inscr=S\" data-saferedirecturl=\"https:\/\/www.google.com\/url?q=https:\/\/aplicacions.gestioeducativa.gencat.cat\/pls\/soloas\/pk_for_mod_ins.p_for_detall_activitat?p_codi%3D9003030545%26p_curs%3D2020-2021%26p_es_inscr%3DS&amp;source=gmail&amp;ust=1619506022499000&amp;usg=AFQjCNEv29r8ye_5AStvgM3a6aDbd_QZDA\"><strong>INSCRIPCI\u00d3:<\/strong> <\/a>fins 30 d&#8217;abril\u00a0 <strong>9003030545 \u00a0\u00a0\u00a0\u00a0 MOOC La tasca docent en educaci\u00f3 h\u00edbrida<\/strong><\/p>\n<p style=\"font-weight: 400;\">El MOOC s\u2019iniciar\u00e0 dijous 6 de maig amb una activitat s\u00edncrona al CURS MOODLE. Les persones a les quals se\u2019ls hagi adjudicat la participaci\u00f3 a l\u2019activitat formativa rebran un missatge amb orientacions per al seu inici i seguiment. Totes les seves comunicacions es realitzaran a trav\u00e9s d&#8217; <a href=\"https:\/\/odissea.xtec.cat\/\" target=\"_blank\" rel=\"noopener noreferrer\"><strong>ODISSEA<\/strong><\/a>.<\/p>\n<p style=\"font-weight: 400;\"><strong style=\"font-family: inherit; font-size: 1em;\">Descripci\u00f3 de l&#8217;activitat: <\/strong>Aquest curs Massiu d&#8217;autoformaci\u00f3 tracta les estrat\u00e8gies per adaptar la tasca docent a un escenari d\u2019educaci\u00f3 h\u00edbrida. No es tracta d&#8217;un <strong>curs<\/strong> t\u00e8cnic sin\u00f3 <strong>metodol\u00f2gic<\/strong>, explorant les diferents possibilitats dels entorns virtuals per realitzar accions educatives de qualitat en escenaris h\u00edbrids. Al llarg del curs s&#8217;exploren les caracter\u00edstiques i possibles aplicacions did\u00e0ctiques de recursos digitals relacionats amb els objectius del curs.<\/p>\n<p style=\"font-weight: 400;\"><strong style=\"font-family: inherit; font-size: 1em;\">Objectius:<\/strong><\/p>\n<ul style=\"list-style-type: square;\">\n<li style=\"font-weight: 400;\">Mostrar i compartir experi\u00e8ncies en educaci\u00f3 h\u00edbrida<\/li>\n<li style=\"font-weight: 400;\">Analitzar els formats d\u2019educaci\u00f3 h\u00edbrida.<\/li>\n<li style=\"font-weight: 400;\">Vincular l\u2019educaci\u00f3 h\u00edbrida amb l&#8217;Entorn Virtual d&#8217;Aprenentatge.<\/li>\n<li style=\"font-weight: 400;\">Con\u00e8ixer eines per al disseny d\u2019entorns en educaci\u00f3 h\u00edbrida.<\/li>\n<li style=\"font-weight: 400;\">Dissenyar un projecte o unitat<\/li>\n<\/ul>\n<p style=\"font-weight: 400;\"><strong>Continguts:<\/strong><\/p>\n<ol>\n<li style=\"font-weight: 400;\">M\u00f2dul 0: Seguretat i propietat intel\u00b7lectual<\/li>\n<li style=\"font-weight: 400;\">M\u00f2dul 1: Educaci\u00f3 H\u00edbrida i els models de formaci\u00f3 h\u00edbrida.<\/li>\n<li style=\"font-weight: 400;\">M\u00f2dul 2: Disseny de l\u2019EVA i canals de comunicaci\u00f3.<\/li>\n<li style=\"font-weight: 400;\">M\u00f2dul 3: Recursos metodol\u00f2gics per a l\u2019educaci\u00f3 h\u00edbrida.<\/li>\n<li style=\"font-weight: 400;\">M\u00f2dul 4: Disseny d\u2019itineraris formatius i avaluaci\u00f3 en un sistema h\u00edbrid.<\/li>\n<\/ol>\n","protected":false},"excerpt":{"rendered":"<p>MOOC adre\u00e7ada a personal docent de secund\u00e0ria (ESO, BAT) i cicles formatius. INSCRIPCI\u00d3: fins 30 d&#8217;abril\u00a0 9003030545 \u00a0\u00a0\u00a0\u00a0 MOOC La tasca docent en educaci\u00f3 h\u00edbrida El MOOC s\u2019iniciar\u00e0 dijous 6 de maig amb una activitat s\u00edncrona al CURS MOODLE. Les persones a les quals se\u2019ls hagi adjudicat la participaci\u00f3 a l\u2019activitat formativa rebran un missatge [&hellip;]<\/p>\n","protected":false},"author":9,"featured_media":13785,"comment_status":"open","ping_status":"closed","sticky":false,"template":"","format":"standard","meta":{"_bbp_topic_count":0,"_bbp_reply_count":0,"_bbp_total_topic_count":0,"_bbp_total_reply_count":0,"_bbp_voice_count":0,"_bbp_anonymous_reply_count":0,"_bbp_topic_count_hidden":0,"_bbp_reply_count_hidden":0,"_bbp_forum_subforum_count":0,"site-sidebar-layout":"default","site-content-layout":"","ast-site-content-layout":"","site-content-style":"default","site-sidebar-style":"default","ast-global-header-display":"","ast-banner-title-visibility":"","ast-main-header-display":"","ast-hfb-above-header-display":"","ast-hfb-below-header-display":"","ast-hfb-mobile-header-display":"","site-post-title":"","ast-breadcrumbs-content":"","ast-featured-img":"","footer-sml-layout":"","theme-transparent-header-meta":"","adv-header-id-meta":"","stick-header-meta":"","header-above-stick-meta":"","header-main-stick-meta":"","header-below-stick-meta":"","astra-migrate-meta-layouts":"default","ast-page-background-enabled":"default","ast-page-background-meta":{"desktop":{"background-color":"var(--ast-global-color-4)","background-image":"","background-repeat":"repeat","background-position":"center center","background-size":"auto","background-attachment":"scroll","background-type":"","background-media":"","overlay-type":"","overlay-color":"","overlay-opacity":"","overlay-gradient":""},"tablet":{"background-color":"","background-image":"","background-repeat":"repeat","background-position":"center center","background-size":"auto","background-attachment":"scroll","background-type":"","background-media":"","overlay-type":"","overlay-color":"","overlay-opacity":"","overlay-gradient":""},"mobile":{"background-color":"","background-image":"","background-repeat":"repeat","background-position":"center center","background-size":"auto","background-attachment":"scroll","background-type":"","background-media":"","overlay-type":"","overlay-color":"","overlay-opacity":"","overlay-gradient":""}},"ast-content-background-meta":{"desktop":{"background-color":"var(--ast-global-color-5)","background-image":"","background-repeat":"repeat","background-position":"center center","background-size":"auto","background-attachment":"scroll","background-type":"","background-media":"","overlay-type":"","overlay-color":"","overlay-opacity":"","overlay-gradient":""},"tablet":{"background-color":"var(--ast-global-color-5)","background-image":"","background-repeat":"repeat","background-position":"center center","background-size":"auto","background-attachment":"scroll","background-type":"","background-media":"","overlay-type":"","overlay-color":"","overlay-opacity":"","overlay-gradient":""},"mobile":{"background-color":"var(--ast-global-color-5)","background-image":"","background-repeat":"repeat","background-position":"center center","background-size":"auto","background-attachment":"scroll","background-type":"","background-media":"","overlay-type":"","overlay-color":"","overlay-opacity":"","overlay-gradient":""}},"footnotes":""},"categories":[633,65,308,683,154,618,1,310,29,76,78,859],"tags":[919,738,820,741,991],"class_list":["post-13756","post","type-post","status-publish","format-standard","has-post-thumbnail","hentry","category-centres-educatius-en-linia","category-crp","category-escoles","category-eva-entorns-virtuals-daprenentatge","category-formacio","category-formacio-professorat-on-line","category-general","category-institut","category-portada","category-recursos","category-tac","category-xtcd","tag-educacio-hibrida","tag-eva","tag-formacio-docent","tag-formacio-online","tag-mooc"],"post_mailing_queue_ids":[],"_links":{"self":[{"href":"https:\/\/serveiseducatius.xtec.cat\/riberadebre\/wp-json\/wp\/v2\/posts\/13756","targetHints":{"allow":["GET"]}}],"collection":[{"href":"https:\/\/serveiseducatius.xtec.cat\/riberadebre\/wp-json\/wp\/v2\/posts"}],"about":[{"href":"https:\/\/serveiseducatius.xtec.cat\/riberadebre\/wp-json\/wp\/v2\/types\/post"}],"author":[{"embeddable":true,"href":"https:\/\/serveiseducatius.xtec.cat\/riberadebre\/wp-json\/wp\/v2\/users\/9"}],"replies":[{"embeddable":true,"href":"https:\/\/serveiseducatius.xtec.cat\/riberadebre\/wp-json\/wp\/v2\/comments?post=13756"}],"version-history":[{"count":1,"href":"https:\/\/serveiseducatius.xtec.cat\/riberadebre\/wp-json\/wp\/v2\/posts\/13756\/revisions"}],"predecessor-version":[{"id":13757,"href":"https:\/\/serveiseducatius.xtec.cat\/riberadebre\/wp-json\/wp\/v2\/posts\/13756\/revisions\/13757"}],"wp:featuredmedia":[{"embeddable":true,"href":"https:\/\/serveiseducatius.xtec.cat\/riberadebre\/wp-json\/wp\/v2\/media\/13785"}],"wp:attachment":[{"href":"https:\/\/serveiseducatius.xtec.cat\/riberadebre\/wp-json\/wp\/v2\/media?parent=13756"}],"wp:term":[{"taxonomy":"category","embeddable":true,"href":"https:\/\/serveiseducatius.xtec.cat\/riberadebre\/wp-json\/wp\/v2\/categories?post=13756"},{"taxonomy":"post_tag","embeddable":true,"href":"https:\/\/serveiseducatius.xtec.cat\/riberadebre\/wp-json\/wp\/v2\/tags?post=13756"}],"curies":[{"name":"wp","href":"https:\/\/api.w.org\/{rel}","templated":true}]}}