{"id":13484,"date":"2021-03-25T09:23:16","date_gmt":"2021-03-25T08:23:16","guid":{"rendered":"http:\/\/serveiseducatius.xtec.cat\/riberadebre\/?p=13484"},"modified":"2021-04-25T16:35:43","modified_gmt":"2021-04-25T14:35:43","slug":"apadrinem-el-nostre-patrimoni-convocatoria-innovacio","status":"publish","type":"post","link":"https:\/\/serveiseducatius.xtec.cat\/riberadebre\/general\/apadrinem-el-nostre-patrimoni-convocatoria-innovacio\/","title":{"rendered":"APADRINEM EL NOSTRE PATRIMONI. Convocat\u00f2ria innovaci\u00f3"},"content":{"rendered":"<p>El 15 de mar\u00e7 es va obrir <a href=\"https:\/\/serveiseducatius.xtec.cat\/riberadebre\/general\/convocatoria-programes-innovacio-pedagogica\/\" target=\"_blank\" rel=\"noopener noreferrer\"><strong>convocat\u00f2ria unificada de tots el programes i projectes d&#8217;innovaci\u00f3<\/strong><\/a> que promou el <a href=\"http:\/\/xtec.gencat.cat\/ca\/inici\" target=\"_blank\" rel=\"noopener noreferrer\">Departament d&#8217;Educaci\u00f3<\/a>.<\/p>\n<p>D&#8217;entre tots els programes us volem destacar el programa <a href=\"https:\/\/espai.educacio.gencat.cat\/Centres\/Innovacio-pedagogica\/Programes\/Apadrinem-nostre-patrimoni\/Pagines\/default.aspx\" target=\"_blank\" rel=\"noopener noreferrer\"><strong>APADRINEM EL NOSTRE PATRIMONI <\/strong><\/a><strong>(<a href=\"http:\/\/cdn.s2.eu.nice264.com\/\/converted_work11\/9\/4\/9469cae67207eab1b1bf\/9469cae67207eab1b1bf_f34bd39fc22345ff4a6b8ddacc0606b9.mp4\" target=\"_blank\" rel=\"noopener noreferrer\">v\u00eddeo<\/a> promocional). <\/strong>A la nostra comarca disposem de molts elements patrimonials (culturals, socials, hist\u00f2rics, naturals) que en moltes ocasions ja es treballen als centres educatius o que poden ser susceptibles de ser treballats. El treball d&#8217;aquests elements i la participaci\u00f3 al programa Apadrinem s\u00f3n compatibles amb altres programes d&#8217;innovaci\u00f3, ja que es poden connectar i integrar perfectament.<\/p>\n<ul style=\"list-style-type: circle;\">\n<li>Est\u00e0 inspirat\u00a0 en experi\u00e8ncies pr\u00e8vies que s&#8217;han desenvolupat en el nostre pa\u00eds i en altres pa\u00efsos per <em><strong>fomentar el coneixement dels elements patrimonials de l&#8217;entorn amb una actitud participativa<\/strong><\/em> de la comunitat escolar i educativa. El programa implica qu\u200be un centre educatiu <em><strong>inclogui en el projecte educatiu del centre el coneixement, l&#8217;estudi i la projecci\u00f3 d&#8217;un element patrimonial<\/strong> <\/em>de l&#8217;entorn local o comarcal com a centre d&#8217;inter\u00e8s per a un o tots els seus nivells educatius. Aquest coneixement <em><strong>afavorir\u00e0 la implicaci\u00f3 i el sentiment de pertinen\u00e7a al territori<\/strong><\/em> per part de l&#8217;alumnat.<\/li>\n<li>El programa promou contextos d\u2019aprenentatge per a l&#8217;\u00e8xit educatiu de tot l&#8217;alumnat, afavoreix la transformaci\u00f3 educativa que t\u00e9 en compte la participaci\u00f3 activa dels i de les aprenents.<\/li>\n<\/ul>\n<p class=\"pujar\">El programa va <strong>destinat a<\/strong> centres educatius que imparteixen ensenyaments d&#8217;educaci\u00f3<strong> infantil, prim\u00e0ria, secund\u00e0ria obligat\u00f2ria, batxillerat, ensenyaments professionals i centres de formaci\u00f3 d\u2019adults<\/strong> del Servei d&#8217;Educaci\u00f3 de Catalunya.\u200b<\/p>\n<p class=\"pujar\"><strong>Places curs 2021-2022<\/strong>: es\u00a0tindran en compte totes les sol\u00b7licituds que es rebin i es valoraran en funci\u00f3 de la demanda de cada territori.\u200b<\/p>\n<p class=\"pujar\"><strong>Requisits de participaci\u00f3<\/strong>:<\/p>\n<ul style=\"list-style-type: square;\">\n<li>Presentar el projecte dissenyat i planificat<\/li>\n<li>Entregar la declaraci\u00f3 de l&#8217;aprovaci\u00f3 del claustre i del consell escolar per participar en el programa. Aquesta declaraci\u00f3 ha de ser posterior a la publicaci\u00f3 de la resoluci\u00f3.<\/li>\n<li>Presentar una carta de motivaci\u00f3. El format \u00e9s lliure: enregistrament audiovisual, infografia, carta, etc.<\/li>\n<li>No haver participat, ni estar participant, amb el mateix projecte en un altre programa d&#8217;innovaci\u00f3.<\/li>\n<\/ul>\n<p class=\"pujar\"><strong>Els compromisos<\/strong> que implica l&#8217;acceptaci\u00f3 per part del centre a l&#8217;hora de triar participar al programa consten\u00a0 a l&#8217;annex 1, apartat 6, de la <a title=\"Resoluci\u00f3 ENS\/2037\/2018\" href=\"http:\/\/dogc.gencat.cat\/ca\/pdogc_canals_interns\/pdogc_resultats_fitxa\/?action=fitxa&amp;mode=single&amp;documentId=826153&amp;language=ca_ES\" target=\"_blank\" rel=\"noopener noreferrer\">Resoluci\u00f3 ENS\/2037\/2018<\/a>:<\/p>\n<ul style=\"list-style-type: disc;\">\n<li class=\"pujar\">La designaci\u00f3 d&#8217;un <strong>equip impulsor<\/strong> del projecte format per professorat i algun membre de l\u2019equip directiu tenint present la previsi\u00f3 de continu\u00eftat al llarg del projecte.<\/li>\n<li>La implicaci\u00f3 de l\u2019equip docent per participar en el programa &#8220;Apadrinem&#8221; durant <strong>tres anys<\/strong>.<\/li>\n<li>El desenvolupament de les fases del programa &#8220;Apadrinem&#8221;.<\/li>\n<li>La participaci\u00f3 en les activitats formatives del programa &#8220;Apadrinem&#8221;, si escau.<\/li>\n<li>L&#8217;<strong>avaluaci\u00f3 compartida amb el referent del CRP<\/strong> en finalitzar cada curs.<\/li>\n<li>L&#8217;elaboraci\u00f3 d&#8217;una <a href=\"https:\/\/espai.educacio.gencat.cat\/Centres\/Innovacio-pedagogica\/Programes\/Apadrinem-nostre-patrimoni\/Documents\/A910.pdf\" target=\"_blank\" rel=\"noopener noreferrer\"><strong>mem\u00f2ria de seguiment i avaluaci\u00f3<\/strong><\/a> en finalitzar el projecte d\u2019acord amb les orientacions disponibles en aquesta p\u00e0gina.<\/li>\n<\/ul>\n<p class=\"pujar\"><strong>Termini sol\u00b7licitud fins al 12 de maig (per eValisa)\u00a0 i documentaci\u00f3 a aportar:\u00a0<\/strong><\/p>\n<ul style=\"list-style-type: square;\">\n<li><strong><a href=\"https:\/\/documents.espai.educacio.gencat.cat\/FormularisModels\/InnovacioPedagogica\/A606.pdf\" target=\"_blank\" rel=\"noopener noreferrer\">Sol\u00b7licitud<\/a>,<\/strong> a la qual s&#8217;hi ha d&#8217;adjuntar la documentaci\u00f3 acreditativa del compliment dels requisits.<\/li>\n<li><strong><a title=\"Obre el document\" href=\"https:\/\/documents.espai.educacio.gencat.cat\/FormularisModels\/InnovacioPedagogica\/A605.pdf\" target=\"_blank\" rel=\"noopener noreferrer\">Declaraci\u00f3 de participaci\u00f3 i comprom\u00eds del centre<\/a>.<\/strong>\u00a0<em>Si en el termini de presentaci\u00f3 de la sol\u00b7licitud de la convocat\u00f2ria no s\u2019han pogut dur a terme les sessions de claustre i del consell escolar de centre, en qu\u00e8 s\u2019aprova la participaci\u00f3 en el programa, cal adjuntar igualment aquest document, tot fent constar les dates previstes de reuni\u00f3 d\u2019aquests \u00f2rgans i la tramesa posterior del comprom\u00eds corresponent un cop aprovat.\u200b<\/em><\/li>\n<li>\u200b<strong><a title=\"Obre el document\" href=\"https:\/\/documents.espai.educacio.gencat.cat\/FormularisModels\/InnovacioPedagogica\/A608.pdf\" target=\"_blank\" rel=\"noopener noreferrer\">Projecte dissenyat i planificat<\/a>.\u200b<\/strong><\/li>\n<\/ul>\n<p>Podeu consultar el projecte <a href=\"https:\/\/serveiseducatius.xtec.cat\/riberadebre\/general\/projecte-apadrinem-la-romanica-de-la-palma-debre-a-larc\/\" target=\"_blank\" rel=\"noopener noreferrer\"><strong>Apadrinem La Rom\u00e0nica<\/strong><\/a> de l&#8217;Escola 1 d&#8217;Abril de la Palma d&#8217;Ebre.<\/p>\n<p><em><strong>Per qualsevol dubte o consulta poseu-vos en contacte amb nosaltres al tel\u00e8fon 977402860 o a l&#8217;adre\u00e7a de correu e3999108@xtec.cat\u00a0<\/strong><\/em><\/p>\n<blockquote><p><a href=\"https:\/\/serveiseducatius.xtec.cat\/riberadebre\/wp-content\/uploads\/usu1126\/2021\/03\/logo-xtec.jpg\"><img loading=\"lazy\" decoding=\"async\" class=\"alignnone wp-image-13466\" src=\"https:\/\/serveiseducatius.xtec.cat\/riberadebre\/wp-content\/uploads\/usu1126\/2021\/03\/logo-xtec.jpg\" alt=\"\" width=\"137\" height=\"137\" srcset=\"https:\/\/serveiseducatius.xtec.cat\/riberadebre\/wp-content\/uploads\/usu1126\/2021\/03\/logo-xtec.jpg 225w, https:\/\/serveiseducatius.xtec.cat\/riberadebre\/wp-content\/uploads\/usu1126\/2021\/03\/logo-xtec-150x150.jpg 150w\" sizes=\"auto, (max-width: 137px) 100vw, 137px\" \/><\/a><a href=\"https:\/\/serveiseducatius.xtec.cat\/riberadebre\/wp-content\/uploads\/usu1126\/2021\/03\/apadrinem.jpg\"><img loading=\"lazy\" decoding=\"async\" class=\"alignnone size-full wp-image-13488\" src=\"https:\/\/serveiseducatius.xtec.cat\/riberadebre\/wp-content\/uploads\/usu1126\/2021\/03\/apadrinem.jpg\" alt=\"\" width=\"225\" height=\"225\" srcset=\"https:\/\/serveiseducatius.xtec.cat\/riberadebre\/wp-content\/uploads\/usu1126\/2021\/03\/apadrinem.jpg 225w, https:\/\/serveiseducatius.xtec.cat\/riberadebre\/wp-content\/uploads\/usu1126\/2021\/03\/apadrinem-150x150.jpg 150w\" sizes=\"auto, (max-width: 225px) 100vw, 225px\" \/><\/a><\/p><\/blockquote>\n","protected":false},"excerpt":{"rendered":"<p>El 15 de mar\u00e7 es va obrir convocat\u00f2ria unificada de tots el programes i projectes d&#8217;innovaci\u00f3 que promou el Departament d&#8217;Educaci\u00f3. D&#8217;entre tots els programes us volem destacar el programa APADRINEM EL NOSTRE PATRIMONI (v\u00eddeo promocional). A la nostra comarca disposem de molts elements patrimonials (culturals, socials, hist\u00f2rics, naturals) que en moltes ocasions ja es [&hellip;]<\/p>\n","protected":false},"author":9,"featured_media":13488,"comment_status":"open","ping_status":"closed","sticky":false,"template":"","format":"standard","meta":{"_bbp_topic_count":0,"_bbp_reply_count":0,"_bbp_total_topic_count":0,"_bbp_total_reply_count":0,"_bbp_voice_count":0,"_bbp_anonymous_reply_count":0,"_bbp_topic_count_hidden":0,"_bbp_reply_count_hidden":0,"_bbp_forum_subforum_count":0,"site-sidebar-layout":"default","site-content-layout":"","ast-site-content-layout":"","site-content-style":"default","site-sidebar-style":"default","ast-global-header-display":"","ast-banner-title-visibility":"","ast-main-header-display":"","ast-hfb-above-header-display":"","ast-hfb-below-header-display":"","ast-hfb-mobile-header-display":"","site-post-title":"","ast-breadcrumbs-content":"","ast-featured-img":"","footer-sml-layout":"","theme-transparent-header-meta":"","adv-header-id-meta":"","stick-header-meta":"","header-above-stick-meta":"","header-main-stick-meta":"","header-below-stick-meta":"","astra-migrate-meta-layouts":"default","ast-page-background-enabled":"default","ast-page-background-meta":{"desktop":{"background-color":"var(--ast-global-color-4)","background-image":"","background-repeat":"repeat","background-position":"center center","background-size":"auto","background-attachment":"scroll","background-type":"","background-media":"","overlay-type":"","overlay-color":"","overlay-opacity":"","overlay-gradient":""},"tablet":{"background-color":"","background-image":"","background-repeat":"repeat","background-position":"center center","background-size":"auto","background-attachment":"scroll","background-type":"","background-media":"","overlay-type":"","overlay-color":"","overlay-opacity":"","overlay-gradient":""},"mobile":{"background-color":"","background-image":"","background-repeat":"repeat","background-position":"center center","background-size":"auto","background-attachment":"scroll","background-type":"","background-media":"","overlay-type":"","overlay-color":"","overlay-opacity":"","overlay-gradient":""}},"ast-content-background-meta":{"desktop":{"background-color":"var(--ast-global-color-5)","background-image":"","background-repeat":"repeat","background-position":"center center","background-size":"auto","background-attachment":"scroll","background-type":"","background-media":"","overlay-type":"","overlay-color":"","overlay-opacity":"","overlay-gradient":""},"tablet":{"background-color":"var(--ast-global-color-5)","background-image":"","background-repeat":"repeat","background-position":"center center","background-size":"auto","background-attachment":"scroll","background-type":"","background-media":"","overlay-type":"","overlay-color":"","overlay-opacity":"","overlay-gradient":""},"mobile":{"background-color":"var(--ast-global-color-5)","background-image":"","background-repeat":"repeat","background-position":"center center","background-size":"auto","background-attachment":"scroll","background-type":"","background-media":"","overlay-type":"","overlay-color":"","overlay-opacity":"","overlay-gradient":""}},"footnotes":""},"categories":[79,65,308,1,310,29,465],"tags":[968,382,609],"class_list":["post-13484","post","type-post","status-publish","format-standard","has-post-thumbnail","hentry","category-apadriem-el-nostre-patrimoni","category-crp","category-escoles","category-general","category-institut","category-portada","category-programes-innovacio","tag-apadrinem-el-nostre-patrimoni","tag-innovacio","tag-programa-innovacio"],"post_mailing_queue_ids":[],"_links":{"self":[{"href":"https:\/\/serveiseducatius.xtec.cat\/riberadebre\/wp-json\/wp\/v2\/posts\/13484","targetHints":{"allow":["GET"]}}],"collection":[{"href":"https:\/\/serveiseducatius.xtec.cat\/riberadebre\/wp-json\/wp\/v2\/posts"}],"about":[{"href":"https:\/\/serveiseducatius.xtec.cat\/riberadebre\/wp-json\/wp\/v2\/types\/post"}],"author":[{"embeddable":true,"href":"https:\/\/serveiseducatius.xtec.cat\/riberadebre\/wp-json\/wp\/v2\/users\/9"}],"replies":[{"embeddable":true,"href":"https:\/\/serveiseducatius.xtec.cat\/riberadebre\/wp-json\/wp\/v2\/comments?post=13484"}],"version-history":[{"count":3,"href":"https:\/\/serveiseducatius.xtec.cat\/riberadebre\/wp-json\/wp\/v2\/posts\/13484\/revisions"}],"predecessor-version":[{"id":13492,"href":"https:\/\/serveiseducatius.xtec.cat\/riberadebre\/wp-json\/wp\/v2\/posts\/13484\/revisions\/13492"}],"wp:featuredmedia":[{"embeddable":true,"href":"https:\/\/serveiseducatius.xtec.cat\/riberadebre\/wp-json\/wp\/v2\/media\/13488"}],"wp:attachment":[{"href":"https:\/\/serveiseducatius.xtec.cat\/riberadebre\/wp-json\/wp\/v2\/media?parent=13484"}],"wp:term":[{"taxonomy":"category","embeddable":true,"href":"https:\/\/serveiseducatius.xtec.cat\/riberadebre\/wp-json\/wp\/v2\/categories?post=13484"},{"taxonomy":"post_tag","embeddable":true,"href":"https:\/\/serveiseducatius.xtec.cat\/riberadebre\/wp-json\/wp\/v2\/tags?post=13484"}],"curies":[{"name":"wp","href":"https:\/\/api.w.org\/{rel}","templated":true}]}}