{"id":13096,"date":"2021-02-19T09:07:51","date_gmt":"2021-02-19T08:07:51","guid":{"rendered":"http:\/\/serveiseducatius.xtec.cat\/riberadebre\/?p=13096"},"modified":"2022-10-14T09:15:31","modified_gmt":"2022-10-14T07:15:31","slug":"recurs-info-k-i-edu365-especial-sobre-la-regla-divendrescoeducatiu","status":"publish","type":"post","link":"https:\/\/serveiseducatius.xtec.cat\/riberadebre\/general\/recurs-info-k-i-edu365-especial-sobre-la-regla-divendrescoeducatiu\/","title":{"rendered":"RECURS INFO K i Edu365: Especial sobre la regla #divendrescoeducatiu"},"content":{"rendered":"<p>El treball de la menstruaci\u00f3 a l&#8217;escola i l&#8217;institut sembla que continua sent tab\u00fa. Us facilitem enlla\u00e7os a un recurs del programa INFO K (programa informatiu de TV3 adre\u00e7at al p\u00fablic m\u00e9s jove) i a una c\u00e0psula de la secci\u00f3 Salut de l&#8217;Edu365 (alumnat prim\u00e0ria).<\/p>\n<p><strong>INFO K. Especial sobre la regla<\/strong>.\u00a0El podeu visionar&#8230;<a href=\"https:\/\/www.ccma.cat\/tv3\/super3\/infok\/especial-sobre-la-regla\/video\/5673170\/\" target=\"_blank\" rel=\"noopener noreferrer\"><strong>aqu\u00ed<\/strong><\/a><\/p>\n<p>Com d&#8217;altre, el programa cont\u00e9 uns clips m\u00e9s concrets:<\/p>\n<ul>\n<li>Per qu\u00e8 encara no m&#8217;ha vingut la regla?!<\/li>\n<li>Busquem a internet per entendre millor la regla<\/li>\n<li>La regla, un tab\u00fa al m\u00f3n<\/li>\n<\/ul>\n<p><strong>EDU 365. <a href=\"http:\/\/www.edu365.cat\/primaria\/natural\/menstruacio\/index7.html\" target=\"_blank\" rel=\"noopener noreferrer\">Regla? Menstruaci\u00f3?<\/a><\/strong><\/p>\n<p>Podeu treballar el concepte de menstruaci\u00f3, quan s&#8217;inicia, el cicle menstrual, mites i tab\u00fas i qu\u00e8 s&#8217;ha d&#8217;utilitzar.<\/p>\n<p>Altres publicacions d&#8217;inter\u00e8s que us poden ser d&#8217;utilitat per informar-vos com a docents&#8230;<\/p>\n<p>.Diari de l&#8217;Educaci\u00f3. <a href=\"https:\/\/diarieducacio.cat\/les-joves-desconeixen-el-seu-cos-trencar-el-tabu-sobre-la-menstruacio\/\" target=\"_blank\" rel=\"noopener noreferrer\">Trencar el tab\u00fa sobre la menstruaci\u00f3\u00a0<\/a><\/p>\n<p>.Ara Criatures. <a href=\"https:\/\/criatures.ara.cat\/blogs\/psicologia-i-educacio-emocional\/consells-educar-katiavelar-adolescencia-psicologia-menstruacio_132_2803068.html\" target=\"_blank\" rel=\"noopener noreferrer\">5 consells per educar en el cicle menstrual\u00a0<\/a><\/p>\n<p>.Fundaci\u00f3 Orienta. <a href=\"https:\/\/www.fundacioorienta.com\/arriba-regla-primera-menstruacio\/\" target=\"_blank\" rel=\"noopener noreferrer\">Arriba la primera menstruaci\u00f3\u00a0<\/a><\/p>\n<p>.AraBalears. <a href=\"https:\/\/www.arabalears.cat\/misc\/regla-menstruacio-dahlqvist_129_3199827.html\" target=\"_blank\" rel=\"noopener noreferrer\">Parlar amb els nois i homes sobre la regla<\/a><\/p>\n<p><a href=\"https:\/\/serveiseducatius.xtec.cat\/riberadebre\/wp-content\/uploads\/usu1126\/2021\/02\/divendrescoeducatiut-.png\"><img loading=\"lazy\" decoding=\"async\" class=\"alignnone wp-image-13197\" src=\"https:\/\/serveiseducatius.xtec.cat\/riberadebre\/wp-content\/uploads\/usu1126\/2021\/02\/divendrescoeducatiut--1024x1024.png\" alt=\"\" width=\"208\" height=\"208\" srcset=\"https:\/\/serveiseducatius.xtec.cat\/riberadebre\/wp-content\/uploads\/usu1126\/2021\/02\/divendrescoeducatiut--1024x1024.png 1024w, https:\/\/serveiseducatius.xtec.cat\/riberadebre\/wp-content\/uploads\/usu1126\/2021\/02\/divendrescoeducatiut--150x150.png 150w, https:\/\/serveiseducatius.xtec.cat\/riberadebre\/wp-content\/uploads\/usu1126\/2021\/02\/divendrescoeducatiut--300x300.png 300w, https:\/\/serveiseducatius.xtec.cat\/riberadebre\/wp-content\/uploads\/usu1126\/2021\/02\/divendrescoeducatiut--768x768.png 768w, https:\/\/serveiseducatius.xtec.cat\/riberadebre\/wp-content\/uploads\/usu1126\/2021\/02\/divendrescoeducatiut-.png 1080w\" sizes=\"auto, (max-width: 208px) 100vw, 208px\" \/>\u00a0\u00a0 <\/a><a href=\"https:\/\/serveiseducatius.xtec.cat\/riberadebre\/wp-content\/uploads\/usu1126\/2020\/11\/INFO-K.jpg\"><img loading=\"lazy\" decoding=\"async\" class=\"alignnone size-full wp-image-12603\" src=\"https:\/\/serveiseducatius.xtec.cat\/riberadebre\/wp-content\/uploads\/usu1126\/2020\/11\/INFO-K.jpg\" alt=\"\" width=\"275\" height=\"183\" \/><\/a><\/p>\n","protected":false},"excerpt":{"rendered":"<p>El treball de la menstruaci\u00f3 a l&#8217;escola i l&#8217;institut sembla que continua sent tab\u00fa. Us facilitem enlla\u00e7os a un recurs del programa INFO K (programa informatiu de TV3 adre\u00e7at al p\u00fablic m\u00e9s jove) i a una c\u00e0psula de la secci\u00f3 Salut de l&#8217;Edu365 (alumnat prim\u00e0ria). INFO K. Especial sobre la regla.\u00a0El podeu visionar&#8230;aqu\u00ed Com d&#8217;altre, [&hellip;]<\/p>\n","protected":false},"author":9,"featured_media":13316,"comment_status":"open","ping_status":"closed","sticky":false,"template":"","format":"standard","meta":{"_bbp_topic_count":0,"_bbp_reply_count":0,"_bbp_total_topic_count":0,"_bbp_total_reply_count":0,"_bbp_voice_count":0,"_bbp_anonymous_reply_count":0,"_bbp_topic_count_hidden":0,"_bbp_reply_count_hidden":0,"_bbp_forum_subforum_count":0,"site-sidebar-layout":"default","site-content-layout":"","ast-site-content-layout":"","site-content-style":"default","site-sidebar-style":"default","ast-global-header-display":"","ast-banner-title-visibility":"","ast-main-header-display":"","ast-hfb-above-header-display":"","ast-hfb-below-header-display":"","ast-hfb-mobile-header-display":"","site-post-title":"","ast-breadcrumbs-content":"","ast-featured-img":"","footer-sml-layout":"","theme-transparent-header-meta":"","adv-header-id-meta":"","stick-header-meta":"","header-above-stick-meta":"","header-main-stick-meta":"","header-below-stick-meta":"","astra-migrate-meta-layouts":"default","ast-page-background-enabled":"default","ast-page-background-meta":{"desktop":{"background-color":"var(--ast-global-color-4)","background-image":"","background-repeat":"repeat","background-position":"center center","background-size":"auto","background-attachment":"scroll","background-type":"","background-media":"","overlay-type":"","overlay-color":"","overlay-opacity":"","overlay-gradient":""},"tablet":{"background-color":"","background-image":"","background-repeat":"repeat","background-position":"center center","background-size":"auto","background-attachment":"scroll","background-type":"","background-media":"","overlay-type":"","overlay-color":"","overlay-opacity":"","overlay-gradient":""},"mobile":{"background-color":"","background-image":"","background-repeat":"repeat","background-position":"center center","background-size":"auto","background-attachment":"scroll","background-type":"","background-media":"","overlay-type":"","overlay-color":"","overlay-opacity":"","overlay-gradient":""}},"ast-content-background-meta":{"desktop":{"background-color":"var(--ast-global-color-5)","background-image":"","background-repeat":"repeat","background-position":"center center","background-size":"auto","background-attachment":"scroll","background-type":"","background-media":"","overlay-type":"","overlay-color":"","overlay-opacity":"","overlay-gradient":""},"tablet":{"background-color":"var(--ast-global-color-5)","background-image":"","background-repeat":"repeat","background-position":"center center","background-size":"auto","background-attachment":"scroll","background-type":"","background-media":"","overlay-type":"","overlay-color":"","overlay-opacity":"","overlay-gradient":""},"mobile":{"background-color":"var(--ast-global-color-5)","background-image":"","background-repeat":"repeat","background-position":"center center","background-size":"auto","background-attachment":"scroll","background-type":"","background-media":"","overlay-type":"","overlay-color":"","overlay-opacity":"","overlay-gradient":""}},"footnotes":""},"categories":[612,505,65,308,296,1,310,927,29,76,503],"tags":[889,843,924,1159,361],"class_list":["post-13096","post","type-post","status-publish","format-standard","has-post-thumbnail","hentry","category-coeducat","category-coeducacio","category-crp","category-escoles","category-full-novetats-crp","category-general","category-institut","category-novetats-abril-2021","category-portada","category-recursos","category-salut","tag-divendrescoeducatiu","tag-educacio-afectivosexual","tag-educacio-sexual","tag-menstruacio","tag-salut-i-escola"],"post_mailing_queue_ids":[],"_links":{"self":[{"href":"https:\/\/serveiseducatius.xtec.cat\/riberadebre\/wp-json\/wp\/v2\/posts\/13096","targetHints":{"allow":["GET"]}}],"collection":[{"href":"https:\/\/serveiseducatius.xtec.cat\/riberadebre\/wp-json\/wp\/v2\/posts"}],"about":[{"href":"https:\/\/serveiseducatius.xtec.cat\/riberadebre\/wp-json\/wp\/v2\/types\/post"}],"author":[{"embeddable":true,"href":"https:\/\/serveiseducatius.xtec.cat\/riberadebre\/wp-json\/wp\/v2\/users\/9"}],"replies":[{"embeddable":true,"href":"https:\/\/serveiseducatius.xtec.cat\/riberadebre\/wp-json\/wp\/v2\/comments?post=13096"}],"version-history":[{"count":2,"href":"https:\/\/serveiseducatius.xtec.cat\/riberadebre\/wp-json\/wp\/v2\/posts\/13096\/revisions"}],"predecessor-version":[{"id":13198,"href":"https:\/\/serveiseducatius.xtec.cat\/riberadebre\/wp-json\/wp\/v2\/posts\/13096\/revisions\/13198"}],"wp:featuredmedia":[{"embeddable":true,"href":"https:\/\/serveiseducatius.xtec.cat\/riberadebre\/wp-json\/wp\/v2\/media\/13316"}],"wp:attachment":[{"href":"https:\/\/serveiseducatius.xtec.cat\/riberadebre\/wp-json\/wp\/v2\/media?parent=13096"}],"wp:term":[{"taxonomy":"category","embeddable":true,"href":"https:\/\/serveiseducatius.xtec.cat\/riberadebre\/wp-json\/wp\/v2\/categories?post=13096"},{"taxonomy":"post_tag","embeddable":true,"href":"https:\/\/serveiseducatius.xtec.cat\/riberadebre\/wp-json\/wp\/v2\/tags?post=13096"}],"curies":[{"name":"wp","href":"https:\/\/api.w.org\/{rel}","templated":true}]}}