{"id":12998,"date":"2021-01-29T09:56:04","date_gmt":"2021-01-29T08:56:04","guid":{"rendered":"http:\/\/serveiseducatius.xtec.cat\/riberadebre\/?p=12998"},"modified":"2021-06-21T11:40:05","modified_gmt":"2021-06-21T09:40:05","slug":"adela-turin-i-els-seus-contes-coeducatius-divendrescoeducatiu","status":"publish","type":"post","link":"https:\/\/serveiseducatius.xtec.cat\/riberadebre\/portada\/adela-turin-i-els-seus-contes-coeducatius-divendrescoeducatiu\/","title":{"rendered":"ADELA TURIN I ELS SEUS CONTES COEDUCATIUS #divendrescoeducatiu"},"content":{"rendered":"<p><a href=\"https:\/\/ca.wikipedia.org\/wiki\/Adela_Turin\" target=\"_blank\" rel=\"noopener noreferrer\"><strong>Adela Turin<\/strong><\/a> \u00e9s una autora italiana molt compromesa amb la lluita en contra del sexisme exposant els estereotips de g\u00e8nere. Els seus \u00e0lbums il\u00b7lustrats per <a href=\"https:\/\/5ovejasnegras.wordpress.com\/2016\/03\/08\/nella-bosnia\/\" target=\"_blank\" rel=\"noopener noreferrer\"><strong>Nella Bosnia<\/strong><\/a>\u00a0 s\u00f3n tot un cl\u00e0ssic per treballar la coeducaci\u00f3 i la igualtat de g\u00e8nere. Tot i estar editats als anys 70 continuen sent molt actuals.\u00a0<span style=\"font-weight: 400;\"><br \/>\n<\/span><\/p>\n<ul>\n<li><strong><a href=\"https:\/\/aplicacions.gestioeducativa.gencat.cat\/epergam\/web\/fitxa.jsp?id=18309837\" target=\"_blank\" rel=\"noopener noreferrer\">ROSA CARAMEL<\/a>.<\/strong> Ens explica la hist\u00f2ria d&#8217;una manada d&#8217;elefants les cries de la qual sempre havien d&#8217;estar tancades i menjar an\u00e8mones i peonies per poder lluir una pell ben bonica de color rosa. Un dia va arribar l&#8217;elefanta Margarita i va fer que es plantegessin un nou cam\u00ed cap a la llibertat i la igualtat. (<a href=\"https:\/\/www.youtube.com\/watch?v=NO3pwZMcV10&amp;feature=youtu.be\" target=\"_blank\" rel=\"noopener noreferrer\">v\u00eddeo<\/a>)<\/li>\n<li><strong><a href=\"http:\/\/merli.xtec.cat\/merli\/cerca\/fitxaRecurs.jsp?idRecurs=\/140155&amp;sheetId=&amp;nomUsuari=null&amp;inxtec=0\" target=\"_blank\" rel=\"noopener noreferrer\">LA HIST\u00d2RIA DELS BONOBOS AMB ULLERES<\/a>.<\/strong> Ells podien viatjar, modernitzar-se i aprendre. Elles nom\u00e9s podien dedicar-se a la recol\u00b7lecci\u00f3 de menjar i tenir cura de les cries. Va arribar un dia que van dir prou, fins aqu\u00ed hem arribat.<\/li>\n<li><strong><a href=\"https:\/\/aplicacions.gestioeducativa.gencat.cat\/epergam\/web\/fitxa.jsp?id=18341983\" target=\"_blank\" rel=\"noopener noreferrer\">ARTUR I CLEMENTINA<\/a>.<\/strong> La Clementina no \u00e9s feli\u00e7 tot i tenir-ho tot (una gran casa amb moltes coses&#8230;). El seu marit l&#8217;oprimeix de tal manera que no es pot realitzar com a persona; no la deixa sortir i no li deixa fer res. Arriba un moment que pren la decisi\u00f3 de que la situaci\u00f3 no es pot allargar m\u00e9s. (aquest conte tamb\u00e9 es podria utilitzar a l&#8217;hora de treballar la prevenci\u00f3 de la viol\u00e8ncia de g\u00e8nere).<\/li>\n<li><strong><a href=\"https:\/\/aplicacions.gestioeducativa.gencat.cat\/epergam\/web\/fitxa.jsp?id=18190969\" target=\"_blank\" rel=\"noopener noreferrer\">UNA CAT\u00c0STROFE AFORTUNADA <\/a>.<\/strong> Hist\u00f2ria d&#8217;una fam\u00edlia &#8220;convencional&#8221; en la que el pare treballa fora tot el dia i la mare ha d&#8217;ocupar-se de totes les tasques de la casa i tenir cura dels seus 10 fills. Un dia, una cat\u00e0strofe inunda la seva casa i, a partir d&#8217;aqu\u00ed, moltes coses canviaran i els rols dins de la fam\u00edlia tamb\u00e9.<\/li>\n<\/ul>\n<p>Podeu visualitzar un v\u00eddeo presentant tots quatre contes&#8230;<a href=\"https:\/\/www.youtube.com\/watch?v=3bkRjJTG-0c\" target=\"_blank\" rel=\"noopener noreferrer\">aqu\u00ed <\/a><b><\/b><span style=\"font-weight: 400;\"><br \/>\n<\/span><\/p>\n<p>Tots quatre contes formen part de les nostres maletes coeducatives, tant les del programa <a href=\"https:\/\/serveiseducatius.xtec.cat\/riberadebre\/maletes-crp-ribera-debre\/programa-coeducat\/\" target=\"_blank\" rel=\"noopener noreferrer\"><strong>Coeduca&#8217;t<\/strong> <\/a>com les que tenim en col\u00b7laboraci\u00f3 amb el Consell Comarcal de la Ribera d&#8217;Ebre (<a href=\"https:\/\/serveiseducatius.xtec.cat\/riberadebre\/portada\/maleta-de-contes-coeducatius-del-consell-comarcal\/\" target=\"_blank\" rel=\"noopener noreferrer\">1<\/a> i <a href=\"https:\/\/serveiseducatius.xtec.cat\/riberadebre\/general\/maleta-coeducativa-2-nou-recurs\/\" target=\"_blank\" rel=\"noopener noreferrer\">2<\/a>) .<\/p>\n<p><a href=\"https:\/\/serveiseducatius.xtec.cat\/riberadebre\/wp-content\/uploads\/usu1126\/2021\/01\/images.jpg\"><img loading=\"lazy\" decoding=\"async\" class=\"alignnone wp-image-12999\" src=\"https:\/\/serveiseducatius.xtec.cat\/riberadebre\/wp-content\/uploads\/usu1126\/2021\/01\/images.jpg\" alt=\"\" width=\"493\" height=\"199\" srcset=\"https:\/\/serveiseducatius.xtec.cat\/riberadebre\/wp-content\/uploads\/usu1126\/2021\/01\/images.jpg 354w, https:\/\/serveiseducatius.xtec.cat\/riberadebre\/wp-content\/uploads\/usu1126\/2021\/01\/images-300x121.jpg 300w\" sizes=\"auto, (max-width: 493px) 100vw, 493px\" \/><\/a> <a href=\"https:\/\/serveiseducatius.xtec.cat\/riberadebre\/wp-content\/uploads\/usu1126\/2020\/01\/LOGO_COEDUCAT.jpg\"><img loading=\"lazy\" decoding=\"async\" class=\"alignnone size-full wp-image-10972\" src=\"https:\/\/serveiseducatius.xtec.cat\/riberadebre\/wp-content\/uploads\/usu1126\/2020\/01\/LOGO_COEDUCAT.jpg\" alt=\"\" width=\"454\" height=\"335\" srcset=\"https:\/\/serveiseducatius.xtec.cat\/riberadebre\/wp-content\/uploads\/usu1126\/2020\/01\/LOGO_COEDUCAT.jpg 454w, https:\/\/serveiseducatius.xtec.cat\/riberadebre\/wp-content\/uploads\/usu1126\/2020\/01\/LOGO_COEDUCAT-300x221.jpg 300w\" sizes=\"auto, (max-width: 454px) 100vw, 454px\" \/><\/a><a href=\"https:\/\/serveiseducatius.xtec.cat\/riberadebre\/wp-content\/uploads\/usu1126\/2020\/02\/ODS_Objectius_Desenvolupament_Sostenible_Respon.cat_SDG_Icons_CAT-01-05.jpg\"><img loading=\"lazy\" decoding=\"async\" class=\"alignnone wp-image-11048\" src=\"https:\/\/serveiseducatius.xtec.cat\/riberadebre\/wp-content\/uploads\/usu1126\/2020\/02\/ODS_Objectius_Desenvolupament_Sostenible_Respon.cat_SDG_Icons_CAT-01-05.jpg\" alt=\"\" width=\"213\" height=\"213\" srcset=\"https:\/\/serveiseducatius.xtec.cat\/riberadebre\/wp-content\/uploads\/usu1126\/2020\/02\/ODS_Objectius_Desenvolupament_Sostenible_Respon.cat_SDG_Icons_CAT-01-05.jpg 466w, https:\/\/serveiseducatius.xtec.cat\/riberadebre\/wp-content\/uploads\/usu1126\/2020\/02\/ODS_Objectius_Desenvolupament_Sostenible_Respon.cat_SDG_Icons_CAT-01-05-150x150.jpg 150w, https:\/\/serveiseducatius.xtec.cat\/riberadebre\/wp-content\/uploads\/usu1126\/2020\/02\/ODS_Objectius_Desenvolupament_Sostenible_Respon.cat_SDG_Icons_CAT-01-05-300x300.jpg 300w\" sizes=\"auto, (max-width: 213px) 100vw, 213px\" \/><\/a><\/p>\n","protected":false},"excerpt":{"rendered":"<p>Adela Turin \u00e9s una autora italiana molt compromesa amb la lluita en contra del sexisme exposant els estereotips de g\u00e8nere. Els seus \u00e0lbums il\u00b7lustrats per Nella Bosnia\u00a0 s\u00f3n tot un cl\u00e0ssic per treballar la coeducaci\u00f3 i la igualtat de g\u00e8nere. Tot i estar editats als anys 70 continuen sent molt actuals.\u00a0 ROSA CARAMEL. Ens explica [&hellip;]<\/p>\n","protected":false},"author":9,"featured_media":12274,"comment_status":"open","ping_status":"closed","sticky":false,"template":"","format":"standard","meta":{"_bbp_topic_count":0,"_bbp_reply_count":0,"_bbp_total_topic_count":0,"_bbp_total_reply_count":0,"_bbp_voice_count":0,"_bbp_anonymous_reply_count":0,"_bbp_topic_count_hidden":0,"_bbp_reply_count_hidden":0,"_bbp_forum_subforum_count":0,"site-sidebar-layout":"default","site-content-layout":"","ast-site-content-layout":"","site-content-style":"default","site-sidebar-style":"default","ast-global-header-display":"","ast-banner-title-visibility":"","ast-main-header-display":"","ast-hfb-above-header-display":"","ast-hfb-below-header-display":"","ast-hfb-mobile-header-display":"","site-post-title":"","ast-breadcrumbs-content":"","ast-featured-img":"","footer-sml-layout":"","theme-transparent-header-meta":"","adv-header-id-meta":"","stick-header-meta":"","header-above-stick-meta":"","header-main-stick-meta":"","header-below-stick-meta":"","astra-migrate-meta-layouts":"default","ast-page-background-enabled":"default","ast-page-background-meta":{"desktop":{"background-color":"var(--ast-global-color-4)","background-image":"","background-repeat":"repeat","background-position":"center center","background-size":"auto","background-attachment":"scroll","background-type":"","background-media":"","overlay-type":"","overlay-color":"","overlay-opacity":"","overlay-gradient":""},"tablet":{"background-color":"","background-image":"","background-repeat":"repeat","background-position":"center center","background-size":"auto","background-attachment":"scroll","background-type":"","background-media":"","overlay-type":"","overlay-color":"","overlay-opacity":"","overlay-gradient":""},"mobile":{"background-color":"","background-image":"","background-repeat":"repeat","background-position":"center center","background-size":"auto","background-attachment":"scroll","background-type":"","background-media":"","overlay-type":"","overlay-color":"","overlay-opacity":"","overlay-gradient":""}},"ast-content-background-meta":{"desktop":{"background-color":"var(--ast-global-color-5)","background-image":"","background-repeat":"repeat","background-position":"center center","background-size":"auto","background-attachment":"scroll","background-type":"","background-media":"","overlay-type":"","overlay-color":"","overlay-opacity":"","overlay-gradient":""},"tablet":{"background-color":"var(--ast-global-color-5)","background-image":"","background-repeat":"repeat","background-position":"center center","background-size":"auto","background-attachment":"scroll","background-type":"","background-media":"","overlay-type":"","overlay-color":"","overlay-opacity":"","overlay-gradient":""},"mobile":{"background-color":"var(--ast-global-color-5)","background-image":"","background-repeat":"repeat","background-position":"center center","background-size":"auto","background-attachment":"scroll","background-type":"","background-media":"","overlay-type":"","overlay-color":"","overlay-opacity":"","overlay-gradient":""}},"footnotes":""},"categories":[81,612,505,65,905,82,854,735,878,29,1022],"tags":[889,613,890,873],"class_list":["post-12998","post","type-post","status-publish","format-standard","has-post-thumbnail","hentry","category-biblioteca-escolar","category-coeducat","category-coeducacio","category-crp","category-maletes-coeducat","category-maletes-pedagogiques","category-monografic-coeducacio","category-ods","category-ods-5","category-portada","category-propostes-lectores-coeducatives","tag-divendrescoeducatiu","tag-coeducat","tag-contes-coeducatius","tag-ods-5"],"post_mailing_queue_ids":[],"_links":{"self":[{"href":"https:\/\/serveiseducatius.xtec.cat\/riberadebre\/wp-json\/wp\/v2\/posts\/12998","targetHints":{"allow":["GET"]}}],"collection":[{"href":"https:\/\/serveiseducatius.xtec.cat\/riberadebre\/wp-json\/wp\/v2\/posts"}],"about":[{"href":"https:\/\/serveiseducatius.xtec.cat\/riberadebre\/wp-json\/wp\/v2\/types\/post"}],"author":[{"embeddable":true,"href":"https:\/\/serveiseducatius.xtec.cat\/riberadebre\/wp-json\/wp\/v2\/users\/9"}],"replies":[{"embeddable":true,"href":"https:\/\/serveiseducatius.xtec.cat\/riberadebre\/wp-json\/wp\/v2\/comments?post=12998"}],"version-history":[{"count":3,"href":"https:\/\/serveiseducatius.xtec.cat\/riberadebre\/wp-json\/wp\/v2\/posts\/12998\/revisions"}],"predecessor-version":[{"id":13002,"href":"https:\/\/serveiseducatius.xtec.cat\/riberadebre\/wp-json\/wp\/v2\/posts\/12998\/revisions\/13002"}],"wp:featuredmedia":[{"embeddable":true,"href":"https:\/\/serveiseducatius.xtec.cat\/riberadebre\/wp-json\/wp\/v2\/media\/12274"}],"wp:attachment":[{"href":"https:\/\/serveiseducatius.xtec.cat\/riberadebre\/wp-json\/wp\/v2\/media?parent=12998"}],"wp:term":[{"taxonomy":"category","embeddable":true,"href":"https:\/\/serveiseducatius.xtec.cat\/riberadebre\/wp-json\/wp\/v2\/categories?post=12998"},{"taxonomy":"post_tag","embeddable":true,"href":"https:\/\/serveiseducatius.xtec.cat\/riberadebre\/wp-json\/wp\/v2\/tags?post=12998"}],"curies":[{"name":"wp","href":"https:\/\/api.w.org\/{rel}","templated":true}]}}