{"id":12949,"date":"2021-01-26T09:20:29","date_gmt":"2021-01-26T08:20:29","guid":{"rendered":"http:\/\/serveiseducatius.xtec.cat\/riberadebre\/?p=12949"},"modified":"2021-01-26T09:20:29","modified_gmt":"2021-01-26T08:20:29","slug":"webinar-conviure-per-aprendre-denip21","status":"publish","type":"post","link":"https:\/\/serveiseducatius.xtec.cat\/riberadebre\/general\/webinar-conviure-per-aprendre-denip21\/","title":{"rendered":"WEBINAR &#8220;CONVIURE PER APRENDRE&#8221; #DENIP21"},"content":{"rendered":"<p><strong>Data i hora: dijous 28 de gener, 17h<\/strong><\/p>\n<p style=\"font-weight: 400;\">En el marc del dia escolar de la No-viol\u00e8ncia i la Pau i tenint com a objectiu\u00a0 la millora de la conviv\u00e8ncia que possibilita poder aprendre en un entorn segur i de confian\u00e7a, des de la <a href=\"http:\/\/sac.gencat.cat\/sacgencat\/AppJava\/organisme_fitxa.jsp?cap=false&amp;codi=15704\" target=\"_blank\" rel=\"noopener noreferrer\">Direcci\u00f3 General d&#8217;Atenci\u00f3 a la Fam\u00edlia i la Comunitat Educativa<\/a> es vol promoure un espai per con\u00e8ixer din\u00e0miques i experi\u00e8ncies que faciliten la creaci\u00f3 i la cohesi\u00f3 del grup, l\u2019escolta emp\u00e0tica i la creaci\u00f3 d\u2019espais amables i lliures de viol\u00e8ncia amb la visi\u00f3 restaurativa global.<\/p>\n<p style=\"font-weight: 400;\">La jornada comptar\u00e0 amb la participaci\u00f3 de la Dra. M\u00f2nica Albert\u00ed amb la\u00a0 <em>xerrada\u00a0 <strong>La pau s\u2019apr\u00e8n! Enfocament restauratiu i comunicaci\u00f3 no violenta<\/strong><\/em>,\u00a0i amb un recull de 5\u00a0 bones pr\u00e0ctiques\u00a0 a centre des del punt de vista de la conviv\u00e8ncia i la millora del clima escolar.<\/p>\n<p><strong> <a href=\"https:\/\/zoom.us\/webinar\/register\/WN_rECwqXuzSLytnPLPTh_V5w\" data-saferedirecturl=\"https:\/\/www.google.com\/url?q=https:\/\/zoom.us\/webinar\/register\/WN_rECwqXuzSLytnPLPTh_V5w&amp;source=gmail&amp;ust=1611732961376000&amp;usg=AFQjCNH7IaEw_IX4R-oiysN6qhYL7e3TyA\">Enlla\u00e7<\/a><\/strong><\/p>\n<p><a href=\"https:\/\/serveiseducatius.xtec.cat\/riberadebre\/wp-content\/uploads\/usu1126\/2021\/01\/image.png\"><img loading=\"lazy\" decoding=\"async\" class=\"alignnone size-full wp-image-12950\" src=\"https:\/\/serveiseducatius.xtec.cat\/riberadebre\/wp-content\/uploads\/usu1126\/2021\/01\/image.png\" alt=\"\" width=\"460\" height=\"684\" srcset=\"https:\/\/serveiseducatius.xtec.cat\/riberadebre\/wp-content\/uploads\/usu1126\/2021\/01\/image.png 460w, https:\/\/serveiseducatius.xtec.cat\/riberadebre\/wp-content\/uploads\/usu1126\/2021\/01\/image-202x300.png 202w\" sizes=\"auto, (max-width: 460px) 100vw, 460px\" \/><\/a><\/p>\n","protected":false},"excerpt":{"rendered":"<p>Data i hora: dijous 28 de gener, 17h En el marc del dia escolar de la No-viol\u00e8ncia i la Pau i tenint com a objectiu\u00a0 la millora de la conviv\u00e8ncia que possibilita poder aprendre en un entorn segur i de confian\u00e7a, des de la Direcci\u00f3 General d&#8217;Atenci\u00f3 a la Fam\u00edlia i la Comunitat Educativa es [&hellip;]<\/p>\n","protected":false},"author":9,"featured_media":12950,"comment_status":"open","ping_status":"closed","sticky":false,"template":"","format":"standard","meta":{"_bbp_topic_count":0,"_bbp_reply_count":0,"_bbp_total_topic_count":0,"_bbp_total_reply_count":0,"_bbp_voice_count":0,"_bbp_anonymous_reply_count":0,"_bbp_topic_count_hidden":0,"_bbp_reply_count_hidden":0,"_bbp_forum_subforum_count":0,"site-sidebar-layout":"default","site-content-layout":"","ast-site-content-layout":"","site-content-style":"default","site-sidebar-style":"default","ast-global-header-display":"","ast-banner-title-visibility":"","ast-main-header-display":"","ast-hfb-above-header-display":"","ast-hfb-below-header-display":"","ast-hfb-mobile-header-display":"","site-post-title":"","ast-breadcrumbs-content":"","ast-featured-img":"","footer-sml-layout":"","theme-transparent-header-meta":"","adv-header-id-meta":"","stick-header-meta":"","header-above-stick-meta":"","header-main-stick-meta":"","header-below-stick-meta":"","astra-migrate-meta-layouts":"default","ast-page-background-enabled":"default","ast-page-background-meta":{"desktop":{"background-color":"var(--ast-global-color-4)","background-image":"","background-repeat":"repeat","background-position":"center center","background-size":"auto","background-attachment":"scroll","background-type":"","background-media":"","overlay-type":"","overlay-color":"","overlay-opacity":"","overlay-gradient":""},"tablet":{"background-color":"","background-image":"","background-repeat":"repeat","background-position":"center center","background-size":"auto","background-attachment":"scroll","background-type":"","background-media":"","overlay-type":"","overlay-color":"","overlay-opacity":"","overlay-gradient":""},"mobile":{"background-color":"","background-image":"","background-repeat":"repeat","background-position":"center center","background-size":"auto","background-attachment":"scroll","background-type":"","background-media":"","overlay-type":"","overlay-color":"","overlay-opacity":"","overlay-gradient":""}},"ast-content-background-meta":{"desktop":{"background-color":"var(--ast-global-color-5)","background-image":"","background-repeat":"repeat","background-position":"center center","background-size":"auto","background-attachment":"scroll","background-type":"","background-media":"","overlay-type":"","overlay-color":"","overlay-opacity":"","overlay-gradient":""},"tablet":{"background-color":"var(--ast-global-color-5)","background-image":"","background-repeat":"repeat","background-position":"center center","background-size":"auto","background-attachment":"scroll","background-type":"","background-media":"","overlay-type":"","overlay-color":"","overlay-opacity":"","overlay-gradient":""},"mobile":{"background-color":"var(--ast-global-color-5)","background-image":"","background-repeat":"repeat","background-position":"center center","background-size":"auto","background-attachment":"scroll","background-type":"","background-media":"","overlay-type":"","overlay-color":"","overlay-opacity":"","overlay-gradient":""}},"footnotes":""},"categories":[65,68,308,709,1,310,504,29,76],"tags":[823,880,564],"class_list":["post-12949","post","type-post","status-publish","format-standard","has-post-thumbnail","hentry","category-crp","category-elic","category-escoles","category-familia-i-escola","category-general","category-institut","category-jornades","category-portada","category-recursos","tag-comunicacio-no-violenta","tag-escola-i-familia","tag-projecte-de-convivencia"],"post_mailing_queue_ids":[],"_links":{"self":[{"href":"https:\/\/serveiseducatius.xtec.cat\/riberadebre\/wp-json\/wp\/v2\/posts\/12949","targetHints":{"allow":["GET"]}}],"collection":[{"href":"https:\/\/serveiseducatius.xtec.cat\/riberadebre\/wp-json\/wp\/v2\/posts"}],"about":[{"href":"https:\/\/serveiseducatius.xtec.cat\/riberadebre\/wp-json\/wp\/v2\/types\/post"}],"author":[{"embeddable":true,"href":"https:\/\/serveiseducatius.xtec.cat\/riberadebre\/wp-json\/wp\/v2\/users\/9"}],"replies":[{"embeddable":true,"href":"https:\/\/serveiseducatius.xtec.cat\/riberadebre\/wp-json\/wp\/v2\/comments?post=12949"}],"version-history":[{"count":1,"href":"https:\/\/serveiseducatius.xtec.cat\/riberadebre\/wp-json\/wp\/v2\/posts\/12949\/revisions"}],"predecessor-version":[{"id":12951,"href":"https:\/\/serveiseducatius.xtec.cat\/riberadebre\/wp-json\/wp\/v2\/posts\/12949\/revisions\/12951"}],"wp:featuredmedia":[{"embeddable":true,"href":"https:\/\/serveiseducatius.xtec.cat\/riberadebre\/wp-json\/wp\/v2\/media\/12950"}],"wp:attachment":[{"href":"https:\/\/serveiseducatius.xtec.cat\/riberadebre\/wp-json\/wp\/v2\/media?parent=12949"}],"wp:term":[{"taxonomy":"category","embeddable":true,"href":"https:\/\/serveiseducatius.xtec.cat\/riberadebre\/wp-json\/wp\/v2\/categories?post=12949"},{"taxonomy":"post_tag","embeddable":true,"href":"https:\/\/serveiseducatius.xtec.cat\/riberadebre\/wp-json\/wp\/v2\/tags?post=12949"}],"curies":[{"name":"wp","href":"https:\/\/api.w.org\/{rel}","templated":true}]}}