{"id":12795,"date":"2020-12-15T17:50:56","date_gmt":"2020-12-15T16:50:56","guid":{"rendered":"http:\/\/serveiseducatius.xtec.cat\/riberadebre\/?p=12795"},"modified":"2020-12-15T17:51:51","modified_gmt":"2020-12-15T16:51:51","slug":"deteccio-i-derivacio-a-serveis-especialitzats-datencio-als-fills-i-filles-en-situacio-de-violencia-masclista-en-lambit-familiar","status":"publish","type":"post","link":"https:\/\/serveiseducatius.xtec.cat\/riberadebre\/general\/deteccio-i-derivacio-a-serveis-especialitzats-datencio-als-fills-i-filles-en-situacio-de-violencia-masclista-en-lambit-familiar\/","title":{"rendered":"Detecci\u00f3 i derivaci\u00f3 a serveis especialitzats d\u2019atenci\u00f3 als fills i filles en situaci\u00f3 de viol\u00e8ncia masclista en l\u2019\u00e0mbit familiar"},"content":{"rendered":"<div>\n<div>\n<p>\u00c9s cert que l\u2019\u00e0mbit educatiu \u00e9s un espai protector per a l\u2019alumnat en situaci\u00f3 de viol\u00e8ncia masclista i aix\u00f2 \u00e9s molt important, per\u00f2 hem d\u2019apostar per anar m\u00e9s enll\u00e0 i contribuir a revertir i millorar la <a href=\"https:\/\/view.genial.ly\/5f04162617e8720d72143112\">situaci\u00f3 de viol\u00e8ncia: hem de ser proactius\/proactives!<\/a><\/p>\n<p>Els fills i filles en situaci\u00f3 de viol\u00e8ncia masclista s\u00f3n considerats subjectes de dret, juntament amb les seves mares, a la\u00a0\u00a0<em>Llei 5\/2008, del 24 d\u2019abril, del dret de les dones a erradicar la viol\u00e8ncia masclista<\/em>, i s\u2019han d\u2019atendre<em>.\u00a0<\/em>Precisament, els centres educatius s\u00f3n un espai important per detectar l\u2019alumnat en situaci\u00f3 de viol\u00e8ncia en l\u2019\u00e0mbit familiar.<\/p>\n<p>Des del sistema educatiu hem de treballar per recon\u00e8ixer els fills i filles en situaci\u00f3 de viol\u00e8ncia masclista, donar-los suport i acompanyar-los. Moltes vegades, es tracta sols de fer la derivaci\u00f3 del cas als serveis especialitzats.<\/p>\n<p>Es tendeix a creure que la viol\u00e8ncia \u00e9s marginal per\u00f2 malauradament \u00e9s molt present i no t\u00e9 res a veure ni amb l\u2019\u00e8tnia ni la classe social. Els fills i filles s\u00f3n v\u00edctimes directes, sempre, de la viol\u00e8ncia masclista que el pare o parella de la mare exerceix contra la mare i els fills i filles. Sovint, es naturalitzen certs comportaments en els infants i adolescents com, per exemple, el fet de ser violent\/violenta o no tenir ganes de fer res i mostrar-se ap\u00e0tic\/ap\u00e0tica i aquests poden ser les manifestacions del patiment i dolor que duen dins seu. \u00c9s de vital import\u00e0ncia refor\u00e7ar la detecci\u00f3 de la viol\u00e8ncia en l\u2019entorn educatiu i actuar!<\/p>\n<p>Per donar-hi resposta, disposem dels equips d\u2019assessorament i orientaci\u00f3 pedag\u00f2gica (EAP) juntament amb la Xarxa d\u2019atenci\u00f3 i recuperaci\u00f3 integral per a dones i fills i filles en situaci\u00f3 de viol\u00e8ncia masclista.<\/p>\n<\/div>\n<div><\/div>\n<\/div>\n","protected":false},"excerpt":{"rendered":"<p>\u00c9s cert que l\u2019\u00e0mbit educatiu \u00e9s un espai protector per a l\u2019alumnat en situaci\u00f3 de viol\u00e8ncia masclista i aix\u00f2 \u00e9s molt important, per\u00f2 hem d\u2019apostar per anar m\u00e9s enll\u00e0 i contribuir a revertir i millorar la situaci\u00f3 de viol\u00e8ncia: hem de ser proactius\/proactives! Els fills i filles en situaci\u00f3 de viol\u00e8ncia masclista s\u00f3n considerats subjectes [&hellip;]<\/p>\n","protected":false},"author":26,"featured_media":12796,"comment_status":"open","ping_status":"closed","sticky":false,"template":"","format":"standard","meta":{"_bbp_topic_count":0,"_bbp_reply_count":0,"_bbp_total_topic_count":0,"_bbp_total_reply_count":0,"_bbp_voice_count":0,"_bbp_anonymous_reply_count":0,"_bbp_topic_count_hidden":0,"_bbp_reply_count_hidden":0,"_bbp_forum_subforum_count":0,"site-sidebar-layout":"default","site-content-layout":"","ast-site-content-layout":"","site-content-style":"default","site-sidebar-style":"default","ast-global-header-display":"","ast-banner-title-visibility":"","ast-main-header-display":"","ast-hfb-above-header-display":"","ast-hfb-below-header-display":"","ast-hfb-mobile-header-display":"","site-post-title":"","ast-breadcrumbs-content":"","ast-featured-img":"","footer-sml-layout":"","theme-transparent-header-meta":"","adv-header-id-meta":"","stick-header-meta":"","header-above-stick-meta":"","header-main-stick-meta":"","header-below-stick-meta":"","astra-migrate-meta-layouts":"default","ast-page-background-enabled":"default","ast-page-background-meta":{"desktop":{"background-color":"var(--ast-global-color-4)","background-image":"","background-repeat":"repeat","background-position":"center center","background-size":"auto","background-attachment":"scroll","background-type":"","background-media":"","overlay-type":"","overlay-color":"","overlay-opacity":"","overlay-gradient":""},"tablet":{"background-color":"","background-image":"","background-repeat":"repeat","background-position":"center center","background-size":"auto","background-attachment":"scroll","background-type":"","background-media":"","overlay-type":"","overlay-color":"","overlay-opacity":"","overlay-gradient":""},"mobile":{"background-color":"","background-image":"","background-repeat":"repeat","background-position":"center center","background-size":"auto","background-attachment":"scroll","background-type":"","background-media":"","overlay-type":"","overlay-color":"","overlay-opacity":"","overlay-gradient":""}},"ast-content-background-meta":{"desktop":{"background-color":"var(--ast-global-color-5)","background-image":"","background-repeat":"repeat","background-position":"center center","background-size":"auto","background-attachment":"scroll","background-type":"","background-media":"","overlay-type":"","overlay-color":"","overlay-opacity":"","overlay-gradient":""},"tablet":{"background-color":"var(--ast-global-color-5)","background-image":"","background-repeat":"repeat","background-position":"center center","background-size":"auto","background-attachment":"scroll","background-type":"","background-media":"","overlay-type":"","overlay-color":"","overlay-opacity":"","overlay-gradient":""},"mobile":{"background-color":"var(--ast-global-color-5)","background-image":"","background-repeat":"repeat","background-position":"center center","background-size":"auto","background-attachment":"scroll","background-type":"","background-media":"","overlay-type":"","overlay-color":"","overlay-opacity":"","overlay-gradient":""}},"footnotes":""},"categories":[651,778,505,65,67,667,333,308,709,296,1,310,490,29,76,777],"tags":[],"class_list":["post-12795","post","type-post","status-publish","format-standard","has-post-thumbnail","hentry","category-acompanyament","category-assessorament","category-coeducacio","category-crp","category-eap","category-educacio-emocional","category-escola-inclusiva","category-escoles","category-familia-i-escola","category-full-novetats-crp","category-general","category-institut","category-neurociencia-i-educacio","category-portada","category-recursos","category-se"],"post_mailing_queue_ids":[],"_links":{"self":[{"href":"https:\/\/serveiseducatius.xtec.cat\/riberadebre\/wp-json\/wp\/v2\/posts\/12795","targetHints":{"allow":["GET"]}}],"collection":[{"href":"https:\/\/serveiseducatius.xtec.cat\/riberadebre\/wp-json\/wp\/v2\/posts"}],"about":[{"href":"https:\/\/serveiseducatius.xtec.cat\/riberadebre\/wp-json\/wp\/v2\/types\/post"}],"author":[{"embeddable":true,"href":"https:\/\/serveiseducatius.xtec.cat\/riberadebre\/wp-json\/wp\/v2\/users\/26"}],"replies":[{"embeddable":true,"href":"https:\/\/serveiseducatius.xtec.cat\/riberadebre\/wp-json\/wp\/v2\/comments?post=12795"}],"version-history":[{"count":1,"href":"https:\/\/serveiseducatius.xtec.cat\/riberadebre\/wp-json\/wp\/v2\/posts\/12795\/revisions"}],"predecessor-version":[{"id":12797,"href":"https:\/\/serveiseducatius.xtec.cat\/riberadebre\/wp-json\/wp\/v2\/posts\/12795\/revisions\/12797"}],"wp:featuredmedia":[{"embeddable":true,"href":"https:\/\/serveiseducatius.xtec.cat\/riberadebre\/wp-json\/wp\/v2\/media\/12796"}],"wp:attachment":[{"href":"https:\/\/serveiseducatius.xtec.cat\/riberadebre\/wp-json\/wp\/v2\/media?parent=12795"}],"wp:term":[{"taxonomy":"category","embeddable":true,"href":"https:\/\/serveiseducatius.xtec.cat\/riberadebre\/wp-json\/wp\/v2\/categories?post=12795"},{"taxonomy":"post_tag","embeddable":true,"href":"https:\/\/serveiseducatius.xtec.cat\/riberadebre\/wp-json\/wp\/v2\/tags?post=12795"}],"curies":[{"name":"wp","href":"https:\/\/api.w.org\/{rel}","templated":true}]}}