{"id":12153,"date":"2020-07-02T08:44:40","date_gmt":"2020-07-02T06:44:40","guid":{"rendered":"http:\/\/serveiseducatius.xtec.cat\/riberadebre\/?p=12153"},"modified":"2021-06-21T10:06:26","modified_gmt":"2021-06-21T08:06:26","slug":"conferencia-laboratori-de-matematiques-una-maleta-i-un-viatge-amb-jordi-marti","status":"publish","type":"post","link":"https:\/\/serveiseducatius.xtec.cat\/riberadebre\/general\/conferencia-laboratori-de-matematiques-una-maleta-i-un-viatge-amb-jordi-marti\/","title":{"rendered":"Confer\u00e8ncia Laboratori de Matem\u00e0tiques &#8220;UNA MALETA I UN VIATGE&#8221;  amb Jordi Font"},"content":{"rendered":"<p>Dimarts 30 de juny es va iniciar la formaci\u00f3 de <strong>LABORATORI DE MATEM\u00c0TIQUES<\/strong> amb la presentaci\u00f3 de les maletes que s&#8217;han preparat des del <a href=\"https:\/\/sites.google.com\/xtec.cat\/cesire-matematiques-campanyes\/inici\" target=\"_blank\" rel=\"noopener noreferrer\">CESIRE<\/a> \/\/ <a href=\"https:\/\/sites.google.com\/xtec.cat\/cesire-matematiques-campanyes\/laboratori-de-matem%C3%A0tiques\" target=\"_blank\" rel=\"noopener noreferrer\">CAMPANYA DE LABORATORI DE MATEM\u00c0TIQUES<\/a>.<\/p>\n<p>L&#8217;activitat central de la jornada va ser la CONFER\u00c8NCIA<strong> &#8220;UNA MALETA I UN VIATGE&#8221;<\/strong> a c\u00e0rrec de JORDI FONT. Professor de matem\u00e0tiques a l<b>&#8216; <\/b><a href=\"https:\/\/agora.xtec.cat\/insbaixamar\/\"><b>Institut Baix a Mar<\/b><\/a><b>. <\/b>Forma part del Grup <a href=\"http:\/\/www.ub.edu\/cubic\/\"><b>C\u00daBIC<\/b><\/a><b>. <\/b>Bloc <b><a href=\"http:\/\/matematiquesmarines.blogspot.com\/\">MATEM\u00c0TIQUES MARINES<\/a>.\u00a0<\/b>En Jordi Font va tenir de professor <span style=\"font-weight: 400;\">a <\/span><a href=\"http:\/\/www.xtec.cat\/~aaubanel\/\"><b>l\u2019Anton Aubanell <\/b><\/a>el seu gran referent.<\/p>\n<p>Us hem preparat un resum-extracte de la confer\u00e8ncia:<\/p>\n<p><b>METODOLOGIA. 12 IDEES I 8 REFLEXIONS FINALS.<\/b><span style=\"font-weight: 400;\"> Basat en materials de l\u2019Anton Aubanell.\u00a0<\/span><\/p>\n<p><b>12 IDEES\u00a0<\/b><\/p>\n<ol>\n<li style=\"font-weight: 400;\"><b>El recurs= material+ activitat. <\/b><span style=\"font-weight: 400;\">En el moment que posem una activitat al material, tenim un recurs. <\/span><span style=\"font-weight: 400;\"><strong>Recurs= material+ activitat+ actitud+ gesti\u00f3 de l\u2019imprevist<\/strong>. Hem de d<\/span><span style=\"font-weight: 400;\">onar temps a l\u2019alumnat per fer preguntes despr\u00e9s del silenci&#8230;i trobar m\u00e9s solucions.\u00a0<\/span><span style=\"font-weight: 400;\">Cal una conversa amb el material: contingut matem\u00e0tic+ aspectes did\u00e0ctics<\/span><\/li>\n<li style=\"font-weight: 400;\"><b>JOCS<\/b><span style=\"font-weight: 400;\">. Sovint pensem que a la classe de matem\u00e0tiques podem jugar (<\/span><a href=\"https:\/\/www.vilaweb.cat\/etiqueta\/jocs-destar-per-casa\/\"><span style=\"font-weight: 400;\">Vilaweb, Joan Deulofeu, Jocs per estar per casa, jocs amb materials senzills<\/span><\/a><span style=\"font-weight: 400;\">). Si nom\u00e9s juguem, no fem matem\u00e0tiques. Si fem pensar\u00a0 i reflexionar, pensar&#8230;ja fem matem\u00e0tiques.\u00a0<\/span><\/li>\n<li style=\"font-weight: 400;\"><b>Els RECURSOS neixen, creixen, es reprodueixen i moren quan els alumnes els deixen de necessitar<\/b><span style=\"font-weight: 400;\">. Si en un moment determinat els tornen a necessitar, els fem ressuscitar.\u00a0<\/span><\/li>\n<li style=\"font-weight: 400;\"><b>Les activitats d\u2019experimentaci\u00f3\u00a0 i recursos tecnol\u00f2gics es complementen molt b\u00e9.<\/b><span style=\"font-weight: 400;\"> Una mateixa activitat la podem fer amb material manipulatiu i amb una aplicaci\u00f3 (<\/span><a href=\"https:\/\/www.geogebra.org\/?lang=ca\"><b>GeoGebra<\/b><\/a><span style=\"font-weight: 400;\">). <\/span><b>Cal donar temps i guardar silenci!<\/b><span style=\"font-weight: 400;\"> (recurs <\/span><a href=\"https:\/\/www.geogebra.org\/\"><b>GEOGEBRA<\/b><\/a><span style=\"font-weight: 400;\">&#8211; <\/span><a href=\"https:\/\/www.geogebra.org\/m\/scuk6ga4\"><b>PUZZLE DEL TIGER<\/b><\/a><span style=\"font-weight: 400;\">).\u00a0<\/span><\/li>\n<li><span style=\"font-weight: 400;\">Un <\/span><b>trajecte especialment ric<\/b><span style=\"font-weight: 400;\">: experimentar, descobrir, posar paraules a la idea, formalitzar i\/o demostrar (si cal). <\/span><i><span style=\"font-weight: 400;\">\u00a0<\/span><\/i><span style=\"font-weight: 400;\">Partim d\u2019un<\/span> <span style=\"font-weight: 400;\">punt b\u00e0sic i poc a poc ho anem complementant, segons demanda i interessos de l\u2019alumnat.\u00a0<\/span><\/li>\n<li style=\"font-weight: 400;\"><b>Les activitats d\u2019experimentaci\u00f3, no trivialitzem, al contrari, permeten treballar continguts avan\u00e7ats i cultivar l\u2019abstracci\u00f3.<\/b><span style=\"font-weight: 400;\"> (*tirada dau, <\/span><a href=\"https:\/\/www.nordicalibros.com\/product\/y-me-llevo-una\/\"><b>Y me llevo una<\/b><\/a> <span style=\"font-weight: 400;\">)<\/span><span style=\"font-weight: 400;\">. <\/span><\/li>\n<li style=\"font-weight: 400;\"><span style=\"font-weight: 400;\">Hem d\u2019activar les ganes de descobrir<\/span><span style=\"font-weight: 400;\">. <\/span><\/li>\n<li style=\"font-weight: 400;\"><b style=\"font-family: inherit; font-size: 1em;\">Si els recursos s\u00f3n potents i ens ho permeten, hem d\u2019avan\u00e7ar.<\/b><\/li>\n<li style=\"font-weight: 400;\"><b>Les activitat d\u2019experimentaci\u00f3 han d\u2019apar\u00e8ixer de manera natural<\/b><span style=\"font-weight: 400;\">.\u00a0<\/span><\/li>\n<li style=\"font-weight: 400;\"><b>Les activitats d\u2019experimentaci\u00f3 han de deixar &#8220;rastre&#8221;<\/b><span style=\"font-weight: 400;\"> (han de quedar evid\u00e8ncies, ha de quedar const\u00e0ncia: entrada al bloc, fitxa, redacci\u00f3,&#8230;)\u00a0<\/span><\/li>\n<li style=\"font-weight: 400;\"><span style=\"font-weight: 400;\">Les activitats han de tenir pres\u00e8ncia a l\u2019avaluaci\u00f3. <\/span><i><span style=\"font-weight: 400;\">*Diagrama de 12 idees metodol\u00f2giques (pentagrama) del que \u00e9s programar<\/span><\/i><span style=\"font-weight: 400;\">.<\/span><\/li>\n<li style=\"font-weight: 400;\"><b>El gran recurs \u00e9s l\u2019emoci\u00f3!\u00a0<\/b><\/li>\n<\/ol>\n<p>&nbsp;<\/p>\n<p><a href=\"https:\/\/serveiseducatius.xtec.cat\/riberadebre\/wp-content\/uploads\/usu1126\/2020\/07\/baixa.jpg\"><img loading=\"lazy\" decoding=\"async\" class=\"alignnone wp-image-12154\" src=\"https:\/\/serveiseducatius.xtec.cat\/riberadebre\/wp-content\/uploads\/usu1126\/2020\/07\/baixa.jpg\" alt=\"\" width=\"237\" height=\"150\" \/><\/a><\/p>\n<p><b>8\u00a0 REFLEXIONS FINALS<\/b><\/p>\n<ol>\n<li style=\"font-weight: 400;\"><span style=\"font-weight: 400;\">Tothom utilitzem recursos i hem d\u2019anar incorporant de nous, sense pressa i sense pausa.\u00a0<\/span><\/li>\n<li style=\"font-weight: 400;\"><span style=\"font-weight: 400;\">Tothom tenim el nostre estil: cal fer-nos-ho nostre, ens hem de sentir a gust.\u00a0<\/span><\/li>\n<li style=\"font-weight: 400;\"><span style=\"font-weight: 400;\">El primer criteri per escollir un recurs: que ens agradi a nosaltres.<\/span><\/li>\n<li style=\"font-weight: 400;\"><span style=\"font-weight: 400;\">No esperem que a la primera vagi b\u00e9 ni que l\u2019alumnat reaccioni b\u00e9 a la primera.\u00a0<\/span><\/li>\n<li style=\"font-weight: 400;\"><span style=\"font-weight: 400;\">Vetlleu per crear condicions de contorn i tenir cura d\u2019equip, materials, documentaci\u00f3, que els espais siguin adequats&#8230;<\/span><\/li>\n<li style=\"font-weight: 400;\"><span style=\"font-weight: 400;\">No ens angoixem per la nostra forma de caminar (no volgu\u00e9ssim caminar igual que els altres) , el que no podem fer estar aturats.\u00a0<\/span><\/li>\n<li style=\"font-weight: 400;\"><span style=\"font-weight: 400;\">Compartim recursos entre els companys.\u00a0<\/span><\/li>\n<li style=\"font-weight: 400;\"><span style=\"font-weight: 400;\">Posem entusiasme. L\u2019entusiasme \u00e9s com l\u2019oli a les amanides!\u00a0<\/span><\/li>\n<\/ol>\n<p>Podeu accedir al v\u00eddeo de la confer\u00e8ncia&#8230;<a href=\"https:\/\/www.youtube.com\/watch?v=2aAeZw6PJ-g\" target=\"_blank\" rel=\"noopener noreferrer\">aqu\u00ed\u00a0<\/a><\/p>\n","protected":false},"excerpt":{"rendered":"<p>Dimarts 30 de juny es va iniciar la formaci\u00f3 de LABORATORI DE MATEM\u00c0TIQUES amb la presentaci\u00f3 de les maletes que s&#8217;han preparat des del CESIRE \/\/ CAMPANYA DE LABORATORI DE MATEM\u00c0TIQUES. L&#8217;activitat central de la jornada va ser la CONFER\u00c8NCIA &#8220;UNA MALETA I UN VIATGE&#8221; a c\u00e0rrec de JORDI FONT. Professor de matem\u00e0tiques a l&#8216; [&hellip;]<\/p>\n","protected":false},"author":9,"featured_media":12154,"comment_status":"open","ping_status":"closed","sticky":false,"template":"","format":"standard","meta":{"_bbp_topic_count":0,"_bbp_reply_count":0,"_bbp_total_topic_count":0,"_bbp_total_reply_count":0,"_bbp_voice_count":0,"_bbp_anonymous_reply_count":0,"_bbp_topic_count_hidden":0,"_bbp_reply_count_hidden":0,"_bbp_forum_subforum_count":0,"site-sidebar-layout":"default","site-content-layout":"","ast-site-content-layout":"","site-content-style":"default","site-sidebar-style":"default","ast-global-header-display":"","ast-banner-title-visibility":"","ast-main-header-display":"","ast-hfb-above-header-display":"","ast-hfb-below-header-display":"","ast-hfb-mobile-header-display":"","site-post-title":"","ast-breadcrumbs-content":"","ast-featured-img":"","footer-sml-layout":"","theme-transparent-header-meta":"","adv-header-id-meta":"","stick-header-meta":"","header-above-stick-meta":"","header-main-stick-meta":"","header-below-stick-meta":"","astra-migrate-meta-layouts":"default","ast-page-background-enabled":"default","ast-page-background-meta":{"desktop":{"background-color":"var(--ast-global-color-4)","background-image":"","background-repeat":"repeat","background-position":"center center","background-size":"auto","background-attachment":"scroll","background-type":"","background-media":"","overlay-type":"","overlay-color":"","overlay-opacity":"","overlay-gradient":""},"tablet":{"background-color":"","background-image":"","background-repeat":"repeat","background-position":"center center","background-size":"auto","background-attachment":"scroll","background-type":"","background-media":"","overlay-type":"","overlay-color":"","overlay-opacity":"","overlay-gradient":""},"mobile":{"background-color":"","background-image":"","background-repeat":"repeat","background-position":"center center","background-size":"auto","background-attachment":"scroll","background-type":"","background-media":"","overlay-type":"","overlay-color":"","overlay-opacity":"","overlay-gradient":""}},"ast-content-background-meta":{"desktop":{"background-color":"var(--ast-global-color-5)","background-image":"","background-repeat":"repeat","background-position":"center center","background-size":"auto","background-attachment":"scroll","background-type":"","background-media":"","overlay-type":"","overlay-color":"","overlay-opacity":"","overlay-gradient":""},"tablet":{"background-color":"var(--ast-global-color-5)","background-image":"","background-repeat":"repeat","background-position":"center center","background-size":"auto","background-attachment":"scroll","background-type":"","background-media":"","overlay-type":"","overlay-color":"","overlay-opacity":"","overlay-gradient":""},"mobile":{"background-color":"var(--ast-global-color-5)","background-image":"","background-repeat":"repeat","background-position":"center center","background-size":"auto","background-attachment":"scroll","background-type":"","background-media":"","overlay-type":"","overlay-color":"","overlay-opacity":"","overlay-gradient":""}},"footnotes":""},"categories":[1011,318,619,65,308,154,618,296,1,310,504,766,156,708,29,76],"tags":[704,290,226,740,581,41,734],"class_list":["post-12153","post","type-post","status-publish","format-standard","has-post-thumbnail","hentry","category-ambit-matematic","category-cesire","category-cesire-2","category-crp","category-escoles","category-formacio","category-formacio-professorat-on-line","category-full-novetats-crp","category-general","category-institut","category-jornades","category-laboratori-de-matematiques","category-materials-de-formacio","category-novetats-mediateca-crp-juny-2020","category-portada","category-recursos","tag-cesire","tag-conferencies","tag-formacio","tag-laboratori-de-matematiques","tag-maleta-pedagogica","tag-matematiques","tag-videoconferencies"],"post_mailing_queue_ids":[],"_links":{"self":[{"href":"https:\/\/serveiseducatius.xtec.cat\/riberadebre\/wp-json\/wp\/v2\/posts\/12153","targetHints":{"allow":["GET"]}}],"collection":[{"href":"https:\/\/serveiseducatius.xtec.cat\/riberadebre\/wp-json\/wp\/v2\/posts"}],"about":[{"href":"https:\/\/serveiseducatius.xtec.cat\/riberadebre\/wp-json\/wp\/v2\/types\/post"}],"author":[{"embeddable":true,"href":"https:\/\/serveiseducatius.xtec.cat\/riberadebre\/wp-json\/wp\/v2\/users\/9"}],"replies":[{"embeddable":true,"href":"https:\/\/serveiseducatius.xtec.cat\/riberadebre\/wp-json\/wp\/v2\/comments?post=12153"}],"version-history":[{"count":3,"href":"https:\/\/serveiseducatius.xtec.cat\/riberadebre\/wp-json\/wp\/v2\/posts\/12153\/revisions"}],"predecessor-version":[{"id":12163,"href":"https:\/\/serveiseducatius.xtec.cat\/riberadebre\/wp-json\/wp\/v2\/posts\/12153\/revisions\/12163"}],"wp:featuredmedia":[{"embeddable":true,"href":"https:\/\/serveiseducatius.xtec.cat\/riberadebre\/wp-json\/wp\/v2\/media\/12154"}],"wp:attachment":[{"href":"https:\/\/serveiseducatius.xtec.cat\/riberadebre\/wp-json\/wp\/v2\/media?parent=12153"}],"wp:term":[{"taxonomy":"category","embeddable":true,"href":"https:\/\/serveiseducatius.xtec.cat\/riberadebre\/wp-json\/wp\/v2\/categories?post=12153"},{"taxonomy":"post_tag","embeddable":true,"href":"https:\/\/serveiseducatius.xtec.cat\/riberadebre\/wp-json\/wp\/v2\/tags?post=12153"}],"curies":[{"name":"wp","href":"https:\/\/api.w.org\/{rel}","templated":true}]}}