{"id":11843,"date":"2020-06-01T09:14:27","date_gmt":"2020-06-01T07:14:27","guid":{"rendered":"http:\/\/serveiseducatius.xtec.cat\/riberadebre\/?p=11843"},"modified":"2020-06-18T11:55:54","modified_gmt":"2020-06-18T09:55:54","slug":"escolta-activa-per-al-retrobament-als-centres-docents","status":"publish","type":"post","link":"https:\/\/serveiseducatius.xtec.cat\/riberadebre\/portada\/escolta-activa-per-al-retrobament-als-centres-docents\/","title":{"rendered":"Escolta activa per al retrobament als centres docents"},"content":{"rendered":"<p>Des de l&#8217;acompanyament emocional, passant per consensuar noves estrat\u00e8gies metodol\u00f2giques, fins la cohesi\u00f3 de grup i el treball en xarxa.<\/p>\n<p>Una infografia molt clara, acompanyada d&#8217;un formulari per als docents i una guia d&#8217;aprofitament.<\/p>\n<p>Des del Servei Educatiu del Segri\u00e0 a la jornada de direccions de CRPs de Catalunya.<\/p>\n<p>Segur que podrem agafar idees per al retrobament aquest mes de juny!<\/p>\n<p><a href=\"https:\/\/drive.google.com\/file\/d\/1qYf2ocmoShFszz86gBJ41Gw8yGssqhej\/view\"><img loading=\"lazy\" decoding=\"async\" class=\"alignnone size-full wp-image-11844\" src=\"https:\/\/serveiseducatius.xtec.cat\/riberadebre\/wp-content\/uploads\/usu1126\/2020\/05\/Dec\u00e0leg-retornada.jpg\" alt=\"\" width=\"615\" height=\"569\" srcset=\"https:\/\/serveiseducatius.xtec.cat\/riberadebre\/wp-content\/uploads\/usu1126\/2020\/05\/Dec\u00e0leg-retornada.jpg 615w, https:\/\/serveiseducatius.xtec.cat\/riberadebre\/wp-content\/uploads\/usu1126\/2020\/05\/Dec\u00e0leg-retornada-300x278.jpg 300w\" sizes=\"auto, (max-width: 615px) 100vw, 615px\" \/><\/a><\/p>\n<p>&nbsp;<\/p>\n<p>M\u00e9s informaci\u00f3 <a href=\"http:\/\/www.sesegria.cat\/una-proposta-orientada-al-retorn-dels-docents-als-centres\" target=\"_blank\" rel=\"noopener noreferrer\">aqu\u00ed.<\/a><\/p>\n","protected":false},"excerpt":{"rendered":"<p>Des de l&#8217;acompanyament emocional, passant per consensuar noves estrat\u00e8gies metodol\u00f2giques, fins la cohesi\u00f3 de grup i el treball en xarxa. Una infografia molt clara, acompanyada d&#8217;un formulari per als docents i una guia d&#8217;aprofitament. Des del Servei Educatiu del Segri\u00e0 a la jornada de direccions de CRPs de Catalunya. Segur que podrem agafar idees per [&hellip;]<\/p>\n","protected":false},"author":3,"featured_media":11844,"comment_status":"open","ping_status":"closed","sticky":false,"template":"","format":"standard","meta":{"_bbp_topic_count":0,"_bbp_reply_count":0,"_bbp_total_topic_count":0,"_bbp_total_reply_count":0,"_bbp_voice_count":0,"_bbp_anonymous_reply_count":0,"_bbp_topic_count_hidden":0,"_bbp_reply_count_hidden":0,"_bbp_forum_subforum_count":0,"site-sidebar-layout":"default","site-content-layout":"","ast-site-content-layout":"","site-content-style":"default","site-sidebar-style":"default","ast-global-header-display":"","ast-banner-title-visibility":"","ast-main-header-display":"","ast-hfb-above-header-display":"","ast-hfb-below-header-display":"","ast-hfb-mobile-header-display":"","site-post-title":"","ast-breadcrumbs-content":"","ast-featured-img":"","footer-sml-layout":"","theme-transparent-header-meta":"","adv-header-id-meta":"","stick-header-meta":"","header-above-stick-meta":"","header-main-stick-meta":"","header-below-stick-meta":"","astra-migrate-meta-layouts":"default","ast-page-background-enabled":"default","ast-page-background-meta":{"desktop":{"background-color":"var(--ast-global-color-4)","background-image":"","background-repeat":"repeat","background-position":"center center","background-size":"auto","background-attachment":"scroll","background-type":"","background-media":"","overlay-type":"","overlay-color":"","overlay-opacity":"","overlay-gradient":""},"tablet":{"background-color":"","background-image":"","background-repeat":"repeat","background-position":"center center","background-size":"auto","background-attachment":"scroll","background-type":"","background-media":"","overlay-type":"","overlay-color":"","overlay-opacity":"","overlay-gradient":""},"mobile":{"background-color":"","background-image":"","background-repeat":"repeat","background-position":"center center","background-size":"auto","background-attachment":"scroll","background-type":"","background-media":"","overlay-type":"","overlay-color":"","overlay-opacity":"","overlay-gradient":""}},"ast-content-background-meta":{"desktop":{"background-color":"var(--ast-global-color-5)","background-image":"","background-repeat":"repeat","background-position":"center center","background-size":"auto","background-attachment":"scroll","background-type":"","background-media":"","overlay-type":"","overlay-color":"","overlay-opacity":"","overlay-gradient":""},"tablet":{"background-color":"var(--ast-global-color-5)","background-image":"","background-repeat":"repeat","background-position":"center center","background-size":"auto","background-attachment":"scroll","background-type":"","background-media":"","overlay-type":"","overlay-color":"","overlay-opacity":"","overlay-gradient":""},"mobile":{"background-color":"var(--ast-global-color-5)","background-image":"","background-repeat":"repeat","background-position":"center center","background-size":"auto","background-attachment":"scroll","background-type":"","background-media":"","overlay-type":"","overlay-color":"","overlay-opacity":"","overlay-gradient":""}},"footnotes":""},"categories":[651,633,660,65,667,668,308,296,650,680,682,29,76,700],"tags":[],"class_list":["post-11843","post","type-post","status-publish","format-standard","has-post-thumbnail","hentry","category-acompanyament","category-centres-educatius-en-linia","category-compartim-emocions","category-crp","category-educacio-emocional","category-educacio-primaria","category-escoles","category-full-novetats-crp","category-infografia","category-novetats-mediateca-crp-maig-2020","category-orientacions-se-ribera-centres","category-portada","category-recursos","category-retrobament"],"post_mailing_queue_ids":[],"_links":{"self":[{"href":"https:\/\/serveiseducatius.xtec.cat\/riberadebre\/wp-json\/wp\/v2\/posts\/11843","targetHints":{"allow":["GET"]}}],"collection":[{"href":"https:\/\/serveiseducatius.xtec.cat\/riberadebre\/wp-json\/wp\/v2\/posts"}],"about":[{"href":"https:\/\/serveiseducatius.xtec.cat\/riberadebre\/wp-json\/wp\/v2\/types\/post"}],"author":[{"embeddable":true,"href":"https:\/\/serveiseducatius.xtec.cat\/riberadebre\/wp-json\/wp\/v2\/users\/3"}],"replies":[{"embeddable":true,"href":"https:\/\/serveiseducatius.xtec.cat\/riberadebre\/wp-json\/wp\/v2\/comments?post=11843"}],"version-history":[{"count":2,"href":"https:\/\/serveiseducatius.xtec.cat\/riberadebre\/wp-json\/wp\/v2\/posts\/11843\/revisions"}],"predecessor-version":[{"id":11849,"href":"https:\/\/serveiseducatius.xtec.cat\/riberadebre\/wp-json\/wp\/v2\/posts\/11843\/revisions\/11849"}],"wp:featuredmedia":[{"embeddable":true,"href":"https:\/\/serveiseducatius.xtec.cat\/riberadebre\/wp-json\/wp\/v2\/media\/11844"}],"wp:attachment":[{"href":"https:\/\/serveiseducatius.xtec.cat\/riberadebre\/wp-json\/wp\/v2\/media?parent=11843"}],"wp:term":[{"taxonomy":"category","embeddable":true,"href":"https:\/\/serveiseducatius.xtec.cat\/riberadebre\/wp-json\/wp\/v2\/categories?post=11843"},{"taxonomy":"post_tag","embeddable":true,"href":"https:\/\/serveiseducatius.xtec.cat\/riberadebre\/wp-json\/wp\/v2\/tags?post=11843"}],"curies":[{"name":"wp","href":"https:\/\/api.w.org\/{rel}","templated":true}]}}