{"id":11809,"date":"2020-05-20T18:00:25","date_gmt":"2020-05-20T16:00:25","guid":{"rendered":"http:\/\/serveiseducatius.xtec.cat\/riberadebre\/?p=11809"},"modified":"2020-05-25T23:05:41","modified_gmt":"2020-05-25T21:05:41","slug":"codocencia","status":"publish","type":"post","link":"https:\/\/serveiseducatius.xtec.cat\/riberadebre\/portada\/codocencia\/","title":{"rendered":"Codoc\u00e8ncia"},"content":{"rendered":"<p><em><strong>DOCE\u0300NCIA COMPARTIDA,\u00a0 APRENDRE JUNTS ALUMNES I MESTRES.<\/strong><\/em><\/p>\n<p>Aquest \u00e9s el t\u00edtol de la xerrada virtual que ens va oferir S\u00edlvia Armengol, companya del SE-EAP del Baix Ebre amb un col\u00b7loqui posterior que vam realitzar des del <a href=\"https:\/\/serveiseducatius.xtec.cat\/riberadebre\/portada\/seminari-de-caps-destudi-de-primaria-ribera-debre\/\" target=\"_blank\" rel=\"noopener noreferrer\">seminari de caps d&#8217;estudis de prim\u00e0ria de la Ribera d&#8217;Ebre<\/a> i el CRP, obert tamb\u00e9 a altres docents i professionals de Serveis Educatius.<\/p>\n<p>Una sessi\u00f3 molt enriquidora per introduir <span style=\"font-weight: 400;\">diverses maneres d\u2019organitzar la doc\u00e8ncia compartida i l&#8217;atenci\u00f3 a la diversitat com poden ser:<\/span><\/p>\n<p>1. Dos docents amb lideratge diferent dins l&#8217;aula.<br \/>\n2. Dos docents amb el mateix lideratge que es distribueixen els agrupaments de maneres diferents.<br \/>\n3. Dos docents que treballen en equip amb tot el grup classe.<\/p>\n<p>Planificant la tasca docent (objectiu, feina que farem abans, durant i despr\u00e9s, rols, criteris i indicadors d&#8217;avaluaci\u00f3)<\/p>\n<p>On cal tamb\u00e9 definir el rol de l&#8217;alumnat:<\/p>\n<p style=\"padding-left: 40px;\">\u25cf Grau d&#8217; Autonomia<br \/>\n\u25cf Participaci\u00f3<br \/>\n\u25cf Grau d\u2019implicaci\u00f3<br \/>\n\u25cf Relacions entre companys<br \/>\n\u25cf Oportunitats de rebre suport.<\/p>\n<p>Es van mostrar estrat\u00e8gies per iniciar la Doc\u00e8ncia Compartida als centres promovent sessions de sensibilitzaci\u00f3 al claustre i planificant-ho en moments puntuals que es prioritzen dins el Pla Anual del centre.<\/p>\n<p>Tot dins una cultura de centre col\u00b7laborativa i de comunitat professional d&#8217;aprenentatge.<\/p>\n<p>Aquesta sessi\u00f3 ja estava prevista dins el PFZ i es va reconvertir en format virtual.<\/p>\n<p><strong><a href=\"https:\/\/www.youtube.com\/watch?v=Co4wHFJhnoM&amp;feature=emb_logo\" target=\"_blank\" rel=\"noopener noreferrer\">V\u00eddeo introductori<\/a><\/strong> del Grup de Recerca sobre Aprenentatge entre Iguals (GRAI) de la UAB coordinat per David Duran.<\/p>\n<p><a href=\"http:\/\/grupsderecerca.uab.cat\/grai\/sites\/grupsderecerca.uab.cat.grai\/files\/video_docencia_compartida_grai_guia_didactica.pdf\" target=\"_blank\" rel=\"noopener noreferrer\">Consulteu aqu\u00ed la guia sobre aquest v\u00eddeo.<\/a><\/p>\n<p>Altres recursos:<\/p>\n<p><a href=\"http:\/\/grupsderecerca.uab.cat\/grai\/content\/aprenentatge-entre-professors\" target=\"_blank\" rel=\"noopener noreferrer\">\u00a0 \u00a0 \u00a0 \u00a0 \u00a0 -GRAI<\/a><\/p>\n<p>-Web <strong>Doc\u00e8ncia Compartida<\/strong> de <a href=\"https:\/\/sites.google.com\/a\/xtec.cat\/thuguet\/\" target=\"_blank\" rel=\"noopener noreferrer\">Teresa Huguet<\/a><\/p>\n<p>Altres articles relacionats:<\/p>\n<p>&#8211;<em><strong>Observaci\u00f3 entre iguals<\/strong><\/em> de l&#8217;Escola Llu\u00eds Vi\u00f1as dins la Xarxa de Compet\u00e8ncies B\u00e0siques, <a href=\"https:\/\/serveiseducatius.xtec.cat\/riberadebre\/portada\/observacio-entre-iguals-codocencia\/\" target=\"_blank\" rel=\"noopener noreferrer\">clicant aqu\u00ed.<\/a><\/p>\n","protected":false},"excerpt":{"rendered":"<p>DOCE\u0300NCIA COMPARTIDA,\u00a0 APRENDRE JUNTS ALUMNES I MESTRES. Aquest \u00e9s el t\u00edtol de la xerrada virtual que ens va oferir S\u00edlvia Armengol, companya del SE-EAP del Baix Ebre amb un col\u00b7loqui posterior que vam realitzar des del seminari de caps d&#8217;estudis de prim\u00e0ria de la Ribera d&#8217;Ebre i el CRP, obert tamb\u00e9 a altres docents i [&hellip;]<\/p>\n","protected":false},"author":3,"featured_media":11823,"comment_status":"open","ping_status":"closed","sticky":false,"template":"","format":"standard","meta":{"_bbp_topic_count":0,"_bbp_reply_count":0,"_bbp_total_topic_count":0,"_bbp_total_reply_count":0,"_bbp_voice_count":0,"_bbp_anonymous_reply_count":0,"_bbp_topic_count_hidden":0,"_bbp_reply_count_hidden":0,"_bbp_forum_subforum_count":0,"site-sidebar-layout":"default","site-content-layout":"","ast-site-content-layout":"","site-content-style":"default","site-sidebar-style":"default","ast-global-header-display":"","ast-banner-title-visibility":"","ast-main-header-display":"","ast-hfb-above-header-display":"","ast-hfb-below-header-display":"","ast-hfb-mobile-header-display":"","site-post-title":"","ast-breadcrumbs-content":"","ast-featured-img":"","footer-sml-layout":"","theme-transparent-header-meta":"","adv-header-id-meta":"","stick-header-meta":"","header-above-stick-meta":"","header-main-stick-meta":"","header-below-stick-meta":"","astra-migrate-meta-layouts":"default","ast-page-background-enabled":"default","ast-page-background-meta":{"desktop":{"background-color":"var(--ast-global-color-4)","background-image":"","background-repeat":"repeat","background-position":"center center","background-size":"auto","background-attachment":"scroll","background-type":"","background-media":"","overlay-type":"","overlay-color":"","overlay-opacity":"","overlay-gradient":""},"tablet":{"background-color":"","background-image":"","background-repeat":"repeat","background-position":"center center","background-size":"auto","background-attachment":"scroll","background-type":"","background-media":"","overlay-type":"","overlay-color":"","overlay-opacity":"","overlay-gradient":""},"mobile":{"background-color":"","background-image":"","background-repeat":"repeat","background-position":"center center","background-size":"auto","background-attachment":"scroll","background-type":"","background-media":"","overlay-type":"","overlay-color":"","overlay-opacity":"","overlay-gradient":""}},"ast-content-background-meta":{"desktop":{"background-color":"var(--ast-global-color-5)","background-image":"","background-repeat":"repeat","background-position":"center center","background-size":"auto","background-attachment":"scroll","background-type":"","background-media":"","overlay-type":"","overlay-color":"","overlay-opacity":"","overlay-gradient":""},"tablet":{"background-color":"var(--ast-global-color-5)","background-image":"","background-repeat":"repeat","background-position":"center center","background-size":"auto","background-attachment":"scroll","background-type":"","background-media":"","overlay-type":"","overlay-color":"","overlay-opacity":"","overlay-gradient":""},"mobile":{"background-color":"var(--ast-global-color-5)","background-image":"","background-repeat":"repeat","background-position":"center center","background-size":"auto","background-attachment":"scroll","background-type":"","background-media":"","overlay-type":"","overlay-color":"","overlay-opacity":"","overlay-gradient":""}},"footnotes":""},"categories":[633,65,668,661,154,618,296,632,504,156,63,680,153,29,76,663,497,643,702,325],"tags":[],"class_list":["post-11809","post","type-post","status-publish","format-standard","has-post-thumbnail","hentry","category-centres-educatius-en-linia","category-crp","category-educacio-primaria","category-escola-lluis-vinas","category-formacio","category-formacio-professorat-on-line","category-full-novetats-crp","category-jo-em-quedo-a-casa","category-jornades","category-materials-de-formacio","category-noticies","category-novetats-mediateca-crp-maig-2020","category-pfz","category-portada","category-recursos","category-recursos-que-comparteix-el-professorat","category-ribera-debre","category-ribera-docent","category-seminari-caps-destudi-ribera","category-xarxa-competencies-basiques"],"post_mailing_queue_ids":[],"_links":{"self":[{"href":"https:\/\/serveiseducatius.xtec.cat\/riberadebre\/wp-json\/wp\/v2\/posts\/11809","targetHints":{"allow":["GET"]}}],"collection":[{"href":"https:\/\/serveiseducatius.xtec.cat\/riberadebre\/wp-json\/wp\/v2\/posts"}],"about":[{"href":"https:\/\/serveiseducatius.xtec.cat\/riberadebre\/wp-json\/wp\/v2\/types\/post"}],"author":[{"embeddable":true,"href":"https:\/\/serveiseducatius.xtec.cat\/riberadebre\/wp-json\/wp\/v2\/users\/3"}],"replies":[{"embeddable":true,"href":"https:\/\/serveiseducatius.xtec.cat\/riberadebre\/wp-json\/wp\/v2\/comments?post=11809"}],"version-history":[{"count":4,"href":"https:\/\/serveiseducatius.xtec.cat\/riberadebre\/wp-json\/wp\/v2\/posts\/11809\/revisions"}],"predecessor-version":[{"id":11839,"href":"https:\/\/serveiseducatius.xtec.cat\/riberadebre\/wp-json\/wp\/v2\/posts\/11809\/revisions\/11839"}],"wp:featuredmedia":[{"embeddable":true,"href":"https:\/\/serveiseducatius.xtec.cat\/riberadebre\/wp-json\/wp\/v2\/media\/11823"}],"wp:attachment":[{"href":"https:\/\/serveiseducatius.xtec.cat\/riberadebre\/wp-json\/wp\/v2\/media?parent=11809"}],"wp:term":[{"taxonomy":"category","embeddable":true,"href":"https:\/\/serveiseducatius.xtec.cat\/riberadebre\/wp-json\/wp\/v2\/categories?post=11809"},{"taxonomy":"post_tag","embeddable":true,"href":"https:\/\/serveiseducatius.xtec.cat\/riberadebre\/wp-json\/wp\/v2\/tags?post=11809"}],"curies":[{"name":"wp","href":"https:\/\/api.w.org\/{rel}","templated":true}]}}