{"id":11799,"date":"2020-05-25T18:04:00","date_gmt":"2020-05-25T16:04:00","guid":{"rendered":"http:\/\/serveiseducatius.xtec.cat\/riberadebre\/?p=11799"},"modified":"2020-05-25T18:37:20","modified_gmt":"2020-05-25T16:37:20","slug":"alumne-guanyador-i-finalistes-del-ix-premi-treball-de-recerca-batxillerat-del-cere","status":"publish","type":"post","link":"https:\/\/serveiseducatius.xtec.cat\/riberadebre\/portada\/alumne-guanyador-i-finalistes-del-ix-premi-treball-de-recerca-batxillerat-del-cere\/","title":{"rendered":"ALUMNE GUANYADOR I FINALISTES DEL IX PREMI TREBALL DE RECERCA BATXILLERAT DEL CERE"},"content":{"rendered":"<p>L&#8217;alumne <strong><a href=\"https:\/\/agora.xtec.cat\/iesjulioantonio\/general\/ivan-grange-guanya-el-premi-tdr-sobre-la-ribera-debre-cere\/\" target=\"_blank\" rel=\"noopener noreferrer\">Ivan Grang\u00e9 Reina de l&#8217;Institut Julio Antonio de M\u00f3ra d&#8217;Ebre<\/a><\/strong> ha estat el guanyador del premi de la XI EDICI\u00d3 TREBALL DE RECERCA DE BATXILLERAT SOBRE LA RIBERA D&#8217;EBRE, convocat pel <strong><a href=\"http:\/\/www.riberadebre.org\/\" target=\"_blank\" rel=\"noopener noreferrer\">CERE<\/a><\/strong> (Centre d&#8217;Estudis de la Ribera d&#8217;Ebre).<\/p>\n<p>El treball <strong>ELS PRIMERS PASSOS DEL FRANQUISME A M\u00d3RA D&#8217;EBRE. ADMINISTRACI\u00d3, ECONOMIA I SOCIETAT<\/strong> ha estat tutoritzat pel professor Manolo Bobes.<\/p>\n<p>Han estat finalistes els treballs de l&#8217;alumnat de l&#8217;<a href=\"https:\/\/iesflix.cat\/\" target=\"_blank\" rel=\"noopener noreferrer\"><strong>Institut de Flix<\/strong><\/a>:<\/p>\n<ul>\n<li>40 ANYS D&#8217;ELECCIONS MUNICIPALS DEMOCR\u00c0TIQUES A RIBA-ROJA D&#8217;EBRE, de Pol Blad\u00e9 Puig tutoritzat per M\u00f2nica Llop.<\/li>\n<li>ASC\u00d3, OFICIS D&#8217;UN ALTRE TEMPS, de Blanca Morales Ribes tutoritzat per Biel Pubill.<\/li>\n<\/ul>\n<div class=\"gmail_default\">Enhorabona a l&#8217;alumnat i a l&#8217;equip docent implicat!<\/div>\n<div><\/div>\n<div><strong>Des de la web del CERE<\/strong> trobareu m\u00e9s informaci\u00f3 : <a href=\"http:\/\/www.riberadebre.org\/publicacions\/\" target=\"_blank\" rel=\"noopener noreferrer\">http:\/\/www.riberadebre.org\/publicacions\/<\/a><\/div>\n<div><\/div>\n<div><\/div>\n","protected":false},"excerpt":{"rendered":"<p>L&#8217;alumne Ivan Grang\u00e9 Reina de l&#8217;Institut Julio Antonio de M\u00f3ra d&#8217;Ebre ha estat el guanyador del premi de la XI EDICI\u00d3 TREBALL DE RECERCA DE BATXILLERAT SOBRE LA RIBERA D&#8217;EBRE, convocat pel CERE (Centre d&#8217;Estudis de la Ribera d&#8217;Ebre). El treball ELS PRIMERS PASSOS DEL FRANQUISME A M\u00d3RA D&#8217;EBRE. ADMINISTRACI\u00d3, ECONOMIA I SOCIETAT ha estat [&hellip;]<\/p>\n","protected":false},"author":9,"featured_media":11810,"comment_status":"open","ping_status":"closed","sticky":false,"template":"","format":"standard","meta":{"_bbp_topic_count":0,"_bbp_reply_count":0,"_bbp_total_topic_count":0,"_bbp_total_reply_count":0,"_bbp_voice_count":0,"_bbp_anonymous_reply_count":0,"_bbp_topic_count_hidden":0,"_bbp_reply_count_hidden":0,"_bbp_forum_subforum_count":0,"site-sidebar-layout":"default","site-content-layout":"","ast-site-content-layout":"","site-content-style":"default","site-sidebar-style":"default","ast-global-header-display":"","ast-banner-title-visibility":"","ast-main-header-display":"","ast-hfb-above-header-display":"","ast-hfb-below-header-display":"","ast-hfb-mobile-header-display":"","site-post-title":"","ast-breadcrumbs-content":"","ast-featured-img":"","footer-sml-layout":"","theme-transparent-header-meta":"","adv-header-id-meta":"","stick-header-meta":"","header-above-stick-meta":"","header-main-stick-meta":"","header-below-stick-meta":"","astra-migrate-meta-layouts":"default","ast-page-background-enabled":"default","ast-page-background-meta":{"desktop":{"background-color":"var(--ast-global-color-4)","background-image":"","background-repeat":"repeat","background-position":"center center","background-size":"auto","background-attachment":"scroll","background-type":"","background-media":"","overlay-type":"","overlay-color":"","overlay-opacity":"","overlay-gradient":""},"tablet":{"background-color":"","background-image":"","background-repeat":"repeat","background-position":"center center","background-size":"auto","background-attachment":"scroll","background-type":"","background-media":"","overlay-type":"","overlay-color":"","overlay-opacity":"","overlay-gradient":""},"mobile":{"background-color":"","background-image":"","background-repeat":"repeat","background-position":"center center","background-size":"auto","background-attachment":"scroll","background-type":"","background-media":"","overlay-type":"","overlay-color":"","overlay-opacity":"","overlay-gradient":""}},"ast-content-background-meta":{"desktop":{"background-color":"var(--ast-global-color-5)","background-image":"","background-repeat":"repeat","background-position":"center center","background-size":"auto","background-attachment":"scroll","background-type":"","background-media":"","overlay-type":"","overlay-color":"","overlay-opacity":"","overlay-gradient":""},"tablet":{"background-color":"var(--ast-global-color-5)","background-image":"","background-repeat":"repeat","background-position":"center center","background-size":"auto","background-attachment":"scroll","background-type":"","background-media":"","overlay-type":"","overlay-color":"","overlay-opacity":"","overlay-gradient":""},"mobile":{"background-color":"var(--ast-global-color-5)","background-image":"","background-repeat":"repeat","background-position":"center center","background-size":"auto","background-attachment":"scroll","background-type":"","background-media":"","overlay-type":"","overlay-color":"","overlay-opacity":"","overlay-gradient":""}},"footnotes":""},"categories":[676,65,638,296,701,665,63,680,29,334,620,497,643,670],"tags":[249,414,398,453],"class_list":["post-11799","post","type-post","status-publish","format-standard","has-post-thumbnail","hentry","category-alumnes","category-crp","category-felicitem-a","category-full-novetats-crp","category-institut-de-flix","category-institut-julio-antonio","category-noticies","category-novetats-mediateca-crp-maig-2020","category-portada","category-premis","category-recursos-en-linia-alumnat","category-ribera-debre","category-ribera-docent","category-secundaria","tag-batxillerat","tag-cere","tag-ribera-debre","tag-treball-de-recerca"],"post_mailing_queue_ids":[],"_links":{"self":[{"href":"https:\/\/serveiseducatius.xtec.cat\/riberadebre\/wp-json\/wp\/v2\/posts\/11799","targetHints":{"allow":["GET"]}}],"collection":[{"href":"https:\/\/serveiseducatius.xtec.cat\/riberadebre\/wp-json\/wp\/v2\/posts"}],"about":[{"href":"https:\/\/serveiseducatius.xtec.cat\/riberadebre\/wp-json\/wp\/v2\/types\/post"}],"author":[{"embeddable":true,"href":"https:\/\/serveiseducatius.xtec.cat\/riberadebre\/wp-json\/wp\/v2\/users\/9"}],"replies":[{"embeddable":true,"href":"https:\/\/serveiseducatius.xtec.cat\/riberadebre\/wp-json\/wp\/v2\/comments?post=11799"}],"version-history":[{"count":3,"href":"https:\/\/serveiseducatius.xtec.cat\/riberadebre\/wp-json\/wp\/v2\/posts\/11799\/revisions"}],"predecessor-version":[{"id":11819,"href":"https:\/\/serveiseducatius.xtec.cat\/riberadebre\/wp-json\/wp\/v2\/posts\/11799\/revisions\/11819"}],"wp:featuredmedia":[{"embeddable":true,"href":"https:\/\/serveiseducatius.xtec.cat\/riberadebre\/wp-json\/wp\/v2\/media\/11810"}],"wp:attachment":[{"href":"https:\/\/serveiseducatius.xtec.cat\/riberadebre\/wp-json\/wp\/v2\/media?parent=11799"}],"wp:term":[{"taxonomy":"category","embeddable":true,"href":"https:\/\/serveiseducatius.xtec.cat\/riberadebre\/wp-json\/wp\/v2\/categories?post=11799"},{"taxonomy":"post_tag","embeddable":true,"href":"https:\/\/serveiseducatius.xtec.cat\/riberadebre\/wp-json\/wp\/v2\/tags?post=11799"}],"curies":[{"name":"wp","href":"https:\/\/api.w.org\/{rel}","templated":true}]}}