{"id":11037,"date":"2020-02-28T10:33:19","date_gmt":"2020-02-28T09:33:19","guid":{"rendered":"http:\/\/serveiseducatius.xtec.cat\/riberadebre\/?p=11037"},"modified":"2021-02-07T19:32:36","modified_gmt":"2021-02-07T18:32:36","slug":"higiene-de-mans-2020","status":"publish","type":"post","link":"https:\/\/serveiseducatius.xtec.cat\/riberadebre\/general\/higiene-de-mans-2020\/","title":{"rendered":"HIGIENE DE MANS 2020"},"content":{"rendered":"<p>Des de l\u2019any 2012 es venen realitzant\u00a0 tallers interactius i un concurs de dibuix amb l\u2019alumnat de 1r\u00a0 de les escoles de Prim\u00e0ria, organitzats pels SSTT d\u2019Ensenyament i la Regi\u00f3 Sanit\u00e0ria de les Terres de l\u2019Ebre. Ja hem comen\u00e7at a organitzar les activitats del curs actual amb la recollida de dades de totes les escoles que volen participar, la confecci\u00f3 del tr\u00edptic i del cartell i la planificaci\u00f3 de les dates dels tallers a centre.<\/p>\n<p>A partir de la setmana vinent es duran a terme els tallers als centres educatius que hi participen, sota el lema <strong>RENTEM-NOS ELS MANS QUAN TOCA<\/strong>. Els tallers van a c\u00e0rrec de les infermeres de zona del grup Promoci\u00f3 d\u2019Higiene de Mans. Posteriorment es participa en el\u00a0 concurs de dibuix i, per \u00faltim, l\u2019entrega de premis del concurs al Consell Comarcal de la Ribera d\u2019Ebre coincidint amb el Dia Mundial de la Higiene de Mans, 5 de maig de 2020.<\/p>\n<p>Heu rebut les bases per correu electr\u00f2nic. Per qualsevol dubte poseu-vos en contacte amb el <strong>CRP RIBERA D&#8217;EBRE<\/strong> al 977402860 o a l&#8217;adre\u00e7a e3090108@xtec.cat<\/p>\n<p><a href=\"https:\/\/serveiseducatius.xtec.cat\/riberadebre\/wp-content\/uploads\/usu1126\/2020\/02\/tr\u00edptic-1.jpg\"><img loading=\"lazy\" decoding=\"async\" class=\"alignnone wp-image-11039\" src=\"https:\/\/serveiseducatius.xtec.cat\/riberadebre\/wp-content\/uploads\/usu1126\/2020\/02\/tr\u00edptic-1-1024x724.jpg\" alt=\"\" width=\"741\" height=\"524\" srcset=\"https:\/\/serveiseducatius.xtec.cat\/riberadebre\/wp-content\/uploads\/usu1126\/2020\/02\/tr\u00edptic-1-1024x724.jpg 1024w, https:\/\/serveiseducatius.xtec.cat\/riberadebre\/wp-content\/uploads\/usu1126\/2020\/02\/tr\u00edptic-1-300x212.jpg 300w, https:\/\/serveiseducatius.xtec.cat\/riberadebre\/wp-content\/uploads\/usu1126\/2020\/02\/tr\u00edptic-1-768x543.jpg 768w\" sizes=\"auto, (max-width: 741px) 100vw, 741px\" \/><\/a> <a href=\"https:\/\/serveiseducatius.xtec.cat\/riberadebre\/wp-content\/uploads\/usu1126\/2020\/02\/tr\u00edptic2.jpg\"><img loading=\"lazy\" decoding=\"async\" class=\"alignnone wp-image-11040\" src=\"https:\/\/serveiseducatius.xtec.cat\/riberadebre\/wp-content\/uploads\/usu1126\/2020\/02\/tr\u00edptic2-1024x724.jpg\" alt=\"\" width=\"706\" height=\"499\" srcset=\"https:\/\/serveiseducatius.xtec.cat\/riberadebre\/wp-content\/uploads\/usu1126\/2020\/02\/tr\u00edptic2-1024x724.jpg 1024w, https:\/\/serveiseducatius.xtec.cat\/riberadebre\/wp-content\/uploads\/usu1126\/2020\/02\/tr\u00edptic2-300x212.jpg 300w, https:\/\/serveiseducatius.xtec.cat\/riberadebre\/wp-content\/uploads\/usu1126\/2020\/02\/tr\u00edptic2-768x543.jpg 768w\" sizes=\"auto, (max-width: 706px) 100vw, 706px\" \/><\/a><\/p>\n<p>&nbsp;<\/p>\n","protected":false},"excerpt":{"rendered":"<p>Des de l\u2019any 2012 es venen realitzant\u00a0 tallers interactius i un concurs de dibuix amb l\u2019alumnat de 1r\u00a0 de les escoles de Prim\u00e0ria, organitzats pels SSTT d\u2019Ensenyament i la Regi\u00f3 Sanit\u00e0ria de les Terres de l\u2019Ebre. Ja hem comen\u00e7at a organitzar les activitats del curs actual amb la recollida de dades de totes les escoles [&hellip;]<\/p>\n","protected":false},"author":9,"featured_media":11038,"comment_status":"open","ping_status":"closed","sticky":false,"template":"","format":"standard","meta":{"_bbp_topic_count":0,"_bbp_reply_count":0,"_bbp_total_topic_count":0,"_bbp_total_reply_count":0,"_bbp_voice_count":0,"_bbp_anonymous_reply_count":0,"_bbp_topic_count_hidden":0,"_bbp_reply_count_hidden":0,"_bbp_forum_subforum_count":0,"site-sidebar-layout":"default","site-content-layout":"","ast-site-content-layout":"","site-content-style":"default","site-sidebar-style":"default","ast-global-header-display":"","ast-banner-title-visibility":"","ast-main-header-display":"","ast-hfb-above-header-display":"","ast-hfb-below-header-display":"","ast-hfb-mobile-header-display":"","site-post-title":"","ast-breadcrumbs-content":"","ast-featured-img":"","footer-sml-layout":"","theme-transparent-header-meta":"","adv-header-id-meta":"","stick-header-meta":"","header-above-stick-meta":"","header-main-stick-meta":"","header-below-stick-meta":"","astra-migrate-meta-layouts":"default","ast-page-background-enabled":"default","ast-page-background-meta":{"desktop":{"background-color":"var(--ast-global-color-4)","background-image":"","background-repeat":"repeat","background-position":"center center","background-size":"auto","background-attachment":"scroll","background-type":"","background-media":"","overlay-type":"","overlay-color":"","overlay-opacity":"","overlay-gradient":""},"tablet":{"background-color":"","background-image":"","background-repeat":"repeat","background-position":"center center","background-size":"auto","background-attachment":"scroll","background-type":"","background-media":"","overlay-type":"","overlay-color":"","overlay-opacity":"","overlay-gradient":""},"mobile":{"background-color":"","background-image":"","background-repeat":"repeat","background-position":"center center","background-size":"auto","background-attachment":"scroll","background-type":"","background-media":"","overlay-type":"","overlay-color":"","overlay-opacity":"","overlay-gradient":""}},"ast-content-background-meta":{"desktop":{"background-color":"var(--ast-global-color-5)","background-image":"","background-repeat":"repeat","background-position":"center center","background-size":"auto","background-attachment":"scroll","background-type":"","background-media":"","overlay-type":"","overlay-color":"","overlay-opacity":"","overlay-gradient":""},"tablet":{"background-color":"var(--ast-global-color-5)","background-image":"","background-repeat":"repeat","background-position":"center center","background-size":"auto","background-attachment":"scroll","background-type":"","background-media":"","overlay-type":"","overlay-color":"","overlay-opacity":"","overlay-gradient":""},"mobile":{"background-color":"var(--ast-global-color-5)","background-image":"","background-repeat":"repeat","background-position":"center center","background-size":"auto","background-attachment":"scroll","background-type":"","background-media":"","overlay-type":"","overlay-color":"","overlay-opacity":"","overlay-gradient":""}},"footnotes":""},"categories":[65,904,66,308,1,291,29,503],"tags":[327,555,221,369,45],"class_list":["post-11037","post","type-post","status-publish","format-standard","has-post-thumbnail","hentry","category-crp","category-diada","category-dinamitzacio","category-escoles","category-general","category-mans-netes","category-portada","category-salut","tag-concurs","tag-consell-comarcal-ribera-debre","tag-educacio-per-a-la-salut","tag-higiene-de-mans","tag-salut"],"post_mailing_queue_ids":[],"_links":{"self":[{"href":"https:\/\/serveiseducatius.xtec.cat\/riberadebre\/wp-json\/wp\/v2\/posts\/11037","targetHints":{"allow":["GET"]}}],"collection":[{"href":"https:\/\/serveiseducatius.xtec.cat\/riberadebre\/wp-json\/wp\/v2\/posts"}],"about":[{"href":"https:\/\/serveiseducatius.xtec.cat\/riberadebre\/wp-json\/wp\/v2\/types\/post"}],"author":[{"embeddable":true,"href":"https:\/\/serveiseducatius.xtec.cat\/riberadebre\/wp-json\/wp\/v2\/users\/9"}],"replies":[{"embeddable":true,"href":"https:\/\/serveiseducatius.xtec.cat\/riberadebre\/wp-json\/wp\/v2\/comments?post=11037"}],"version-history":[{"count":2,"href":"https:\/\/serveiseducatius.xtec.cat\/riberadebre\/wp-json\/wp\/v2\/posts\/11037\/revisions"}],"predecessor-version":[{"id":11050,"href":"https:\/\/serveiseducatius.xtec.cat\/riberadebre\/wp-json\/wp\/v2\/posts\/11037\/revisions\/11050"}],"wp:featuredmedia":[{"embeddable":true,"href":"https:\/\/serveiseducatius.xtec.cat\/riberadebre\/wp-json\/wp\/v2\/media\/11038"}],"wp:attachment":[{"href":"https:\/\/serveiseducatius.xtec.cat\/riberadebre\/wp-json\/wp\/v2\/media?parent=11037"}],"wp:term":[{"taxonomy":"category","embeddable":true,"href":"https:\/\/serveiseducatius.xtec.cat\/riberadebre\/wp-json\/wp\/v2\/categories?post=11037"},{"taxonomy":"post_tag","embeddable":true,"href":"https:\/\/serveiseducatius.xtec.cat\/riberadebre\/wp-json\/wp\/v2\/tags?post=11037"}],"curies":[{"name":"wp","href":"https:\/\/api.w.org\/{rel}","templated":true}]}}