{"id":10606,"date":"2019-10-07T08:47:48","date_gmt":"2019-10-07T06:47:48","guid":{"rendered":"http:\/\/serveiseducatius.xtec.cat\/riberadebre\/?p=10606"},"modified":"2019-10-07T08:47:48","modified_gmt":"2019-10-07T06:47:48","slug":"activitats-de-formacio-programa-escacs-a-lescola","status":"publish","type":"post","link":"https:\/\/serveiseducatius.xtec.cat\/riberadebre\/general\/activitats-de-formacio-programa-escacs-a-lescola\/","title":{"rendered":"ACTIVITATS DE FORMACI\u00d3 PROGRAMA &#8220;ESCACS A L&#8217;ESCOLA&#8221;"},"content":{"rendered":"<div>Activitats del programa <a href=\"http:\/\/xtec.gencat.cat\/ca\/projectes\/escacsescola\/\" target=\"_blank\" rel=\"noopener noreferrer\">ESCACS A L&#8217;ESCOLA<\/a> organitzades al nostre territori. Els interessats en realitzar-les s&#8217;han de posar en contacte amb el CRP corresponent.<\/div>\n<div><\/div>\n<div>\n<div>\n<div class=\"gmail_default\"><\/div>\n<\/div>\n<div>\n<div dir=\"ltr\">\n<div dir=\"ltr\">\n<div dir=\"ltr\">\n<div dir=\"ltr\">\n<div dir=\"ltr\">\n<div dir=\"ltr\">\n<div dir=\"ltr\">\n<div dir=\"ltr\">\n<div dir=\"ltr\">\n<div dir=\"ltr\">\n<div dir=\"ltr\">\n<div dir=\"ltr\">\n<ol>\n<li><span style=\"font-size: small;\"><a href=\"https:\/\/aplicacions.gestioeducativa.gencat.cat\/pls\/soloas\/pk_for_mod_ins.p_for_detall_activitat?p_codi=8000070509&amp;p_curs=2019-2020&amp;p_es_inscr=S\" target=\"_blank\" rel=\"noopener noreferrer\" data-saferedirecturl=\"https:\/\/www.google.com\/url?q=https:\/\/aplicacions.gestioeducativa.gencat.cat\/pls\/soloas\/pk_for_mod_ins.p_for_detall_activitat?p_codi%3D8000070509%26p_curs%3D2019-2020%26p_es_inscr%3DS&amp;source=gmail&amp;ust=1570515630397000&amp;usg=AFQjCNFJB5QLbDsM2Ny1SMB7SkY8G_wIUQ\">8000070509 &#8211;\u00a0<\/a><b><a href=\"https:\/\/aplicacions.gestioeducativa.gencat.cat\/pls\/soloas\/pk_for_mod_ins.p_for_detall_activitat?p_codi=8000070509&amp;p_curs=2019-2020&amp;p_es_inscr=S\" target=\"_blank\" rel=\"noopener noreferrer\" data-saferedirecturl=\"https:\/\/www.google.com\/url?q=https:\/\/aplicacions.gestioeducativa.gencat.cat\/pls\/soloas\/pk_for_mod_ins.p_for_detall_activitat?p_codi%3D8000070509%26p_curs%3D2019-2020%26p_es_inscr%3DS&amp;source=gmail&amp;ust=1570515630397000&amp;usg=AFQjCNFJB5QLbDsM2Ny1SMB7SkY8G_wIUQ\">Escacs a l&#8217;escola 1<\/a>:\u00a0<\/b>dirigit als docents i els centres educatius que volen comen\u00e7ar a introduir els escacs ja sigui com a un recurs d&#8217;aula o com activitat extraescolar.\u00a0Curs semipresencial. CRP Baix Ebre (Tortosa). Del divendres 17\/01\/2020 al 30\/06\/2020 de 17:30h a 19:30h<\/span><\/li>\n<li><span style=\"font-size: small;\"><a href=\"https:\/\/aplicacions.gestioeducativa.gencat.cat\/pls\/soloas\/pk_for_mod_ins.p_for_detall_activitat?p_codi=8000080509&amp;p_curs=2019-2020&amp;p_es_inscr=S\" target=\"_blank\" rel=\"noopener noreferrer\" data-saferedirecturl=\"https:\/\/www.google.com\/url?q=https:\/\/aplicacions.gestioeducativa.gencat.cat\/pls\/soloas\/pk_for_mod_ins.p_for_detall_activitat?p_codi%3D8000080509%26p_curs%3D2019-2020%26p_es_inscr%3DS&amp;source=gmail&amp;ust=1570515630397000&amp;usg=AFQjCNEiXD6vsFEFx6_ZRdQDGgMGJpwvsw\">8000080509 &#8211;\u00a0<\/a><b><a href=\"https:\/\/aplicacions.gestioeducativa.gencat.cat\/pls\/soloas\/pk_for_mod_ins.p_for_detall_activitat?p_codi=8000080509&amp;p_curs=2019-2020&amp;p_es_inscr=S\" target=\"_blank\" rel=\"noopener noreferrer\" data-saferedirecturl=\"https:\/\/www.google.com\/url?q=https:\/\/aplicacions.gestioeducativa.gencat.cat\/pls\/soloas\/pk_for_mod_ins.p_for_detall_activitat?p_codi%3D8000080509%26p_curs%3D2019-2020%26p_es_inscr%3DS&amp;source=gmail&amp;ust=1570515630397000&amp;usg=AFQjCNEiXD6vsFEFx6_ZRdQDGgMGJpwvsw\">Escacs a l&#8217;escola 2<\/a>:\u00a0<\/b>\u00a0dirigit als docents i els centres educatius que han realitzat en anys anteriors la formaci\u00f3 de nivell 1. Curs semipresencial. CRP Montsi\u00e0 (Amposta). Del dijous 17\/10\/2019 al 06\/02\/2020 de 17:30h a 19:30h<\/span><\/li>\n<li><span style=\"font-size: small;\"><a href=\"https:\/\/aplicacions.gestioeducativa.gencat.cat\/pls\/soloas\/pk_for_mod_ins.p_for_detall_activitat?p_codi=8000090509&amp;p_curs=2019-2020&amp;p_es_inscr=S\" target=\"_blank\" rel=\"noopener noreferrer\" data-saferedirecturl=\"https:\/\/www.google.com\/url?q=https:\/\/aplicacions.gestioeducativa.gencat.cat\/pls\/soloas\/pk_for_mod_ins.p_for_detall_activitat?p_codi%3D8000090509%26p_curs%3D2019-2020%26p_es_inscr%3DS&amp;source=gmail&amp;ust=1570515630397000&amp;usg=AFQjCNH9JNjBtkF3Z8xZAiSpf_ub37unnw\">8000090509 &#8211;\u00a0<\/a><b><a href=\"https:\/\/aplicacions.gestioeducativa.gencat.cat\/pls\/soloas\/pk_for_mod_ins.p_for_detall_activitat?p_codi=8000090509&amp;p_curs=2019-2020&amp;p_es_inscr=S\" target=\"_blank\" rel=\"noopener noreferrer\" data-saferedirecturl=\"https:\/\/www.google.com\/url?q=https:\/\/aplicacions.gestioeducativa.gencat.cat\/pls\/soloas\/pk_for_mod_ins.p_for_detall_activitat?p_codi%3D8000090509%26p_curs%3D2019-2020%26p_es_inscr%3DS&amp;source=gmail&amp;ust=1570515630397000&amp;usg=AFQjCNH9JNjBtkF3Z8xZAiSpf_ub37unnw\">Escacs a l&#8217;escola 3<\/a>:\u00a0\u00a0<\/b>dirigit als docents i els centres educatius que han realitzat en anys anteriors la formaci\u00f3 de nivell 2. Curs semipresencial. ESC Mestre Marcel\u00b7l\u00ed Domingo (Roquetes). Del dilluns 18\/11\/2019 al 17\/02\/2020 de 17:30h a 19:30h<\/span><\/li>\n<\/ol>\n<div><span style=\"font-size: small;\">\u00a0<\/span><\/div>\n<\/div>\n<div>Aquest curs escolar est\u00e0 previst tornar a organitzar una jornada pedag\u00f2gica al voltant dels escacs a l&#8217;educaci\u00f3, tal i com es va fer el <a href=\"https:\/\/serveiseducatius.xtec.cat\/riberadebre\/general\/i-jornada-escacs-i-educacio-a-les-terres-de-lebre\/\" target=\"_blank\" rel=\"noopener noreferrer\">curs passat 18-19<\/a>.<\/div>\n<\/div>\n<\/div>\n<\/div>\n<\/div>\n<\/div>\n<\/div>\n<\/div>\n<\/div>\n<\/div>\n<\/div>\n<\/div>\n<\/div>\n<\/div>\n","protected":false},"excerpt":{"rendered":"<p>Activitats del programa ESCACS A L&#8217;ESCOLA organitzades al nostre territori. Els interessats en realitzar-les s&#8217;han de posar en contacte amb el CRP corresponent. 8000070509 &#8211;\u00a0Escacs a l&#8217;escola 1:\u00a0dirigit als docents i els centres educatius que volen comen\u00e7ar a introduir els escacs ja sigui com a un recurs d&#8217;aula o com activitat extraescolar.\u00a0Curs semipresencial. CRP Baix [&hellip;]<\/p>\n","protected":false},"author":9,"featured_media":10607,"comment_status":"open","ping_status":"closed","sticky":false,"template":"","format":"standard","meta":{"_bbp_topic_count":0,"_bbp_reply_count":0,"_bbp_total_topic_count":0,"_bbp_total_reply_count":0,"_bbp_voice_count":0,"_bbp_anonymous_reply_count":0,"_bbp_topic_count_hidden":0,"_bbp_reply_count_hidden":0,"_bbp_forum_subforum_count":0,"site-sidebar-layout":"default","site-content-layout":"","ast-site-content-layout":"","site-content-style":"default","site-sidebar-style":"default","ast-global-header-display":"","ast-banner-title-visibility":"","ast-main-header-display":"","ast-hfb-above-header-display":"","ast-hfb-below-header-display":"","ast-hfb-mobile-header-display":"","site-post-title":"","ast-breadcrumbs-content":"","ast-featured-img":"","footer-sml-layout":"","theme-transparent-header-meta":"","adv-header-id-meta":"","stick-header-meta":"","header-above-stick-meta":"","header-main-stick-meta":"","header-below-stick-meta":"","astra-migrate-meta-layouts":"default","ast-page-background-enabled":"default","ast-page-background-meta":{"desktop":{"background-color":"var(--ast-global-color-4)","background-image":"","background-repeat":"repeat","background-position":"center center","background-size":"auto","background-attachment":"scroll","background-type":"","background-media":"","overlay-type":"","overlay-color":"","overlay-opacity":"","overlay-gradient":""},"tablet":{"background-color":"","background-image":"","background-repeat":"repeat","background-position":"center center","background-size":"auto","background-attachment":"scroll","background-type":"","background-media":"","overlay-type":"","overlay-color":"","overlay-opacity":"","overlay-gradient":""},"mobile":{"background-color":"","background-image":"","background-repeat":"repeat","background-position":"center center","background-size":"auto","background-attachment":"scroll","background-type":"","background-media":"","overlay-type":"","overlay-color":"","overlay-opacity":"","overlay-gradient":""}},"ast-content-background-meta":{"desktop":{"background-color":"var(--ast-global-color-5)","background-image":"","background-repeat":"repeat","background-position":"center center","background-size":"auto","background-attachment":"scroll","background-type":"","background-media":"","overlay-type":"","overlay-color":"","overlay-opacity":"","overlay-gradient":""},"tablet":{"background-color":"var(--ast-global-color-5)","background-image":"","background-repeat":"repeat","background-position":"center center","background-size":"auto","background-attachment":"scroll","background-type":"","background-media":"","overlay-type":"","overlay-color":"","overlay-opacity":"","overlay-gradient":""},"mobile":{"background-color":"var(--ast-global-color-5)","background-image":"","background-repeat":"repeat","background-position":"center center","background-size":"auto","background-attachment":"scroll","background-type":"","background-media":"","overlay-type":"","overlay-color":"","overlay-opacity":"","overlay-gradient":""}},"footnotes":""},"categories":[65,308,154,1,310,153,29],"tags":[],"class_list":["post-10606","post","type-post","status-publish","format-standard","has-post-thumbnail","hentry","category-crp","category-escoles","category-formacio","category-general","category-institut","category-pfz","category-portada"],"post_mailing_queue_ids":[],"_links":{"self":[{"href":"https:\/\/serveiseducatius.xtec.cat\/riberadebre\/wp-json\/wp\/v2\/posts\/10606","targetHints":{"allow":["GET"]}}],"collection":[{"href":"https:\/\/serveiseducatius.xtec.cat\/riberadebre\/wp-json\/wp\/v2\/posts"}],"about":[{"href":"https:\/\/serveiseducatius.xtec.cat\/riberadebre\/wp-json\/wp\/v2\/types\/post"}],"author":[{"embeddable":true,"href":"https:\/\/serveiseducatius.xtec.cat\/riberadebre\/wp-json\/wp\/v2\/users\/9"}],"replies":[{"embeddable":true,"href":"https:\/\/serveiseducatius.xtec.cat\/riberadebre\/wp-json\/wp\/v2\/comments?post=10606"}],"version-history":[{"count":1,"href":"https:\/\/serveiseducatius.xtec.cat\/riberadebre\/wp-json\/wp\/v2\/posts\/10606\/revisions"}],"predecessor-version":[{"id":10608,"href":"https:\/\/serveiseducatius.xtec.cat\/riberadebre\/wp-json\/wp\/v2\/posts\/10606\/revisions\/10608"}],"wp:featuredmedia":[{"embeddable":true,"href":"https:\/\/serveiseducatius.xtec.cat\/riberadebre\/wp-json\/wp\/v2\/media\/10607"}],"wp:attachment":[{"href":"https:\/\/serveiseducatius.xtec.cat\/riberadebre\/wp-json\/wp\/v2\/media?parent=10606"}],"wp:term":[{"taxonomy":"category","embeddable":true,"href":"https:\/\/serveiseducatius.xtec.cat\/riberadebre\/wp-json\/wp\/v2\/categories?post=10606"},{"taxonomy":"post_tag","embeddable":true,"href":"https:\/\/serveiseducatius.xtec.cat\/riberadebre\/wp-json\/wp\/v2\/tags?post=10606"}],"curies":[{"name":"wp","href":"https:\/\/api.w.org\/{rel}","templated":true}]}}