{"id":10583,"date":"2019-10-28T09:45:17","date_gmt":"2019-10-28T08:45:17","guid":{"rendered":"http:\/\/serveiseducatius.xtec.cat\/riberadebre\/?p=10583"},"modified":"2019-10-28T09:45:17","modified_gmt":"2019-10-28T08:45:17","slug":"jornades-apropat-2019","status":"publish","type":"post","link":"https:\/\/serveiseducatius.xtec.cat\/riberadebre\/general\/jornades-apropat-2019\/","title":{"rendered":"JORNADES aproPA&#8217;T 2019"},"content":{"rendered":"<p>Jornades <a href=\"http:\/\/www.jornadesapropat.cat\/\" target=\"_blank\" rel=\"noopener noreferrer\"><strong>APROPA&#8217;T 2019<\/strong><\/a>, a Amposta (23 de novembre 2019 i al Vendrell (16 de novembre de 2019).<\/p>\n<p>Les jornades aproPA\u2019T\u00a0s\u00f3n un punt de trobada entre docents, professionals dels museus i persones interessades per reflexionar i compartir experi\u00e8ncies educatives patrimonials.La tem\u00e0tica de l&#8217;edici\u00f3 d&#8217;enguany \u00e9s el paper dels museus en la <strong>transformaci\u00f3 educativa<\/strong>.<\/p>\n<p>INSCRIPCIONS:<\/p>\n<ul>\n<li>Inscripcions\u00a0 <a href=\"https:\/\/aplicacions.gestioeducativa.gencat.cat\/pls\/soloas\/pk_for_mod_ins.p_for_detall_activitat?p_codi=8060221806&amp;p_curs=2019-2020&amp;p_es_inscr=S\" target=\"_blank\" rel=\"noopener noreferrer\"><strong>AMPOSTA<\/strong><\/a> (Museu de les Terres de l&#8217;Ebre)<\/li>\n<li>Inscripcions <a href=\"https:\/\/aplicacions.gestioeducativa.gencat.cat\/pls\/soloas\/pk_for_mod_ins.p_for_pre_cons_activitats?p_any=2019-2020&amp;p_codi=7091401709\" target=\"_blank\" rel=\"noopener noreferrer\"><strong>EL VENDRELL<\/strong><\/a> (Museu Pau Casals)<\/li>\n<\/ul>\n<p><em><strong>*IMPORTANT!<\/strong><\/em>: Els docents que feu la inscripci\u00f3 a trav\u00e9s del CRP, un cop estigueu inscrits, us arribar\u00e0 un formulari per triar els grups de treball. Des de l\u2019organitzaci\u00f3 s\u2019assignar\u00e0 un grup tenint en compte les prefer\u00e8ncies, per tal de treballar amb grups equilibrats.<\/p>\n<p><a href=\"https:\/\/serveiseducatius.xtec.cat\/riberadebre\/wp-content\/uploads\/usu1126\/2019\/10\/unnamed.jpg\"><img loading=\"lazy\" decoding=\"async\" class=\"alignnone size-full wp-image-10584\" src=\"https:\/\/serveiseducatius.xtec.cat\/riberadebre\/wp-content\/uploads\/usu1126\/2019\/10\/unnamed.jpg\" alt=\"\" width=\"235\" height=\"70\" \/><\/a><\/p>\n<p><a href=\"https:\/\/serveiseducatius.xtec.cat\/riberadebre\/wp-content\/uploads\/usu1126\/2019\/10\/baixa.jpg\"><img loading=\"lazy\" decoding=\"async\" class=\"alignnone size-full wp-image-10585\" src=\"https:\/\/serveiseducatius.xtec.cat\/riberadebre\/wp-content\/uploads\/usu1126\/2019\/10\/baixa.jpg\" alt=\"\" width=\"202\" height=\"249\" \/><\/a> <a href=\"https:\/\/serveiseducatius.xtec.cat\/riberadebre\/wp-content\/uploads\/usu1126\/2019\/10\/banner6-33t0qiscjelphzf50b0i6efxsp3q28h0zf9ftc6u09dgaxkfc.jpg\"><img loading=\"lazy\" decoding=\"async\" class=\"alignnone size-large wp-image-10586\" src=\"https:\/\/serveiseducatius.xtec.cat\/riberadebre\/wp-content\/uploads\/usu1126\/2019\/10\/banner6-33t0qiscjelphzf50b0i6efxsp3q28h0zf9ftc6u09dgaxkfc.jpg\" alt=\"\" width=\"736\" height=\"196\" srcset=\"https:\/\/serveiseducatius.xtec.cat\/riberadebre\/wp-content\/uploads\/usu1126\/2019\/10\/banner6-33t0qiscjelphzf50b0i6efxsp3q28h0zf9ftc6u09dgaxkfc.jpg 736w, https:\/\/serveiseducatius.xtec.cat\/riberadebre\/wp-content\/uploads\/usu1126\/2019\/10\/banner6-33t0qiscjelphzf50b0i6efxsp3q28h0zf9ftc6u09dgaxkfc-300x80.jpg 300w\" sizes=\"auto, (max-width: 736px) 100vw, 736px\" \/><\/a><\/p>\n","protected":false},"excerpt":{"rendered":"<p>Jornades APROPA&#8217;T 2019, a Amposta (23 de novembre 2019 i al Vendrell (16 de novembre de 2019). Les jornades aproPA\u2019T\u00a0s\u00f3n un punt de trobada entre docents, professionals dels museus i persones interessades per reflexionar i compartir experi\u00e8ncies educatives patrimonials.La tem\u00e0tica de l&#8217;edici\u00f3 d&#8217;enguany \u00e9s el paper dels museus en la transformaci\u00f3 educativa. INSCRIPCIONS: Inscripcions\u00a0 AMPOSTA [&hellip;]<\/p>\n","protected":false},"author":9,"featured_media":10586,"comment_status":"open","ping_status":"closed","sticky":false,"template":"","format":"standard","meta":{"_bbp_topic_count":0,"_bbp_reply_count":0,"_bbp_total_topic_count":0,"_bbp_total_reply_count":0,"_bbp_voice_count":0,"_bbp_anonymous_reply_count":0,"_bbp_topic_count_hidden":0,"_bbp_reply_count_hidden":0,"_bbp_forum_subforum_count":0,"site-sidebar-layout":"default","site-content-layout":"","ast-site-content-layout":"","site-content-style":"default","site-sidebar-style":"default","ast-global-header-display":"","ast-banner-title-visibility":"","ast-main-header-display":"","ast-hfb-above-header-display":"","ast-hfb-below-header-display":"","ast-hfb-mobile-header-display":"","site-post-title":"","ast-breadcrumbs-content":"","ast-featured-img":"","footer-sml-layout":"","theme-transparent-header-meta":"","adv-header-id-meta":"","stick-header-meta":"","header-above-stick-meta":"","header-main-stick-meta":"","header-below-stick-meta":"","astra-migrate-meta-layouts":"default","ast-page-background-enabled":"default","ast-page-background-meta":{"desktop":{"background-color":"var(--ast-global-color-4)","background-image":"","background-repeat":"repeat","background-position":"center center","background-size":"auto","background-attachment":"scroll","background-type":"","background-media":"","overlay-type":"","overlay-color":"","overlay-opacity":"","overlay-gradient":""},"tablet":{"background-color":"","background-image":"","background-repeat":"repeat","background-position":"center center","background-size":"auto","background-attachment":"scroll","background-type":"","background-media":"","overlay-type":"","overlay-color":"","overlay-opacity":"","overlay-gradient":""},"mobile":{"background-color":"","background-image":"","background-repeat":"repeat","background-position":"center center","background-size":"auto","background-attachment":"scroll","background-type":"","background-media":"","overlay-type":"","overlay-color":"","overlay-opacity":"","overlay-gradient":""}},"ast-content-background-meta":{"desktop":{"background-color":"var(--ast-global-color-5)","background-image":"","background-repeat":"repeat","background-position":"center center","background-size":"auto","background-attachment":"scroll","background-type":"","background-media":"","overlay-type":"","overlay-color":"","overlay-opacity":"","overlay-gradient":""},"tablet":{"background-color":"var(--ast-global-color-5)","background-image":"","background-repeat":"repeat","background-position":"center center","background-size":"auto","background-attachment":"scroll","background-type":"","background-media":"","overlay-type":"","overlay-color":"","overlay-opacity":"","overlay-gradient":""},"mobile":{"background-color":"var(--ast-global-color-5)","background-image":"","background-repeat":"repeat","background-position":"center center","background-size":"auto","background-attachment":"scroll","background-type":"","background-media":"","overlay-type":"","overlay-color":"","overlay-opacity":"","overlay-gradient":""}},"footnotes":""},"categories":[321,64,65,308,1,310,504,29],"tags":[520,519,379],"class_list":["post-10583","post","type-post","status-publish","format-standard","has-post-thumbnail","hentry","category-castell-de-miravet","category-comunitat","category-crp","category-escoles","category-general","category-institut","category-jornades","category-portada","tag-jornada","tag-jornada-apropat","tag-jornada-pedagogica"],"post_mailing_queue_ids":[],"_links":{"self":[{"href":"https:\/\/serveiseducatius.xtec.cat\/riberadebre\/wp-json\/wp\/v2\/posts\/10583","targetHints":{"allow":["GET"]}}],"collection":[{"href":"https:\/\/serveiseducatius.xtec.cat\/riberadebre\/wp-json\/wp\/v2\/posts"}],"about":[{"href":"https:\/\/serveiseducatius.xtec.cat\/riberadebre\/wp-json\/wp\/v2\/types\/post"}],"author":[{"embeddable":true,"href":"https:\/\/serveiseducatius.xtec.cat\/riberadebre\/wp-json\/wp\/v2\/users\/9"}],"replies":[{"embeddable":true,"href":"https:\/\/serveiseducatius.xtec.cat\/riberadebre\/wp-json\/wp\/v2\/comments?post=10583"}],"version-history":[{"count":2,"href":"https:\/\/serveiseducatius.xtec.cat\/riberadebre\/wp-json\/wp\/v2\/posts\/10583\/revisions"}],"predecessor-version":[{"id":10588,"href":"https:\/\/serveiseducatius.xtec.cat\/riberadebre\/wp-json\/wp\/v2\/posts\/10583\/revisions\/10588"}],"wp:featuredmedia":[{"embeddable":true,"href":"https:\/\/serveiseducatius.xtec.cat\/riberadebre\/wp-json\/wp\/v2\/media\/10586"}],"wp:attachment":[{"href":"https:\/\/serveiseducatius.xtec.cat\/riberadebre\/wp-json\/wp\/v2\/media?parent=10583"}],"wp:term":[{"taxonomy":"category","embeddable":true,"href":"https:\/\/serveiseducatius.xtec.cat\/riberadebre\/wp-json\/wp\/v2\/categories?post=10583"},{"taxonomy":"post_tag","embeddable":true,"href":"https:\/\/serveiseducatius.xtec.cat\/riberadebre\/wp-json\/wp\/v2\/tags?post=10583"}],"curies":[{"name":"wp","href":"https:\/\/api.w.org\/{rel}","templated":true}]}}