{"id":10419,"date":"2019-06-25T10:18:35","date_gmt":"2019-06-25T08:18:35","guid":{"rendered":"http:\/\/serveiseducatius.xtec.cat\/riberadebre\/?p=10419"},"modified":"2019-06-26T11:44:51","modified_gmt":"2019-06-26T09:44:51","slug":"robocat-2020","status":"publish","type":"post","link":"https:\/\/serveiseducatius.xtec.cat\/riberadebre\/portada\/robocat-2020\/","title":{"rendered":"ROBOCAT 2020"},"content":{"rendered":"<p style=\"font-weight: 400;\">L&#8217;Associaci\u00f3 <a href=\"http:\/\/www.elracodelsrobotaires.cat\/\" target=\"_blank\" rel=\"noopener noreferrer\"><strong>El Rac\u00f3 dels Robotaires<\/strong><\/a> convida a participar en la <strong>5a\u00a0edici\u00f3 de la\u00a0<a href=\"http:\/\/robocat.cat\/\" target=\"_blank\" rel=\"noopener noreferrer\">RoboCAT<\/a><\/strong>,\u00a0<strong>El Campionat de Rob\u00f2tica de Catalunya, ambientat en els BASTAIXOS.\u00a0<\/strong><\/p>\n<p>Els\u00a0<strong>tornejos locals<\/strong>\u00a0de la\u00a0RoboCAT\u00a02020 es celebraran durant els\u00a0<strong>mesos d&#8217;abril i maig de 2020<\/strong>. Es publicaran les dates i seus a la p\u00e0gina web del campionat. La <strong>Gran Final\u00a0<\/strong>de la\u00a0RoboCAT\u00a02020\u00a0es celebrar\u00e0 el\u00a0<strong>dissabte 16 de maig de 2020<\/strong>\u00a0al mat\u00ed a l&#8217;Escola Els Estanys de Platja d&#8217;Aro.<\/p>\n<p>El per\u00edode d&#8217;inscripcions a la RoboCAT s&#8217;iniciar\u00e0 el <strong>dilluns 2 de setembre de 2019 a les 9 del mat\u00ed.<\/strong><\/p>\n<p style=\"font-weight: 400;\">Estan organitzats els cursos de preparaci\u00f3 \u00a0adre\u00e7ats a mestres, professors i educadors que vulguin participar a la RoboCAT 2020.<\/p>\n<p style=\"font-weight: 400;\">&#8211; Curs de preparaci\u00f3 de la Catalunya Central:\u00a0<strong>dimecres 25 de setembre de 2019<\/strong>\u00a0de 18 a 20 hores a la Universitat de Vic.<\/p>\n<p style=\"font-weight: 400;\">&#8211; Curs de preparaci\u00f3 de Barcelona:\u00a0<strong>dijous 26 de setembre de 2019<\/strong>\u00a0de 18 a 20 hores al Centre C\u00edvic del Convent de Sant Agust\u00ed.<\/p>\n<p style=\"font-weight: 400;\">&#8211; Curs de preparaci\u00f3 de Girona:\u00a0<strong>divendres 27 de setembre de 2019<\/strong>\u00a0de 18 a 20 hores a la sala d&#8217;actes del Centre C\u00edvic del Barri Vell-Mercadal.<\/p>\n<p style=\"font-weight: 400;\">Els cursos s\u00f3n impartits per\u00a0<a href=\"http:\/\/makeandlearn.cat\/\" data-saferedirecturl=\"https:\/\/www.google.com\/url?q=http:\/\/makeandlearn.cat\/&amp;source=gmail&amp;ust=1561534311705000&amp;usg=AFQjCNH5Qk_XcpPz4MJLj-JD3CESqdMllA\">Make and Learn<\/a>. L&#8217;entrada \u00e9s gratu\u00efta. Per participar en aquesta activitat cal inscriure&#8217;s pr\u00e8viament a trav\u00e9s del seg\u00fcent\u00a0<a href=\"https:\/\/forms.gle\/kLneqQv4rp7J5Xio8\" data-saferedirecturl=\"https:\/\/www.google.com\/url?q=https:\/\/forms.gle\/kLneqQv4rp7J5Xio8&amp;source=gmail&amp;ust=1561534311706000&amp;usg=AFQjCNGzT2hFtEcdfnGeroUgktA9PDHE4g\">formulari<\/a>\u00a0abans del\u00a0<strong>dia 13 de setembre<\/strong>. Les places s\u00f3n limitades.<\/p>\n<p style=\"font-weight: 400;\"><a href=\"https:\/\/serveiseducatius.xtec.cat\/riberadebre\/wp-content\/uploads\/usu1126\/2019\/06\/logoRobotaires.png\"><img loading=\"lazy\" decoding=\"async\" class=\"alignnone wp-image-10420\" src=\"https:\/\/serveiseducatius.xtec.cat\/riberadebre\/wp-content\/uploads\/usu1126\/2019\/06\/logoRobotaires.png\" alt=\"\" width=\"276\" height=\"278\" srcset=\"https:\/\/serveiseducatius.xtec.cat\/riberadebre\/wp-content\/uploads\/usu1126\/2019\/06\/logoRobotaires.png 388w, https:\/\/serveiseducatius.xtec.cat\/riberadebre\/wp-content\/uploads\/usu1126\/2019\/06\/logoRobotaires-150x150.png 150w, https:\/\/serveiseducatius.xtec.cat\/riberadebre\/wp-content\/uploads\/usu1126\/2019\/06\/logoRobotaires-298x300.png 298w\" sizes=\"auto, (max-width: 276px) 100vw, 276px\" \/> <\/a><a href=\"https:\/\/serveiseducatius.xtec.cat\/riberadebre\/wp-content\/uploads\/usu1126\/2019\/06\/Robocat.png\"><img loading=\"lazy\" decoding=\"async\" class=\"alignnone size-full wp-image-10421\" src=\"https:\/\/serveiseducatius.xtec.cat\/riberadebre\/wp-content\/uploads\/usu1126\/2019\/06\/Robocat.png\" alt=\"\" width=\"690\" height=\"248\" srcset=\"https:\/\/serveiseducatius.xtec.cat\/riberadebre\/wp-content\/uploads\/usu1126\/2019\/06\/Robocat.png 690w, https:\/\/serveiseducatius.xtec.cat\/riberadebre\/wp-content\/uploads\/usu1126\/2019\/06\/Robocat-300x108.png 300w\" sizes=\"auto, (max-width: 690px) 100vw, 690px\" \/><\/a><\/p>\n","protected":false},"excerpt":{"rendered":"<p>L&#8217;Associaci\u00f3 El Rac\u00f3 dels Robotaires convida a participar en la 5a\u00a0edici\u00f3 de la\u00a0RoboCAT,\u00a0El Campionat de Rob\u00f2tica de Catalunya, ambientat en els BASTAIXOS.\u00a0 Els\u00a0tornejos locals\u00a0de la\u00a0RoboCAT\u00a02020 es celebraran durant els\u00a0mesos d&#8217;abril i maig de 2020. Es publicaran les dates i seus a la p\u00e0gina web del campionat. La Gran Final\u00a0de la\u00a0RoboCAT\u00a02020\u00a0es celebrar\u00e0 el\u00a0dissabte 16 de maig [&hellip;]<\/p>\n","protected":false},"author":9,"featured_media":10421,"comment_status":"open","ping_status":"closed","sticky":false,"template":"","format":"standard","meta":{"_bbp_topic_count":0,"_bbp_reply_count":0,"_bbp_total_topic_count":0,"_bbp_total_reply_count":0,"_bbp_voice_count":0,"_bbp_anonymous_reply_count":0,"_bbp_topic_count_hidden":0,"_bbp_reply_count_hidden":0,"_bbp_forum_subforum_count":0,"site-sidebar-layout":"default","site-content-layout":"","ast-site-content-layout":"","site-content-style":"default","site-sidebar-style":"default","ast-global-header-display":"","ast-banner-title-visibility":"","ast-main-header-display":"","ast-hfb-above-header-display":"","ast-hfb-below-header-display":"","ast-hfb-mobile-header-display":"","site-post-title":"","ast-breadcrumbs-content":"","ast-featured-img":"","footer-sml-layout":"","theme-transparent-header-meta":"","adv-header-id-meta":"","stick-header-meta":"","header-above-stick-meta":"","header-main-stick-meta":"","header-below-stick-meta":"","astra-migrate-meta-layouts":"default","ast-page-background-enabled":"default","ast-page-background-meta":{"desktop":{"background-color":"var(--ast-global-color-4)","background-image":"","background-repeat":"repeat","background-position":"center center","background-size":"auto","background-attachment":"scroll","background-type":"","background-media":"","overlay-type":"","overlay-color":"","overlay-opacity":"","overlay-gradient":""},"tablet":{"background-color":"","background-image":"","background-repeat":"repeat","background-position":"center center","background-size":"auto","background-attachment":"scroll","background-type":"","background-media":"","overlay-type":"","overlay-color":"","overlay-opacity":"","overlay-gradient":""},"mobile":{"background-color":"","background-image":"","background-repeat":"repeat","background-position":"center center","background-size":"auto","background-attachment":"scroll","background-type":"","background-media":"","overlay-type":"","overlay-color":"","overlay-opacity":"","overlay-gradient":""}},"ast-content-background-meta":{"desktop":{"background-color":"var(--ast-global-color-5)","background-image":"","background-repeat":"repeat","background-position":"center center","background-size":"auto","background-attachment":"scroll","background-type":"","background-media":"","overlay-type":"","overlay-color":"","overlay-opacity":"","overlay-gradient":""},"tablet":{"background-color":"var(--ast-global-color-5)","background-image":"","background-repeat":"repeat","background-position":"center center","background-size":"auto","background-attachment":"scroll","background-type":"","background-media":"","overlay-type":"","overlay-color":"","overlay-opacity":"","overlay-gradient":""},"mobile":{"background-color":"var(--ast-global-color-5)","background-image":"","background-repeat":"repeat","background-position":"center center","background-size":"auto","background-attachment":"scroll","background-type":"","background-media":"","overlay-type":"","overlay-color":"","overlay-opacity":"","overlay-gradient":""}},"footnotes":""},"categories":[328,65,251,310,235,29,464],"tags":[463,109],"class_list":["post-10419","post","type-post","status-publish","format-standard","has-post-thumbnail","hentry","category-concurs","category-crp","category-dinamica-educativa","category-institut","category-formacio_ins","category-portada","category-robotica","tag-robocat","tag-robotica"],"post_mailing_queue_ids":[],"_links":{"self":[{"href":"https:\/\/serveiseducatius.xtec.cat\/riberadebre\/wp-json\/wp\/v2\/posts\/10419","targetHints":{"allow":["GET"]}}],"collection":[{"href":"https:\/\/serveiseducatius.xtec.cat\/riberadebre\/wp-json\/wp\/v2\/posts"}],"about":[{"href":"https:\/\/serveiseducatius.xtec.cat\/riberadebre\/wp-json\/wp\/v2\/types\/post"}],"author":[{"embeddable":true,"href":"https:\/\/serveiseducatius.xtec.cat\/riberadebre\/wp-json\/wp\/v2\/users\/9"}],"replies":[{"embeddable":true,"href":"https:\/\/serveiseducatius.xtec.cat\/riberadebre\/wp-json\/wp\/v2\/comments?post=10419"}],"version-history":[{"count":2,"href":"https:\/\/serveiseducatius.xtec.cat\/riberadebre\/wp-json\/wp\/v2\/posts\/10419\/revisions"}],"predecessor-version":[{"id":10423,"href":"https:\/\/serveiseducatius.xtec.cat\/riberadebre\/wp-json\/wp\/v2\/posts\/10419\/revisions\/10423"}],"wp:featuredmedia":[{"embeddable":true,"href":"https:\/\/serveiseducatius.xtec.cat\/riberadebre\/wp-json\/wp\/v2\/media\/10421"}],"wp:attachment":[{"href":"https:\/\/serveiseducatius.xtec.cat\/riberadebre\/wp-json\/wp\/v2\/media?parent=10419"}],"wp:term":[{"taxonomy":"category","embeddable":true,"href":"https:\/\/serveiseducatius.xtec.cat\/riberadebre\/wp-json\/wp\/v2\/categories?post=10419"},{"taxonomy":"post_tag","embeddable":true,"href":"https:\/\/serveiseducatius.xtec.cat\/riberadebre\/wp-json\/wp\/v2\/tags?post=10419"}],"curies":[{"name":"wp","href":"https:\/\/api.w.org\/{rel}","templated":true}]}}