{"id":10279,"date":"2019-05-23T09:24:56","date_gmt":"2019-05-23T07:24:56","guid":{"rendered":"http:\/\/serveiseducatius.xtec.cat\/riberadebre\/?p=10279"},"modified":"2019-05-23T09:24:56","modified_gmt":"2019-05-23T07:24:56","slug":"iii-trobada-pedagogica-de-biblioteques-escolars-de-catalunya","status":"publish","type":"post","link":"https:\/\/serveiseducatius.xtec.cat\/riberadebre\/general\/iii-trobada-pedagogica-de-biblioteques-escolars-de-catalunya\/","title":{"rendered":"III TROBADA PEDAG\u00d2GICA DE BIBLIOTEQUES ESCOLARS DE CATALUNYA"},"content":{"rendered":"<p>Jornada de <a href=\"https:\/\/blocs.xtec.cat\/bibliotequesescolars\/\" target=\"_blank\" rel=\"noopener noreferrer\"><strong>BIBLIOTEQUES ESCOLARS<\/strong><\/a>\u00a0 que tindr\u00e0 lloc el proper 13 de juny de 2019\u00a0 (Casa del Mar, Barcelona).<\/p>\n<p>El lema de la trobada ser\u00e0 &#8220;La biblioteca: un motor per a la cohesi\u00f3 social i la inclusi\u00f3&#8221;.<\/p>\n<p>Enlla\u00e7 al <a href=\"https:\/\/drive.google.com\/file\/d\/1L8ra0KnxD2Pwy11OurMR29k85rRXme7V\/view\" target=\"_blank\" rel=\"noopener noreferrer\"><strong>PROGRAMA\u00a0<\/strong><\/a><\/p>\n<p>Enlla\u00e7 a la <a href=\"https:\/\/aplicacions.gestioeducativa.gencat.cat\/pls\/soloas\/pk_for_mod_ins.p_for_pre_cons_activitats?p_any=2018-2019&amp;p_codi=9000400555\" target=\"_blank\" rel=\"noopener noreferrer\"><strong>INSCRIPCI\u00d3<\/strong><\/a>, fins el 10 de juny<\/p>\n<p><a href=\"https:\/\/serveiseducatius.xtec.cat\/riberadebre\/wp-content\/uploads\/usu1126\/2019\/05\/0001-1.jpg\"><img loading=\"lazy\" decoding=\"async\" class=\"alignnone  wp-image-10280\" src=\"https:\/\/serveiseducatius.xtec.cat\/riberadebre\/wp-content\/uploads\/usu1126\/2019\/05\/0001-1-724x1024.jpg\" alt=\"\" width=\"364\" height=\"515\" srcset=\"https:\/\/serveiseducatius.xtec.cat\/riberadebre\/wp-content\/uploads\/usu1126\/2019\/05\/0001-1-724x1024.jpg 724w, https:\/\/serveiseducatius.xtec.cat\/riberadebre\/wp-content\/uploads\/usu1126\/2019\/05\/0001-1-212x300.jpg 212w, https:\/\/serveiseducatius.xtec.cat\/riberadebre\/wp-content\/uploads\/usu1126\/2019\/05\/0001-1-768x1086.jpg 768w\" sizes=\"auto, (max-width: 364px) 100vw, 364px\" \/> <\/a><a href=\"https:\/\/serveiseducatius.xtec.cat\/riberadebre\/wp-content\/uploads\/usu1126\/2019\/05\/0002-1.jpg\"><img loading=\"lazy\" decoding=\"async\" class=\"alignnone  wp-image-10281\" src=\"https:\/\/serveiseducatius.xtec.cat\/riberadebre\/wp-content\/uploads\/usu1126\/2019\/05\/0002-1-724x1024.jpg\" alt=\"\" width=\"441\" height=\"624\" srcset=\"https:\/\/serveiseducatius.xtec.cat\/riberadebre\/wp-content\/uploads\/usu1126\/2019\/05\/0002-1-724x1024.jpg 724w, https:\/\/serveiseducatius.xtec.cat\/riberadebre\/wp-content\/uploads\/usu1126\/2019\/05\/0002-1-212x300.jpg 212w, https:\/\/serveiseducatius.xtec.cat\/riberadebre\/wp-content\/uploads\/usu1126\/2019\/05\/0002-1-768x1086.jpg 768w\" sizes=\"auto, (max-width: 441px) 100vw, 441px\" \/><\/a><\/p>\n","protected":false},"excerpt":{"rendered":"<p>Jornada de BIBLIOTEQUES ESCOLARS\u00a0 que tindr\u00e0 lloc el proper 13 de juny de 2019\u00a0 (Casa del Mar, Barcelona). El lema de la trobada ser\u00e0 &#8220;La biblioteca: un motor per a la cohesi\u00f3 social i la inclusi\u00f3&#8221;. Enlla\u00e7 al PROGRAMA\u00a0 Enlla\u00e7 a la INSCRIPCI\u00d3, fins el 10 de juny<\/p>\n","protected":false},"author":9,"featured_media":10280,"comment_status":"open","ping_status":"closed","sticky":false,"template":"","format":"standard","meta":{"_bbp_topic_count":0,"_bbp_reply_count":0,"_bbp_total_topic_count":0,"_bbp_total_reply_count":0,"_bbp_voice_count":0,"_bbp_anonymous_reply_count":0,"_bbp_topic_count_hidden":0,"_bbp_reply_count_hidden":0,"_bbp_forum_subforum_count":0,"site-sidebar-layout":"default","site-content-layout":"","ast-site-content-layout":"","site-content-style":"default","site-sidebar-style":"default","ast-global-header-display":"","ast-banner-title-visibility":"","ast-main-header-display":"","ast-hfb-above-header-display":"","ast-hfb-below-header-display":"","ast-hfb-mobile-header-display":"","site-post-title":"","ast-breadcrumbs-content":"","ast-featured-img":"","footer-sml-layout":"","theme-transparent-header-meta":"","adv-header-id-meta":"","stick-header-meta":"","header-above-stick-meta":"","header-main-stick-meta":"","header-below-stick-meta":"","astra-migrate-meta-layouts":"default","ast-page-background-enabled":"default","ast-page-background-meta":{"desktop":{"background-color":"var(--ast-global-color-4)","background-image":"","background-repeat":"repeat","background-position":"center center","background-size":"auto","background-attachment":"scroll","background-type":"","background-media":"","overlay-type":"","overlay-color":"","overlay-opacity":"","overlay-gradient":""},"tablet":{"background-color":"","background-image":"","background-repeat":"repeat","background-position":"center center","background-size":"auto","background-attachment":"scroll","background-type":"","background-media":"","overlay-type":"","overlay-color":"","overlay-opacity":"","overlay-gradient":""},"mobile":{"background-color":"","background-image":"","background-repeat":"repeat","background-position":"center center","background-size":"auto","background-attachment":"scroll","background-type":"","background-media":"","overlay-type":"","overlay-color":"","overlay-opacity":"","overlay-gradient":""}},"ast-content-background-meta":{"desktop":{"background-color":"var(--ast-global-color-5)","background-image":"","background-repeat":"repeat","background-position":"center center","background-size":"auto","background-attachment":"scroll","background-type":"","background-media":"","overlay-type":"","overlay-color":"","overlay-opacity":"","overlay-gradient":""},"tablet":{"background-color":"var(--ast-global-color-5)","background-image":"","background-repeat":"repeat","background-position":"center center","background-size":"auto","background-attachment":"scroll","background-type":"","background-media":"","overlay-type":"","overlay-color":"","overlay-opacity":"","overlay-gradient":""},"mobile":{"background-color":"var(--ast-global-color-5)","background-image":"","background-repeat":"repeat","background-position":"center center","background-size":"auto","background-attachment":"scroll","background-type":"","background-media":"","overlay-type":"","overlay-color":"","overlay-opacity":"","overlay-gradient":""}},"footnotes":""},"categories":[81,338,65,66,308,1,310,29],"tags":[166,294,395],"class_list":["post-10279","post","type-post","status-publish","format-standard","has-post-thumbnail","hentry","category-biblioteca-escolar","category-escola-adults","category-crp","category-dinamitzacio","category-escoles","category-general","category-institut","category-portada","tag-biblioteca-escolar","tag-jornada-biblioteques","tag-jornades"],"post_mailing_queue_ids":[],"_links":{"self":[{"href":"https:\/\/serveiseducatius.xtec.cat\/riberadebre\/wp-json\/wp\/v2\/posts\/10279","targetHints":{"allow":["GET"]}}],"collection":[{"href":"https:\/\/serveiseducatius.xtec.cat\/riberadebre\/wp-json\/wp\/v2\/posts"}],"about":[{"href":"https:\/\/serveiseducatius.xtec.cat\/riberadebre\/wp-json\/wp\/v2\/types\/post"}],"author":[{"embeddable":true,"href":"https:\/\/serveiseducatius.xtec.cat\/riberadebre\/wp-json\/wp\/v2\/users\/9"}],"replies":[{"embeddable":true,"href":"https:\/\/serveiseducatius.xtec.cat\/riberadebre\/wp-json\/wp\/v2\/comments?post=10279"}],"version-history":[{"count":1,"href":"https:\/\/serveiseducatius.xtec.cat\/riberadebre\/wp-json\/wp\/v2\/posts\/10279\/revisions"}],"predecessor-version":[{"id":10282,"href":"https:\/\/serveiseducatius.xtec.cat\/riberadebre\/wp-json\/wp\/v2\/posts\/10279\/revisions\/10282"}],"wp:featuredmedia":[{"embeddable":true,"href":"https:\/\/serveiseducatius.xtec.cat\/riberadebre\/wp-json\/wp\/v2\/media\/10280"}],"wp:attachment":[{"href":"https:\/\/serveiseducatius.xtec.cat\/riberadebre\/wp-json\/wp\/v2\/media?parent=10279"}],"wp:term":[{"taxonomy":"category","embeddable":true,"href":"https:\/\/serveiseducatius.xtec.cat\/riberadebre\/wp-json\/wp\/v2\/categories?post=10279"},{"taxonomy":"post_tag","embeddable":true,"href":"https:\/\/serveiseducatius.xtec.cat\/riberadebre\/wp-json\/wp\/v2\/tags?post=10279"}],"curies":[{"name":"wp","href":"https:\/\/api.w.org\/{rel}","templated":true}]}}