{"id":9403,"date":"2026-03-04T15:45:52","date_gmt":"2026-03-04T14:45:52","guid":{"rendered":"https:\/\/serveiseducatius.xtec.cat\/priorat\/?p=9403"},"modified":"2026-03-04T15:46:05","modified_gmt":"2026-03-04T14:46:05","slug":"eines-per-a-la-gestio-democions-en-leducacio-infantil-2","status":"publish","type":"post","link":"https:\/\/serveiseducatius.xtec.cat\/priorat\/general\/eines-per-a-la-gestio-democions-en-leducacio-infantil-2\/","title":{"rendered":"Eines per a la gesti\u00f3 d&#8217;emocions en l&#8217;Educaci\u00f3 Infantil"},"content":{"rendered":"<p>&nbsp;<\/p>\n<p><img loading=\"lazy\" decoding=\"async\" class=\" wp-image-9396\" src=\"https:\/\/serveiseducatius.xtec.cat\/priorat\/wp-content\/uploads\/usu1129\/2026\/03\/Copia-de-IMG20260303174809-1024x695.jpg\" alt=\"\" width=\"230\" height=\"156\" srcset=\"https:\/\/serveiseducatius.xtec.cat\/priorat\/wp-content\/uploads\/usu1129\/2026\/03\/Copia-de-IMG20260303174809-1024x695.jpg 1024w, https:\/\/serveiseducatius.xtec.cat\/priorat\/wp-content\/uploads\/usu1129\/2026\/03\/Copia-de-IMG20260303174809-300x203.jpg 300w, https:\/\/serveiseducatius.xtec.cat\/priorat\/wp-content\/uploads\/usu1129\/2026\/03\/Copia-de-IMG20260303174809-768x521.jpg 768w, https:\/\/serveiseducatius.xtec.cat\/priorat\/wp-content\/uploads\/usu1129\/2026\/03\/Copia-de-IMG20260303174809-1536x1042.jpg 1536w, https:\/\/serveiseducatius.xtec.cat\/priorat\/wp-content\/uploads\/usu1129\/2026\/03\/Copia-de-IMG20260303174809-2048x1389.jpg 2048w\" sizes=\"auto, (max-width: 230px) 100vw, 230px\" \/><\/p>\n<p>La confer\u00e8ncia es va realitzar al CRP del Priorat, el passat dimarts 3 de mar\u00e7 a les 17:30 h. Va ser a c\u00e0rrec de la Merc\u00e8 Pena Laguna, qui ens va exposar amb exemples clarificadors, com les pr\u00e0ctiques restauratives transformen el conflicte en una oportunitat d\u2019aprenentatge. La Merc\u00e8 ens va acompanyar per les fases de la restauraci\u00f3, mitjan\u00e7ant les 4 preguntes restauratives, un cop superada la fase 0 (calma), substituint el \u201cdemana perd\u00f3\u201d per la reparaci\u00f3 del vincle. Destacant i posant atenci\u00f3 en l\u2019adult, qui pot regular si ell mateix est\u00e0 regulat.<br \/>\nFem menci\u00f3 del recordatori \u00a0final de la confer\u00e8ncia: Sou arquitectes de cervells. El vostre vigor i la vostra calma s\u00f3n les eines m\u00e9s potents de transformaci\u00f3 social&#8230;<\/p>\n","protected":false},"excerpt":{"rendered":"<p>&nbsp; La confer\u00e8ncia es va realitzar al CRP del Priorat, el passat dimarts 3 de mar\u00e7 a les 17:30 h. Va ser a c\u00e0rrec de la Merc\u00e8 Pena Laguna, qui ens va exposar amb exemples clarificadors, com les pr\u00e0ctiques restauratives transformen el conflicte en una oportunitat d\u2019aprenentatge. La Merc\u00e8 ens va acompanyar per les fases [&hellip;]<\/p>\n","protected":false},"author":1,"featured_media":9396,"comment_status":"open","ping_status":"open","sticky":false,"template":"","format":"standard","meta":{"_bbp_topic_count":0,"_bbp_reply_count":0,"_bbp_total_topic_count":0,"_bbp_total_reply_count":0,"_bbp_voice_count":0,"_bbp_anonymous_reply_count":0,"_bbp_topic_count_hidden":0,"_bbp_reply_count_hidden":0,"_bbp_forum_subforum_count":0,"site-sidebar-layout":"default","site-content-layout":"","ast-site-content-layout":"default","site-content-style":"default","site-sidebar-style":"default","ast-global-header-display":"","ast-banner-title-visibility":"","ast-main-header-display":"","ast-hfb-above-header-display":"","ast-hfb-below-header-display":"","ast-hfb-mobile-header-display":"","site-post-title":"","ast-breadcrumbs-content":"","ast-featured-img":"","footer-sml-layout":"","theme-transparent-header-meta":"default","adv-header-id-meta":"","stick-header-meta":"","header-above-stick-meta":"","header-main-stick-meta":"","header-below-stick-meta":"","astra-migrate-meta-layouts":"set","ast-page-background-enabled":"default","ast-page-background-meta":{"desktop":{"background-color":"var(--ast-global-color-4)","background-image":"","background-repeat":"repeat","background-position":"center center","background-size":"auto","background-attachment":"scroll","background-type":"","background-media":"","overlay-type":"","overlay-color":"","overlay-opacity":"","overlay-gradient":""},"tablet":{"background-color":"","background-image":"","background-repeat":"repeat","background-position":"center center","background-size":"auto","background-attachment":"scroll","background-type":"","background-media":"","overlay-type":"","overlay-color":"","overlay-opacity":"","overlay-gradient":""},"mobile":{"background-color":"","background-image":"","background-repeat":"repeat","background-position":"center center","background-size":"auto","background-attachment":"scroll","background-type":"","background-media":"","overlay-type":"","overlay-color":"","overlay-opacity":"","overlay-gradient":""}},"ast-content-background-meta":{"desktop":{"background-color":"var(--ast-global-color-5)","background-image":"","background-repeat":"repeat","background-position":"center center","background-size":"auto","background-attachment":"scroll","background-type":"","background-media":"","overlay-type":"","overlay-color":"","overlay-opacity":"","overlay-gradient":""},"tablet":{"background-color":"var(--ast-global-color-5)","background-image":"","background-repeat":"repeat","background-position":"center center","background-size":"auto","background-attachment":"scroll","background-type":"","background-media":"","overlay-type":"","overlay-color":"","overlay-opacity":"","overlay-gradient":""},"mobile":{"background-color":"var(--ast-global-color-5)","background-image":"","background-repeat":"repeat","background-position":"center center","background-size":"auto","background-attachment":"scroll","background-type":"","background-media":"","overlay-type":"","overlay-color":"","overlay-opacity":"","overlay-gradient":""}},"footnotes":""},"categories":[1,29],"tags":[],"class_list":["post-9403","post","type-post","status-publish","format-standard","has-post-thumbnail","hentry","category-general","category-portada"],"post_mailing_queue_ids":[],"_links":{"self":[{"href":"https:\/\/serveiseducatius.xtec.cat\/priorat\/wp-json\/wp\/v2\/posts\/9403","targetHints":{"allow":["GET"]}}],"collection":[{"href":"https:\/\/serveiseducatius.xtec.cat\/priorat\/wp-json\/wp\/v2\/posts"}],"about":[{"href":"https:\/\/serveiseducatius.xtec.cat\/priorat\/wp-json\/wp\/v2\/types\/post"}],"author":[{"embeddable":true,"href":"https:\/\/serveiseducatius.xtec.cat\/priorat\/wp-json\/wp\/v2\/users\/1"}],"replies":[{"embeddable":true,"href":"https:\/\/serveiseducatius.xtec.cat\/priorat\/wp-json\/wp\/v2\/comments?post=9403"}],"version-history":[{"count":1,"href":"https:\/\/serveiseducatius.xtec.cat\/priorat\/wp-json\/wp\/v2\/posts\/9403\/revisions"}],"predecessor-version":[{"id":9404,"href":"https:\/\/serveiseducatius.xtec.cat\/priorat\/wp-json\/wp\/v2\/posts\/9403\/revisions\/9404"}],"wp:featuredmedia":[{"embeddable":true,"href":"https:\/\/serveiseducatius.xtec.cat\/priorat\/wp-json\/wp\/v2\/media\/9396"}],"wp:attachment":[{"href":"https:\/\/serveiseducatius.xtec.cat\/priorat\/wp-json\/wp\/v2\/media?parent=9403"}],"wp:term":[{"taxonomy":"category","embeddable":true,"href":"https:\/\/serveiseducatius.xtec.cat\/priorat\/wp-json\/wp\/v2\/categories?post=9403"},{"taxonomy":"post_tag","embeddable":true,"href":"https:\/\/serveiseducatius.xtec.cat\/priorat\/wp-json\/wp\/v2\/tags?post=9403"}],"curies":[{"name":"wp","href":"https:\/\/api.w.org\/{rel}","templated":true}]}}