{"id":9330,"date":"2026-01-12T10:50:13","date_gmt":"2026-01-12T09:50:13","guid":{"rendered":"https:\/\/serveiseducatius.xtec.cat\/priorat\/?p=9330"},"modified":"2026-01-12T10:50:13","modified_gmt":"2026-01-12T09:50:13","slug":"el-teatre-un-recurs-per-promoure-la-cohesio-la-creativitat-i-lescola-activa-a-laula","status":"publish","type":"post","link":"https:\/\/serveiseducatius.xtec.cat\/priorat\/portada\/el-teatre-un-recurs-per-promoure-la-cohesio-la-creativitat-i-lescola-activa-a-laula\/","title":{"rendered":"El teatre: un recurs per promoure la cohesi\u00f3, la creativitat i l&#8217;escola activa a l&#8217;aula"},"content":{"rendered":"<p>&nbsp;<\/p>\n<p><img loading=\"lazy\" decoding=\"async\" class=\"alignnone  wp-image-9333\" src=\"https:\/\/serveiseducatius.xtec.cat\/priorat\/wp-content\/uploads\/usu1129\/2026\/01\/foto-teatre.jpg\" alt=\"\" width=\"390\" height=\"262\" srcset=\"https:\/\/serveiseducatius.xtec.cat\/priorat\/wp-content\/uploads\/usu1129\/2026\/01\/foto-teatre.jpg 720w, https:\/\/serveiseducatius.xtec.cat\/priorat\/wp-content\/uploads\/usu1129\/2026\/01\/foto-teatre-300x202.jpg 300w\" sizes=\"auto, (max-width: 390px) 100vw, 390px\" \/><\/p>\n<p>El dissabte dia 10 de gener es va dur a terme l&#8217;activitat de Teatre al Castell de Falset.<\/p>\n<p>Es van treballar els seg\u00fcents objectius:<\/p>\n<p>Dotar d&#8217;eines teatrals per treballar a l&#8217;aula les compet\u00e8ncies i continguts curriculars.<br \/>\nDescobrir les m\u00faltiples possibilitats d&#8217;aprenentatge a trav\u00e9s<br \/>\ndel teatre.<br \/>\nMostrar les claus per donar consignes teatrals clares que<br \/>\nserveixin a l&#8217;alumnat.<\/p>\n<p>I els seg\u00fcents continguts:<\/p>\n<p>*El teatre com a eina de creixement personal.<br \/>\n*Beneficis del treball teatral.<br \/>\n*Gesti\u00f3 del grup.<br \/>\n*Treball en equip. Escolta de grup.<br \/>\n*El cos en moviment. Jo, l&#8217;espai, l&#8217;altre i com ens relacionem.<br \/>\n*Creaci\u00f3 d&#8217;espais i situacions dram\u00e0tiques a partir del cos<br \/>\n*Utilitzaci\u00f3 de l&#8217;espai com espai dram\u00e0tic<br \/>\n*Dramat\u00fargies corals<br \/>\n*El text i l&#8217;oralitat. La veu.<br \/>\n*La posada en escena. De l&#8217;exercici a l&#8217;escena.<\/p>\n<p>La formadora va ser Neus P\u00e0mies.<\/p>\n","protected":false},"excerpt":{"rendered":"<p>&nbsp; El dissabte dia 10 de gener es va dur a terme l&#8217;activitat de Teatre al Castell de Falset. Es van treballar els seg\u00fcents objectius: Dotar d&#8217;eines teatrals per treballar a l&#8217;aula les compet\u00e8ncies i continguts curriculars. Descobrir les m\u00faltiples possibilitats d&#8217;aprenentatge a trav\u00e9s del teatre. Mostrar les claus per donar consignes teatrals clares que [&hellip;]<\/p>\n","protected":false},"author":1,"featured_media":9333,"comment_status":"open","ping_status":"open","sticky":false,"template":"","format":"standard","meta":{"_bbp_topic_count":0,"_bbp_reply_count":0,"_bbp_total_topic_count":0,"_bbp_total_reply_count":0,"_bbp_voice_count":0,"_bbp_anonymous_reply_count":0,"_bbp_topic_count_hidden":0,"_bbp_reply_count_hidden":0,"_bbp_forum_subforum_count":0,"site-sidebar-layout":"default","site-content-layout":"","ast-site-content-layout":"default","site-content-style":"default","site-sidebar-style":"default","ast-global-header-display":"","ast-banner-title-visibility":"","ast-main-header-display":"","ast-hfb-above-header-display":"","ast-hfb-below-header-display":"","ast-hfb-mobile-header-display":"","site-post-title":"","ast-breadcrumbs-content":"","ast-featured-img":"","footer-sml-layout":"","theme-transparent-header-meta":"default","adv-header-id-meta":"","stick-header-meta":"","header-above-stick-meta":"","header-main-stick-meta":"","header-below-stick-meta":"","astra-migrate-meta-layouts":"set","ast-page-background-enabled":"default","ast-page-background-meta":{"desktop":{"background-color":"var(--ast-global-color-4)","background-image":"","background-repeat":"repeat","background-position":"center center","background-size":"auto","background-attachment":"scroll","background-type":"","background-media":"","overlay-type":"","overlay-color":"","overlay-opacity":"","overlay-gradient":""},"tablet":{"background-color":"","background-image":"","background-repeat":"repeat","background-position":"center center","background-size":"auto","background-attachment":"scroll","background-type":"","background-media":"","overlay-type":"","overlay-color":"","overlay-opacity":"","overlay-gradient":""},"mobile":{"background-color":"","background-image":"","background-repeat":"repeat","background-position":"center center","background-size":"auto","background-attachment":"scroll","background-type":"","background-media":"","overlay-type":"","overlay-color":"","overlay-opacity":"","overlay-gradient":""}},"ast-content-background-meta":{"desktop":{"background-color":"var(--ast-global-color-5)","background-image":"","background-repeat":"repeat","background-position":"center center","background-size":"auto","background-attachment":"scroll","background-type":"","background-media":"","overlay-type":"","overlay-color":"","overlay-opacity":"","overlay-gradient":""},"tablet":{"background-color":"var(--ast-global-color-5)","background-image":"","background-repeat":"repeat","background-position":"center center","background-size":"auto","background-attachment":"scroll","background-type":"","background-media":"","overlay-type":"","overlay-color":"","overlay-opacity":"","overlay-gradient":""},"mobile":{"background-color":"var(--ast-global-color-5)","background-image":"","background-repeat":"repeat","background-position":"center center","background-size":"auto","background-attachment":"scroll","background-type":"","background-media":"","overlay-type":"","overlay-color":"","overlay-opacity":"","overlay-gradient":""}},"footnotes":""},"categories":[29],"tags":[],"class_list":["post-9330","post","type-post","status-publish","format-standard","has-post-thumbnail","hentry","category-portada"],"post_mailing_queue_ids":[],"_links":{"self":[{"href":"https:\/\/serveiseducatius.xtec.cat\/priorat\/wp-json\/wp\/v2\/posts\/9330","targetHints":{"allow":["GET"]}}],"collection":[{"href":"https:\/\/serveiseducatius.xtec.cat\/priorat\/wp-json\/wp\/v2\/posts"}],"about":[{"href":"https:\/\/serveiseducatius.xtec.cat\/priorat\/wp-json\/wp\/v2\/types\/post"}],"author":[{"embeddable":true,"href":"https:\/\/serveiseducatius.xtec.cat\/priorat\/wp-json\/wp\/v2\/users\/1"}],"replies":[{"embeddable":true,"href":"https:\/\/serveiseducatius.xtec.cat\/priorat\/wp-json\/wp\/v2\/comments?post=9330"}],"version-history":[{"count":1,"href":"https:\/\/serveiseducatius.xtec.cat\/priorat\/wp-json\/wp\/v2\/posts\/9330\/revisions"}],"predecessor-version":[{"id":9334,"href":"https:\/\/serveiseducatius.xtec.cat\/priorat\/wp-json\/wp\/v2\/posts\/9330\/revisions\/9334"}],"wp:featuredmedia":[{"embeddable":true,"href":"https:\/\/serveiseducatius.xtec.cat\/priorat\/wp-json\/wp\/v2\/media\/9333"}],"wp:attachment":[{"href":"https:\/\/serveiseducatius.xtec.cat\/priorat\/wp-json\/wp\/v2\/media?parent=9330"}],"wp:term":[{"taxonomy":"category","embeddable":true,"href":"https:\/\/serveiseducatius.xtec.cat\/priorat\/wp-json\/wp\/v2\/categories?post=9330"},{"taxonomy":"post_tag","embeddable":true,"href":"https:\/\/serveiseducatius.xtec.cat\/priorat\/wp-json\/wp\/v2\/tags?post=9330"}],"curies":[{"name":"wp","href":"https:\/\/api.w.org\/{rel}","templated":true}]}}